{"id":245612,"date":"2025-07-12T19:40:19","date_gmt":"2025-07-12T19:40:19","guid":{"rendered":"https:\/\/www.europesays.com\/fr\/245612\/"},"modified":"2025-07-12T19:40:19","modified_gmt":"2025-07-12T19:40:19","slug":"pierre-emerick-aubameyang-tout-proche-dun-retour-a-marseille","status":"publish","type":"post","link":"https:\/\/www.europesays.com\/fr\/245612\/","title":{"rendered":"Pierre-Emerick Aubameyang tout proche d&rsquo;un retour \u00e0 Marseille"},"content":{"rendered":"<p style=\"text-align: justify;\"><strong>TRANSFERTS \u2013 Selon <a href=\"https:\/\/www.footmercato.net\/a6050082820756889742-om-ca-saccelere-pour-pierre-emerick-aubameyang\" target=\"_blank\" rel=\"noopener\">Foot Mercato<\/a>, l\u2019Olympique de Marseille est proche d\u2019enregistrer le retour de Pierre-Emerick Aubameyang. <\/strong><\/p>\n<p style=\"text-align: justify;\">Alors que la reprise de la <strong>Ligue 1<\/strong> approche \u00e0 grands pas, l\u2019<strong>Olympique de Marseille<\/strong> est sur tous les fronts pour finaliser son effectif alors qu\u2019au moins quatre recrues suppl\u00e9mentaires sont attendues. <strong>Timothy<\/strong> <strong>Weah<\/strong> est tout proche d\u2019\u00eatre le nouveau lat\u00e9ral droit des <strong>Phoc\u00e9ens<\/strong> alors que <strong>Malick<\/strong> <strong>Fofana<\/strong> est pist\u00e9 pour le couloir gauche.<\/p>\n<p>Pierre-Emerick Aubameyang \u00e0 un pas de l\u2019OM<\/p>\n<p style=\"text-align: justify;\">Au poste d\u2019avant-centre, <strong>Matthis<\/strong> <strong>Abline<\/strong> est trop cher. Ainsi, l\u2019<strong>OM<\/strong> s\u2019est positionn\u00e9 depuis quelques jours sur son ancien joueur, <strong>Pierre-Emerick Aubameyang<\/strong>. Apr\u00e8s une saison tr\u00e8s convaincante en Arabie Saoudite, dans la lign\u00e9e de celle \u00e0 Marseille, l\u2019ancien joueur d\u2019arsenal et Chelsea est en train de mettre un terme \u00e0 son contrat avec le club d\u2019Al-Qadsiah.<\/p>\n<p style=\"text-align: justify;\"><strong>Pablo<\/strong> <strong>Longoria<\/strong> et <strong>Roberto De Zerbi<\/strong> ont valid\u00e9 son retour, mais le club olympien ne voulait pas faire de folie en termes de salaire. Autrement dit, <strong>Pierre-Emerick Aubameyang<\/strong> devait faire un bel effort sur l\u2019aspect financier pour faire son retour sur le Vieux Port. Et selon nos confr\u00e8res, il serait pr\u00eat \u00e0 le faire, car il aurait trouv\u00e9 un accord pour un bail de deux saisons. Une fois les d\u00e9tails avec son club actuel r\u00e9gl\u00e9s, il sera donc probablement de nouveau un joueur de l\u2019OM.<\/p>\n<p>\u00c0 ce sujet<br \/>\n<a href=\"https:\/\/dicodusport.fr\/blog\/mercato-om-2025-2026-le-tableau-complet-des-transferts-arrivees-et-departs\/\" class=\"vlp-link\" title=\"Mercato OM 2025-2026 : Le tableau complet des transferts, arriv\u00e9es et d\u00e9parts\" target=\"_blank\" rel=\"noopener\"><img loading=\"lazy\" decoding=\"async\" style=\"max-width: 792px;\" width=\"792\" height=\"445\" class=\"attachment-800x445 size-800x445 perfmatters-lazy\" alt=\"Mercato OM 2025-2026 Le tableau complet des transferts, arriv\u00e9es et d\u00e9parts\" src=\"https:\/\/www.europesays.com\/fr\/wp-content\/uploads\/2025\/06\/Mercato-OM-2025-2026-Le-tableau-complet-des-transferts-arrivees-et-departs.png\"  data-\/><\/p>\n<p>Mercato OM 2025-2026 : Le tableau complet des transferts, arriv\u00e9es et d\u00e9parts<\/p>\n<p>TRANSFERTS OM &#8211; Retrouvez tous les mouvements de l&rsquo;Olympique de Marseille pour l&rsquo;intersaison 2025 en Ligue 1. Arriv\u00e9es, d\u00e9part, pr\u00eats, transferts d\u00e9finitifs, ne ratez rien du mercato estival.\u00a0<\/p>\n<p>Lire l&rsquo;article<\/p>\n<p>dicodusport.fr<\/p>\n","protected":false},"excerpt":{"rendered":"TRANSFERTS \u2013 Selon Foot Mercato, l\u2019Olympique de Marseille est proche d\u2019enregistrer le retour de Pierre-Emerick Aubameyang. Alors que&hellip;\n","protected":false},"author":2,"featured_media":245613,"comment_status":"","ping_status":"","sticky":false,"template":"","format":"standard","meta":{"footnotes":""},"categories":[2814],"tags":[1111,11,2113,1777,674,1011,27,884,35942,12,149,882,25],"class_list":{"0":"post-245612","1":"post","2":"type-post","3":"status-publish","4":"format-standard","5":"has-post-thumbnail","7":"category-marseille","8":"tag-actu","9":"tag-actualites","10":"tag-breve","11":"tag-eu","12":"tag-europe","13":"tag-fr","14":"tag-france","15":"tag-marseille","16":"tag-mercatom","17":"tag-news","18":"tag-om","19":"tag-provence-alpes-cote-dazur","20":"tag-republique-francaise"},"share_on_mastodon":{"url":"https:\/\/pubeurope.com\/@fr\/114841965266904589","error":""},"_links":{"self":[{"href":"https:\/\/www.europesays.com\/fr\/wp-json\/wp\/v2\/posts\/245612","targetHints":{"allow":["GET"]}}],"collection":[{"href":"https:\/\/www.europesays.com\/fr\/wp-json\/wp\/v2\/posts"}],"about":[{"href":"https:\/\/www.europesays.com\/fr\/wp-json\/wp\/v2\/types\/post"}],"author":[{"embeddable":true,"href":"https:\/\/www.europesays.com\/fr\/wp-json\/wp\/v2\/users\/2"}],"replies":[{"embeddable":true,"href":"https:\/\/www.europesays.com\/fr\/wp-json\/wp\/v2\/comments?post=245612"}],"version-history":[{"count":0,"href":"https:\/\/www.europesays.com\/fr\/wp-json\/wp\/v2\/posts\/245612\/revisions"}],"wp:featuredmedia":[{"embeddable":true,"href":"https:\/\/www.europesays.com\/fr\/wp-json\/wp\/v2\/media\/245613"}],"wp:attachment":[{"href":"https:\/\/www.europesays.com\/fr\/wp-json\/wp\/v2\/media?parent=245612"}],"wp:term":[{"taxonomy":"category","embeddable":true,"href":"https:\/\/www.europesays.com\/fr\/wp-json\/wp\/v2\/categories?post=245612"},{"taxonomy":"post_tag","embeddable":true,"href":"https:\/\/www.europesays.com\/fr\/wp-json\/wp\/v2\/tags?post=245612"}],"curies":[{"name":"wp","href":"https:\/\/api.w.org\/{rel}","templated":true}]}}