{"id":245614,"date":"2025-07-12T19:41:14","date_gmt":"2025-07-12T19:41:14","guid":{"rendered":"https:\/\/www.europesays.com\/fr\/245614\/"},"modified":"2025-07-12T19:41:14","modified_gmt":"2025-07-12T19:41:14","slug":"le-metro-b-a-nouveau-a-larret-ce-dimanche-matin-a-lyon","status":"publish","type":"post","link":"https:\/\/www.europesays.com\/fr\/245614\/","title":{"rendered":"Le m\u00e9tro B \u00e0 nouveau \u00e0 l\u2019arr\u00eat ce dimanche matin \u00e0 Lyon"},"content":{"rendered":"<p itemprop=\"description\"><strong>De nouvelles perturbations sur la ligne.<\/strong><\/p>\n<p>Attention si vous aviez l\u2019intention de prendre le m\u00e9tro B ce dimanche \u00e0 Lyon. La ligne ne circulera pas jusqu\u2019\u00e0 13h. \u00ab\u00a0Nos \u00e9quipes effectueront des essais pour renforcer la capacit\u00e9 et le confort des voyageurs\u00a0\u00bb, pr\u00e9cisent les TCL.<\/p>\n<p>Des bus relais seront mis en place entre les stations de Gare Part-Dieu Vivier Merle et Saint-Genis-Laval H\u00f4pital Lyon Sud, toutes les 10 \u00e0 15 minutes.\u00a0<\/p>\n<p>Dimanche dernier d\u00e9j\u00e0, la ligne B du m\u00e9tro avait \u00e9t\u00e9 \u00e0 l\u2019arr\u00eat jusqu\u2019\u00e0 18 heures pour les m\u00eames raisons.\u00a0<\/p>\n","protected":false},"excerpt":{"rendered":"De nouvelles perturbations sur la ligne. Attention si vous aviez l\u2019intention de prendre le m\u00e9tro B ce dimanche&hellip;\n","protected":false},"author":2,"featured_media":245615,"comment_status":"","ping_status":"","sticky":false,"template":"","format":"standard","meta":{"footnotes":""},"categories":[1889],"tags":[1111,11,2813,2190,2430,1109,251,1112,2811,1777,674,118,1011,27,1922,1110,1114,2428,2810,12,241,316,25,2812,517,800],"class_list":{"0":"post-245614","1":"post","2":"type-post","3":"status-publish","4":"format-standard","5":"has-post-thumbnail","7":"category-lyon","8":"tag-actu","9":"tag-actualites","10":"tag-article","11":"tag-asvel","12":"tag-auvergne-rhone-alpes","13":"tag-breves","14":"tag-culture","15":"tag-depeches","16":"tag-economique","17":"tag-eu","18":"tag-europe","19":"tag-faits-divers","20":"tag-fr","21":"tag-france","22":"tag-info","23":"tag-informations","24":"tag-infos","25":"tag-lyon","26":"tag-lyonmag","27":"tag-news","28":"tag-ol","29":"tag-politique","30":"tag-republique-francaise","31":"tag-sociale","32":"tag-sport","33":"tag-transports"},"share_on_mastodon":{"url":"https:\/\/pubeurope.com\/@fr\/114841969138909704","error":""},"_links":{"self":[{"href":"https:\/\/www.europesays.com\/fr\/wp-json\/wp\/v2\/posts\/245614","targetHints":{"allow":["GET"]}}],"collection":[{"href":"https:\/\/www.europesays.com\/fr\/wp-json\/wp\/v2\/posts"}],"about":[{"href":"https:\/\/www.europesays.com\/fr\/wp-json\/wp\/v2\/types\/post"}],"author":[{"embeddable":true,"href":"https:\/\/www.europesays.com\/fr\/wp-json\/wp\/v2\/users\/2"}],"replies":[{"embeddable":true,"href":"https:\/\/www.europesays.com\/fr\/wp-json\/wp\/v2\/comments?post=245614"}],"version-history":[{"count":0,"href":"https:\/\/www.europesays.com\/fr\/wp-json\/wp\/v2\/posts\/245614\/revisions"}],"wp:featuredmedia":[{"embeddable":true,"href":"https:\/\/www.europesays.com\/fr\/wp-json\/wp\/v2\/media\/245615"}],"wp:attachment":[{"href":"https:\/\/www.europesays.com\/fr\/wp-json\/wp\/v2\/media?parent=245614"}],"wp:term":[{"taxonomy":"category","embeddable":true,"href":"https:\/\/www.europesays.com\/fr\/wp-json\/wp\/v2\/categories?post=245614"},{"taxonomy":"post_tag","embeddable":true,"href":"https:\/\/www.europesays.com\/fr\/wp-json\/wp\/v2\/tags?post=245614"}],"curies":[{"name":"wp","href":"https:\/\/api.w.org\/{rel}","templated":true}]}}