{"id":245616,"date":"2025-07-12T19:42:11","date_gmt":"2025-07-12T19:42:11","guid":{"rendered":"https:\/\/www.europesays.com\/fr\/245616\/"},"modified":"2025-07-12T19:42:11","modified_gmt":"2025-07-12T19:42:11","slug":"rhone-la-maison-darret-de-lyon-corbas-visee-par-un-cocktail-molotov-des-agents-menaces","status":"publish","type":"post","link":"https:\/\/www.europesays.com\/fr\/245616\/","title":{"rendered":"Rh\u00f4ne. La maison d\u2019arr\u00eat de Lyon-Corbas vis\u00e9e par un cocktail molotov, des agents menac\u00e9s"},"content":{"rendered":"<p>Selon nos informations, un cocktail molotov a \u00e9t\u00e9 lanc\u00e9 contre l\u2019entr\u00e9e de la maison d\u2019arr\u00eat de Lyon-Corbas au petit matin la nuit derni\u00e8re. Un individu a asperg\u00e9 la porte d\u2019essence et manqu\u00e9 en partie sa cible en lan\u00e7ant son engin incendiaire.<\/p>\n<p>Une affiche inqui\u00e9tante<\/p>\n<p>Suffisant cependant pour inqui\u00e9ter le personnel p\u00e9nitentiaire qui a pu apercevoir les traces de br\u00fblure. Une affiche appos\u00e9e au m\u00eame moment, indiquait s\u2019en prendre prochainement directement aux agents.<\/p>\n<p>Les faits rappellent les d\u00e9gradations sur des prisons fran\u00e7aises et les intimidations contre des personnels y compris jusqu\u2019\u00e0 leurs domiciles qui se sont d\u00e9roul\u00e9es au printemps. Les premi\u00e8res d\u00e9gradations commises \u00e0 Corbas l\u2019avaient \u00e9t\u00e9 dans la nuit du samedi\u00a020 au dimanche 21\u00a0avril.<\/p>\n","protected":false},"excerpt":{"rendered":"Selon nos informations, un cocktail molotov a \u00e9t\u00e9 lanc\u00e9 contre l\u2019entr\u00e9e de la maison d\u2019arr\u00eat de Lyon-Corbas au&hellip;\n","protected":false},"author":2,"featured_media":245617,"comment_status":"","ping_status":"","sticky":false,"template":"","format":"standard","meta":{"footnotes":""},"categories":[1889],"tags":[1111,11,2430,24503,271,272,3152,2757,1777,674,274,107,1011,27,2428,2756,12,25,2429],"class_list":{"0":"post-245616","1":"post","2":"type-post","3":"status-publish","4":"format-standard","5":"has-post-thumbnail","7":"category-lyon","8":"tag-actu","9":"tag-actualites","10":"tag-auvergne-rhone-alpes","11":"tag-corbas","12":"tag-crime","13":"tag-delit-et-contravention","14":"tag-edition-est-lyonnais","15":"tag-edition-lyon-villeurbanne","16":"tag-eu","17":"tag-europe","18":"tag-faits-divers-justice","19":"tag-fil-info","20":"tag-fr","21":"tag-france","22":"tag-lyon","23":"tag-lyon-bassin","24":"tag-news","25":"tag-republique-francaise","26":"tag-rhone"},"share_on_mastodon":{"url":"https:\/\/pubeurope.com\/@fr\/114841973060369789","error":""},"_links":{"self":[{"href":"https:\/\/www.europesays.com\/fr\/wp-json\/wp\/v2\/posts\/245616","targetHints":{"allow":["GET"]}}],"collection":[{"href":"https:\/\/www.europesays.com\/fr\/wp-json\/wp\/v2\/posts"}],"about":[{"href":"https:\/\/www.europesays.com\/fr\/wp-json\/wp\/v2\/types\/post"}],"author":[{"embeddable":true,"href":"https:\/\/www.europesays.com\/fr\/wp-json\/wp\/v2\/users\/2"}],"replies":[{"embeddable":true,"href":"https:\/\/www.europesays.com\/fr\/wp-json\/wp\/v2\/comments?post=245616"}],"version-history":[{"count":0,"href":"https:\/\/www.europesays.com\/fr\/wp-json\/wp\/v2\/posts\/245616\/revisions"}],"wp:featuredmedia":[{"embeddable":true,"href":"https:\/\/www.europesays.com\/fr\/wp-json\/wp\/v2\/media\/245617"}],"wp:attachment":[{"href":"https:\/\/www.europesays.com\/fr\/wp-json\/wp\/v2\/media?parent=245616"}],"wp:term":[{"taxonomy":"category","embeddable":true,"href":"https:\/\/www.europesays.com\/fr\/wp-json\/wp\/v2\/categories?post=245616"},{"taxonomy":"post_tag","embeddable":true,"href":"https:\/\/www.europesays.com\/fr\/wp-json\/wp\/v2\/tags?post=245616"}],"curies":[{"name":"wp","href":"https:\/\/api.w.org\/{rel}","templated":true}]}}