{"id":245628,"date":"2025-07-12T19:50:18","date_gmt":"2025-07-12T19:50:18","guid":{"rendered":"https:\/\/www.europesays.com\/fr\/245628\/"},"modified":"2025-07-12T19:50:18","modified_gmt":"2025-07-12T19:50:18","slug":"moscou-juge-inacceptable-le-deploiement-dun-contingent-europeen-en-ukraine","status":"publish","type":"post","link":"https:\/\/www.europesays.com\/fr\/245628\/","title":{"rendered":"Moscou juge \u00ab inacceptable \u00bb le d\u00e9ploiement d&rsquo;un contingent europ\u00e9en en Ukraine"},"content":{"rendered":"<p>Ce live est termin\u00e9<\/p>\n<p>Merci de l\u2019avoir suivi avec nous.<\/p>\n<p>L\u2019invitation d\u2019un chef d\u2019orchestre pro-poutine fait pol\u00e9mique en Italie<\/p>\n<p>L\u2019invitation \u00e0 un festival fin juillet pr\u00e8s de Naples du c\u00e9l\u00e8bre chef d\u2019orchestre russe pro-Poutine Valeri Guerguiev, blacklist\u00e9 en Occident depuis l\u2019invasion de l\u2019Ukraine, fait pol\u00e9mique en Italie et en Russie, o\u00f9 l\u2019opposition a appel\u00e9 \u00e0 l\u2019annulation de sa venue.<\/p>\n<p>Le Fonds de lutte contre la corruption (FBK), l\u2019organisation de l\u2019opposant Alexe\u00ef Navalny mort en prison, a post\u00e9 vendredi sur X un message pour \u00ab\u00a0exiger l\u2019annulation du concert de Valeri Guerguiev\u00a0\u00bb et annonc\u00e9 l\u2019envoi de lettres en ce sens au festival et aux ministres italiens de la Culture et de l\u2019Int\u00e9rieur.<\/p>\n<p>Le FBK appelle aussi \u00e0 une manifestation le 19\u00a0juillet \u00e0 Milan contre la venue du maestro de 72 ans, partisan de longue date du pr\u00e9sident russe qui avait \u00e9t\u00e9 boycott\u00e9 en\u00a02022 par des orchestres occidentaux pour ne pas avoir d\u00e9nonc\u00e9 l\u2019offensive contre Kiev.<\/p>\n<p>Une mise \u00e0 l\u2019\u00e9cart qui devrait donc prendre fin le 27\u00a0juillet au soir, lorsque Valeri Guerguiev dirigera un concert dans le cadre du festival \u00ab\u00a0Un\u2019Estate da Re\u00a0\u00bb (\u00ab Un \u00e9t\u00e9 de roi\u00a0\u00bb) organis\u00e9 au palais de Caserte, ex-r\u00e9sidence royale des Bourbons de Naples surnomm\u00e9e le \u00ab\u00a0Versailles italien\u00a0\u00bb. Des solistes du prestigieux th\u00e9\u00e2tre Marinski de Saint-P\u00e9tersbourg, qu\u2019il dirige depuis\u00a01996, doivent \u00e9galement participer \u00e0 l\u2019\u00e9v\u00e9nement.<\/p>\n<p>Le chef de la diplomatie russe est arriv\u00e9 en Cor\u00e9e du Nord<\/p>\n<p>Le ministre russe des Affaires \u00e9trang\u00e8res, Sergue\u00ef Lavrov, est arriv\u00e9 en Cor\u00e9e du Nord pour une visite officielle, ont rapport\u00e9 les agences de presse russes. <\/p>\n<p>Le diplomate est arriv\u00e9 \u00e0 Wonsan, sur la c\u00f4te de la mer du Japon, o\u00f9 une zone touristique a \u00e9t\u00e9 inaugur\u00e9e fin juin par les autorit\u00e9s nord-cor\u00e9ennes. Il doit s\u2019entretenir notamment avec son homologue nord-cor\u00e9enne Choe Son-hui.<\/p>\n<p>L\u2019\u00e9missaire am\u00e9ricain Keith Kellogg attendu en Ukraine lundi, il pourrait y rester une semaine<\/p>\n<p>L\u2019\u00e9missaire am\u00e9ricain Keith Kellogg se rendra en Ukraine \u00e0 partir de lundi pour une visite officielle, annonce le porte-parole de la diplomatie ukrainienne, Gueorgi\u00ef Tykhy.<\/p>\n<p>Cette visite, qui doit durer une semaine selon un m\u00e9dia ukrainien, interviendra alors que le pr\u00e9sident Donald Trump a r\u00e9cemment promis de nouvelles livraisons d\u2019armes \u00e0 l\u2019Ukraine et fait part de sa frustration \u00e0 l\u2019encontre de Moscou face au manque de progr\u00e8s dans les n\u00e9gociations de paix.<\/p>\n<p>La Russie ferme un consulat polonais par mesure de repr\u00e9sailles<\/p>\n<p>La Russie annonce son intention de fermer \u00e0 partir de fin ao\u00fbt le consulat polonais de Kaliningrad, une enclave russe au sein de l\u2019Union europ\u00e9enne, en repr\u00e9sailles \u00e0 la fermeture du consulat russe \u00e0 Cracovie apr\u00e8s un \u00ab\u00a0acte de sabotage\u00a0\u00bb pr\u00e9sum\u00e9.<\/p>\n<p>\u00ab\u00a0Cette mesure est motiv\u00e9e par les actions injustifi\u00e9es et hostiles de la partie polonaise\u00a0\u00bb, a d\u00e9clar\u00e9 le minist\u00e8re russe des Affaires \u00e9trang\u00e8res dans un communiqu\u00e9, pr\u00e9cisant avoir convoqu\u00e9 le charg\u00e9 d\u2019affaires polonais en Russie pour lui signifier cette d\u00e9cision.<\/p>\n<p>La Pologne a fait savoir qu&rsquo;elle \u00ab r\u00e9agira de mani\u00e8re appropri\u00e9e \u00bb \u00e0 cette d\u00e9cision.<\/p>\n<p>Une maternit\u00e9 touch\u00e9e dans les frappes sur Kharkiv<\/p>\n<p>Un \u00e9tablissement m\u00e9dical a \u00e9t\u00e9 touch\u00e9 par les frappes russes \u00e0 Kharkiv (nord-est), la deuxi\u00e8me ville du pays, o\u00f9 une maternit\u00e9 a \u00e9t\u00e9 impact\u00e9e, selon Volodymyr Zelensky.<\/p>\n<p>Selon lui, neuf personnes ont \u00e9t\u00e9 bless\u00e9es, dont des \u00ab\u00a0m\u00e8res avec des nouveau-n\u00e9s et des femmes qui se remettaient d\u2019une op\u00e9ration\u00a0\u00bb. Aucun enfant ne figure parmi les victimes.<\/p>\n<p>Moscou revendique la prise d\u2019une nouvelle localit\u00e9<\/p>\n<p>Sur le terrain, les forces russes poursuivent leur avanc\u00e9e. Vendredi, elles ont revendiqu\u00e9 la prise de la localit\u00e9 de Zelena Dolina, pr\u00e8s de la ville de Lyman, reprise par l\u2019arm\u00e9e ukrainienne en octobre\u00a02022, et dont les troupes de Moscou se trouvent d\u00e9sormais \u00e0 une dizaine de kilom\u00e8tres.<\/p>\n<p>Moscou a identifi\u00e9 la France comme \u00ab\u00a0son principal adversaire en Europe\u00a0\u00bb, selon le chef d\u2019\u00e9tat-major fran\u00e7ais<\/p>\n<p>Moscou a identifi\u00e9 la France comme \u00e9tant \u00ab\u00a0son principal adversaire en Europe\u00a0\u00bb, a d\u00e9clar\u00e9 vendredi le chef d\u2019\u00e9tat-major fran\u00e7ais Thierry Burkhard, en l\u2019expliquant notamment par le soutien de Paris \u00e0 l\u2019Ukraine. \u00ab\u00a0C\u2019est Poutine qui a dit\u00a0\u00bb cela, a soulign\u00e9 le g\u00e9n\u00e9ral Burkhard lors d\u2019une rare conf\u00e9rence de presse consacr\u00e9e aux menaces planant sur la France. \u00ab\u00a0Cela ne veut pas dire qu\u2019il ne s\u2019occupe pas des autres pays\u00a0\u00bb, a-t-il ajout\u00e9.<\/p>\n<p>La France, puissance nucl\u00e9aire prot\u00e9g\u00e9e par sa dissuasion, n\u2019est pas menac\u00e9e de \u00ab\u00a0se faire attaquer directement et lourdement sur le territoire national\u00a0\u00bb, mais la Russie a \u00ab\u00a0beaucoup d\u2019autres options\u00a0\u00bb via des actions hybrides, incluant d\u00e9sinformation, cyberattaques ou espionnage, a-t-il fait valoir.<\/p>\n<p>\u00ab\u00a0Puissance de nuisance\u00a0\u00bb, la Russie \u00ab\u00a0est partie prenante de toutes les menaces\u00a0\u00bb, que ce soit les sabotages d\u2019infrastructures sous-marines, les campagnes de d\u00e9sinformation en France ou en Afrique, des actes d\u2019espionnage, ou encore dans l\u2019espace, avec \u00ab\u00a0les man\u0153uvres de satellites russes soit pour g\u00eaner nos trajectoires de satellites, soit pour s\u2019approcher pour les brouiller, soit pour s\u2019approcher pour les espionner\u00a0\u00bb.<\/p>\n<p>Le Kremlin juge \u00ab inacceptable \u00bb le d\u00e9ploiement d&rsquo;un contingent europ\u00e9en en Ukraine<\/p>\n<p>Le Kremlin a jug\u00e9 vendredi que tout d\u00e9ploiement d&rsquo;une force europ\u00e9enne en Ukraine \u00e9tait \u00ab inacceptable \u00bb, au lendemain de propos du pr\u00e9sident fran\u00e7ais Emmanuel Macron \u00e9voquant un potentiel d\u00e9ploiement d&rsquo;une telle force en cas de cessez-le-feu.<\/p>\n<p>\u00ab La pr\u00e9sence d&rsquo;un contingent \u00e9tranger pr\u00e8s de nos fronti\u00e8res est inacceptable \u00bb, a d\u00e9clar\u00e9 aux journalistes le porte-parole de la pr\u00e9sidence russe, Dmitri Peskov, d\u00e9non\u00e7ant le \u00ab militarisme antirusse \u00bb des dirigeants europ\u00e9ens.<\/p>\n<p>La Russie juge \u00ab la France comme son principal adversaire en Europe \u00bb, selon le chef d&rsquo;\u00e9tat-major fran\u00e7ais<\/p>\n<p>Moscou a identifi\u00e9 la France comme \u00e9tant \u00ab son principal adversaire en Europe \u00bb, a d\u00e9clar\u00e9 vendredi le chef d&rsquo;\u00e9tat-major fran\u00e7ais Thierry Burkhard, en l&rsquo;expliquant notamment par le soutien de Paris \u00e0 l&rsquo;Ukraine envahie par la Russie.<\/p>\n<p>\u00ab C&rsquo;est Poutine qui a dit \u00bb cela, a soulign\u00e9 le g\u00e9n\u00e9ral Burkhard lors d&rsquo;une rare conf\u00e9rence de presse. \u00ab Cela ne pas dire qu&rsquo;il s&rsquo;occupe pas des autres pays et cela ne veut pas dire qu&rsquo;il ne s&rsquo;occupe que de nous \u00bb, par des actions hybrides, a-t-il ajout\u00e9.<\/p>\n<p>Trump \u00e9voque \u00ab\u00a0une d\u00e9claration importante\u00a0\u00bb sur la Russie \u00ab\u00a0lundi\u00a0\u00bb<\/p>\n<p>Le pr\u00e9sident am\u00e9ricain Donald Trump a \u00e9voqu\u00e9 jeudi \u00ab\u00a0une d\u00e9claration importante\u00a0\u00bb qu\u2019il pourrait faire lundi sur la Russie, se disant \u00ab\u00a0d\u00e9\u00e7u\u00a0\u00bb de la volont\u00e9 du pr\u00e9sident Vladimir Poutine de poursuivre la guerre contre l\u2019Ukraine.<\/p>\n<p>\u00ab\u00a0Je pense que j\u2019aurai une d\u00e9claration importante \u00e0 faire sur la Russie lundi\u00a0\u00bb, a-t-il indiqu\u00e9 dans un entretien t\u00e9l\u00e9phonique \u00e0 la cha\u00eene NBC, sans donner plus de d\u00e9tails. \u00ab\u00a0Je suis d\u00e9\u00e7u par la Russie, mais nous verrons ce qui se passera au cours des deux prochaines semaines\u00a0\u00bb, a-t-il indiqu\u00e9, sur fond d\u2019intensification des frappes russes sur l\u2019Ukraine et d\u2019impasse diplomatique.<\/p>\n<p>Donald Trump avait accus\u00e9 mardi le pr\u00e9sident russe de dire \u00ab\u00a0beaucoup de conneries\u00a0\u00bb \u00e0 propos de l\u2019Ukraine, tout en laissant entendre qu\u2019il souhaitait imposer de nouvelles sanctions \u00e0 la Russie. Le pr\u00e9sident ukrainien Volodymyr Zelensky ne cesse de r\u00e9clamer un renforcement des sanctions am\u00e9ricaines contre la Russie.<\/p>\n<p>O\u00f9 en sont les n\u00e9gociations ?<\/p>\n<p>Elles pi\u00e9tinent, au moment o\u00f9 les forces russes occupent pr\u00e8s de 20% du territoire ukrainien. Elles ont aussi revendiqu\u00e9 en d\u00e9but de semaine la prise d&rsquo;une premi\u00e8re localit\u00e9 dans la r\u00e9gion de Dnipropetrovsk (centre-est).<\/p>\n<p>Le Kremlin r\u00e9clame que l&rsquo;Ukraine lui c\u00e8de quatre r\u00e9gions partiellement occup\u00e9es et renonce \u00e0 int\u00e9grer l&rsquo;Otan. Des conditions jug\u00e9es inacceptables pour Kiev.<\/p>\n<p>Lavrov dit avoir expos\u00e9 la position de Poutine sur le conflit en Ukraine lors de sa rencontre avec Rubio<\/p>\n<p>Le ministre russe des Affaires \u00e9trang\u00e8res, Sergue\u00ef Lavrov, a d\u00e9clar\u00e9 vendredi avoir expos\u00e9 la position de Vladimir Poutine sur le r\u00e8glement du conflit en Ukraine lors d\u2019une rencontre, la veille, avec son homologue am\u00e9ricain Marco Rubio.<\/p>\n<p>\u00ab\u00a0Nous avons discut\u00e9 de l\u2019Ukraine. Nous avons confirm\u00e9 la position que le pr\u00e9sident Poutine avait expos\u00e9e, notamment lors de sa conversation du 3\u00a0juillet avec le pr\u00e9sident Trump\u00a0\u00bb, a d\u00e9clar\u00e9 Lavrov aux m\u00e9dias russes en marge d\u2019une r\u00e9union de l\u2019Association des nations d\u2019Asie du Sud-Est (Asean) \u00e0 Kuala Lumpur.<\/p>\n<p>La force franco-britannique renforc\u00e9e \u00ab\u00a0jusqu\u2019\u00e0 50.000 hommes\u00a0\u00bb mobilisables \u00ab\u00a0dans un engagement majeur\u00a0\u00bb<\/p>\n<p>La force exp\u00e9ditionnaire conjointe franco-britannique (CJEF) va voir ses effectifs renforc\u00e9s pour atteindre \u00ab\u00a0jusqu\u2019\u00e0 50.000 hommes\u00a0\u00bb mobilisables \u00ab\u00a0dans un engagement majeur\u00a0\u00bb et qui pourraient \u00eatre mis \u00ab\u00a0\u00e0 disposition de l\u2019Otan\u00a0\u00bb, a annonc\u00e9 jeudi le pr\u00e9sident fran\u00e7ais Emmanuel Macron.<\/p>\n<p>\u00ab\u00a0Nous faisons passer cette force conjointe du niveau d\u2019une brigade \u00e0 celle d\u2019un corps d\u2019arm\u00e9e, c\u2019est-\u00e0-dire pouvant aller jusqu\u2019\u00e0 50.000 hommes, capables d\u2019\u00eatre employ\u00e9s dans un engagement majeur\u00a0\u00bb, a-t-il d\u00e9clar\u00e9 lors d\u2019une conf\u00e9rence de presse conjointe avec le Premier ministre britannique Keir Starmer sur la base militaire britannique de Northwood, au nord-ouest de Londres.<\/p>\n<p>Cette force, susceptible d\u2019\u00eatre \u00ab\u00a0multipli\u00e9e par cinq\u00a0\u00bb par rapport \u00e0 son volume actuel, aura un noyau dur, autour de la France et du Royaume-Uni, \u00ab\u00a0capable d\u2019agr\u00e9ger d\u2019autres partenaires europ\u00e9ens et d\u2019\u00eatre mis \u00e0 la disposition\u00a0\u00bb de l\u2019Otan, a-t-il ajout\u00e9.<\/p>\n<p>Paris et Londres resserrent leurs liens nucl\u00e9aires pour compliquer la vie \u00e0 la Russie<\/p>\n<p>Paris et Londres, les deux puissances nucl\u00e9aires europ\u00e9ennes, resserrent leurs liens nucl\u00e9aires, un pas important pour faire face \u00e0 la d\u00e9gradation de la s\u00e9curit\u00e9 en Europe, compliquer les calculs de la Russie et rassurer les alli\u00e9s europ\u00e9ens soucieux de l\u2019avenir du parapluie nucl\u00e9aire am\u00e9ricain. \u00ab Ce matin, nous avons sign\u00e9 la D\u00e9claration de Northwood, confirmant pour la premi\u00e8re fois que nous coordonnons nos dissuasions nucl\u00e9aires ind\u00e9pendantes. D\u00e8s aujourd\u2019hui, nos adversaires savent que toute menace extr\u00eame contre ce continent entra\u00eenerait une r\u00e9ponse de nos deux nations \u00bb, a d\u00e9clar\u00e9 le Premier ministre britannique Keir Starmer sur la base militaire de Northwood, pr\u00e8s de Londres, en compagnie d\u2019Emmanuel Macron.<\/p>\n<p>La Russie propose aux Am\u00e9ricains une \u00ab\u00a0nouvelle id\u00e9e\u00a0\u00bb sur l\u2019Ukraine<\/p>\n<p>Le secr\u00e9taire d\u2019Etat am\u00e9ricain Marco Rubio a annonc\u00e9 jeudi s\u2019\u00eatre vu proposer par son homologue russe Sergue\u00ef Lavrov une \u00ab\u00a0nouvelle id\u00e9e\u00a0\u00bb sur l\u2019Ukraine lors de leur rencontre \u00ab\u00a0franche\u00a0\u00bb en Malaisie. Selon Marco Rubio, il ne s\u2019agit pas d\u2019une \u00ab\u00a0nouvelle approche\u00a0\u00bb, ni d\u2019une initiative menant \u00ab\u00a0automatiquement \u00e0 la paix\u00a0\u00bb mais d\u2019une \u00ab\u00a0nouvelle id\u00e9e\u00a0\u00bb qui \u00ab\u00a0pourrait potentiellement permettre d\u2019ouvrir la porte\u00a0\u00bb vers une issue possible.<\/p>\n<p>Attaque massive de drones ukrainiens en Russie, au moins un mort<\/p>\n<p>Les autorit\u00e9s russes ont annonc\u00e9 vendredi matin avoir abattu 155 drones ukrainiens dans la nuit, et qu\u2019une attaque de drone avait fait un mort dans la r\u00e9gion russe de Lipetsk.<\/p>\n<p>\u00ab\u00a0Les syst\u00e8mes de la d\u00e9fense a\u00e9rienne en service ont intercept\u00e9 et d\u00e9truit 155 drones ukrainiens\u00a0\u00bb, a indiqu\u00e9 le minist\u00e8re russe de la D\u00e9fense sur le r\u00e9seau social Telegram, ajoutant que 53 de ces engins avaient \u00e9t\u00e9 abattus dans la seule r\u00e9gion de Koursk, frontali\u00e8re de l\u2019Ukraine. Dans celle de Lipetsk, \u00e9galement dans l\u2019ouest du pays, une attaque de drone a caus\u00e9 la mort d\u2019une personne, a annonc\u00e9 plus t\u00f4t le gouverneur local.<\/p>\n<p>\u00ab\u00a0Cette nuit, un drone s\u2019est \u00e9cras\u00e9 sur le terrain d\u2019une des entreprises agricoles du district de Khlevensky\u00a0\u00bb, situ\u00e9 \u00e0 quelque 400 kilom\u00e8tres au sud de Moscou, ce qui a provoqu\u00e9 un incendie, a d\u00e9crit Igor Artamonov sur Telegram.<\/p>\n<p>Suspense sur la \u00ab\u00a0nouvelle id\u00e9e\u00a0\u00bb de la Russie pour trouver le chemin de la paix<\/p>\n<p>Le secr\u00e9taire d\u2019Etat am\u00e9ricain Marco Rubio a annonc\u00e9 jeudi s\u2019\u00eatre vu proposer par son homologue russe Sergue\u00ef Lavrov une \u00ab\u00a0nouvelle id\u00e9e\u00a0\u00bb sur l\u2019Ukraine lors de leur rencontre \u00ab\u00a0franche\u00a0\u00bb en Malaisie.<\/p>\n<p>Le chef de la diplomatie am\u00e9ricaine a \u00e9voqu\u00e9 \u00ab\u00a0une nouvelle id\u00e9e ou un concept nouveau\u00a0\u00bb qu\u2019il devait \u00ab\u00a0rapporter au pr\u00e9sident [Donald Trump] pour en discuter\u00a0\u00bb. Selon lui, il ne s\u2019agit pas d\u2019une \u00ab\u00a0nouvelle approche\u00a0\u00bb, ni d\u2019une initiative menant \u00ab\u00a0automatiquement \u00e0 la paix\u00a0\u00bb mais d\u2019une \u00ab\u00a0nouvelle id\u00e9e\u00a0\u00bb qui \u00ab\u00a0pourrait potentiellement permettre d\u2019ouvrir la porte\u00a0\u00bb vers une issue possible. Donald Trump va certainement mettre fin rapidement \u00e0 ce suspense.<\/p>\n<p>Bonjour, et bienvenue dans ce live<\/p>\n<p>Depuis plus de trois ans, la r\u00e9daction de 20 Minutes se mobilise pour vous faire vivre en direct le conflit russo-ukrainien. En ce d\u00e9but d\u2019\u00e9t\u00e9, les tractations diplomatiques initi\u00e9es par Donald Trump apr\u00e8s son spectaculaire rapprochement avec la Russie semblent s\u2019enliser et le pr\u00e9sident am\u00e9ricain montre des signes d\u2019impatience. Il souffle le chaud et le froid sur l\u2019Ukraine. Mais Volodymyr Zelensky peut compter sur le soutien de ses alli\u00e9s europ\u00e9ens, en particulier de la France et du Royaume-Uni ces derniers jours.<\/p>\n","protected":false},"excerpt":{"rendered":"Ce live est termin\u00e9 Merci de l\u2019avoir suivi avec nous. L\u2019invitation d\u2019un chef d\u2019orchestre pro-poutine fait pol\u00e9mique en&hellip;\n","protected":false},"author":2,"featured_media":245629,"comment_status":"","ping_status":"","sticky":false,"template":"","format":"standard","meta":{"footnotes":""},"categories":[1590],"tags":[47,11,75,1073,73,1777,674,131,74,12,132,220,135,134],"class_list":{"0":"post-245628","1":"post","2":"type-post","3":"status-publish","4":"format-standard","5":"has-post-thumbnail","7":"category-ukraine","8":"tag-actualite","9":"tag-actualites","10":"tag-donald-trump","11":"tag-emmanuel-macron","12":"tag-etats-unis","13":"tag-eu","14":"tag-europe","15":"tag-guerre-en-ukraine","16":"tag-monde","17":"tag-news","18":"tag-russie","19":"tag-ukraine","20":"tag-vladimir-poutine","21":"tag-volodymyr-zelensky"},"share_on_mastodon":{"url":"https:\/\/pubeurope.com\/@fr\/114842004571924152","error":""},"_links":{"self":[{"href":"https:\/\/www.europesays.com\/fr\/wp-json\/wp\/v2\/posts\/245628","targetHints":{"allow":["GET"]}}],"collection":[{"href":"https:\/\/www.europesays.com\/fr\/wp-json\/wp\/v2\/posts"}],"about":[{"href":"https:\/\/www.europesays.com\/fr\/wp-json\/wp\/v2\/types\/post"}],"author":[{"embeddable":true,"href":"https:\/\/www.europesays.com\/fr\/wp-json\/wp\/v2\/users\/2"}],"replies":[{"embeddable":true,"href":"https:\/\/www.europesays.com\/fr\/wp-json\/wp\/v2\/comments?post=245628"}],"version-history":[{"count":0,"href":"https:\/\/www.europesays.com\/fr\/wp-json\/wp\/v2\/posts\/245628\/revisions"}],"wp:featuredmedia":[{"embeddable":true,"href":"https:\/\/www.europesays.com\/fr\/wp-json\/wp\/v2\/media\/245629"}],"wp:attachment":[{"href":"https:\/\/www.europesays.com\/fr\/wp-json\/wp\/v2\/media?parent=245628"}],"wp:term":[{"taxonomy":"category","embeddable":true,"href":"https:\/\/www.europesays.com\/fr\/wp-json\/wp\/v2\/categories?post=245628"},{"taxonomy":"post_tag","embeddable":true,"href":"https:\/\/www.europesays.com\/fr\/wp-json\/wp\/v2\/tags?post=245628"}],"curies":[{"name":"wp","href":"https:\/\/api.w.org\/{rel}","templated":true}]}}