{"id":245637,"date":"2025-07-12T19:55:20","date_gmt":"2025-07-12T19:55:20","guid":{"rendered":"https:\/\/www.europesays.com\/fr\/245637\/"},"modified":"2025-07-12T19:55:20","modified_gmt":"2025-07-12T19:55:20","slug":"lunion-europeenne-reaffirme-sa-volonte-daccord-commercial-avec-les-etats-unis-mais-prepare-la-riposte","status":"publish","type":"post","link":"https:\/\/www.europesays.com\/fr\/245637\/","title":{"rendered":"L&rsquo;Union europ\u00e9enne r\u00e9affirme sa volont\u00e9 d&rsquo;accord commercial avec les \u00c9tats-Unis, mais pr\u00e9pare la riposte"},"content":{"rendered":"<p>L&rsquo;Union europ\u00e9enne s&rsquo;est d\u00e9clar\u00e9e samedi pr\u00eate \u00e0 r\u00e9pliquer pour d\u00e9fendre ses int\u00e9r\u00eats si les \u00c9tats-Unis mettaient \u00e0 ex\u00e9cution leur projet d&rsquo;imposer une taxe douani\u00e8re de 30\u00a0% sur les produits europ\u00e9ens \u00e0 compter du 1er ao\u00fbt.<\/p>\n<p>La derni\u00e8re salve du pr\u00e9sident am\u00e9ricain Donald Trump a surpris le bloc europ\u00e9en, premier partenaire commercial des \u00c9tats-Unis, qui esp\u00e9rait \u00e9viter une escalade de la guerre commerciale apr\u00e8s des n\u00e9gociations intenses et des d\u00e9clarations de plus en plus conciliantes en provenance de la Maison Blanche.<\/p>\n<p>Ursula von der Leyen, pr\u00e9sidente de la Commission europ\u00e9enne, organe charg\u00e9 de la politique commerciale pour les 27 \u00c9tats membres, a affirm\u00e9 que l&rsquo;UE restait dispos\u00e9e \u00e0 poursuivre les discussions en vue d&rsquo;un accord avant le 1er ao\u00fbt, mais qu&rsquo;elle \u00e9tait pr\u00eate \u00e0 tenir bon.<\/p>\n<p>\u00ab\u00a0Nous prendrons toutes les mesures n\u00e9cessaires pour sauvegarder les int\u00e9r\u00eats de l&rsquo;UE, y compris l&rsquo;adoption de contre-mesures proportionn\u00e9es si besoin\u00a0\u00bb, a-t-elle d\u00e9clar\u00e9 \u00e0 propos d&rsquo;\u00e9ventuels droits de douane de r\u00e9torsion sur les produits am\u00e9ricains entrant en Europe.<\/p>\n<p>Les ambassadeurs de l&rsquo;UE se r\u00e9uniront dimanche pour discuter des prochaines \u00e9tapes, avant une rencontre extraordinaire des ministres du Commerce lundi \u00e0 Bruxelles. Ils devront d\u00e9cider s&rsquo;il faut imposer des droits de douane sur 21\u00a0milliards d&rsquo;euros d&rsquo;importations am\u00e9ricaines en r\u00e9ponse aux taxes am\u00e9ricaines sur l&rsquo;acier et l&rsquo;aluminium, ou bien prolonger la suspension de ces mesures, qui expire \u00e0 la fin de la journ\u00e9e de lundi.<\/p>\n<p>Jusqu&rsquo;ici, l&rsquo;UE s&rsquo;est abstenue de r\u00e9pondre par des mesures de r\u00e9torsion, bien qu&rsquo;elle ait pr\u00e9par\u00e9 deux ensembles de sanctions susceptibles de toucher au total 93\u00a0milliards d&rsquo;euros de produits am\u00e9ricains.<\/p>\n<p>Les capitales europ\u00e9ennes ont rapidement apport\u00e9 leur soutien \u00e0 la position de Mme von der Leyen.<\/p>\n<p>La ministre allemande de l&rsquo;\u00c9conomie, Katherina Reiche, a appel\u00e9 \u00e0 \u00ab\u00a0une issue pragmatique aux n\u00e9gociations\u00a0\u00bb.<\/p>\n<p>\u00ab\u00a0Les droits de douane propos\u00e9s par Trump porteraient un coup dur aux entreprises exportatrices europ\u00e9ennes. Parall\u00e8lement, ils auraient \u00e9galement un impact fort sur l&rsquo;\u00e9conomie et les consommateurs de l&rsquo;autre c\u00f4t\u00e9 de l&rsquo;Atlantique\u00a0\u00bb, a-t-elle ajout\u00e9.<\/p>\n<p>Le pr\u00e9sident fran\u00e7ais Emmanuel Macron a d\u00e9clar\u00e9 sur X que la Commission europ\u00e9enne devait plus que jamais \u00ab\u00a0affirmer la d\u00e9termination de l&rsquo;Union \u00e0 d\u00e9fendre r\u00e9solument les int\u00e9r\u00eats europ\u00e9ens\u00a0\u00bb.<\/p>\n<p>La riposte pourrait inclure des instruments dits \u00ab\u00a0anti-coercition\u00a0\u00bb si Donald Trump ne revenait pas sur ses menaces, a pr\u00e9cis\u00e9 M. Macron.<\/p>\n<p>Ce m\u00e9canisme, \u00e9labor\u00e9 lors du premier mandat de Trump et utilis\u00e9 contre la Chine, permet \u00e0 l&rsquo;UE d&rsquo;aller au-del\u00e0 des droits de douane traditionnels sur les biens et d&rsquo;imposer des restrictions sur le commerce des services, si elle estime qu&rsquo;un pays utilise les tarifs pour forcer un changement de politique.<\/p>\n<p>Le minist\u00e8re espagnol de l&rsquo;\u00c9conomie a soutenu la poursuite des n\u00e9gociations mais a ajout\u00e9 que l&rsquo;Espagne et d&rsquo;autres pays de l&rsquo;UE \u00e9taient pr\u00eats \u00e0 adopter \u00ab\u00a0des contre-mesures proportionn\u00e9es si n\u00e9cessaire\u00a0\u00bb.<\/p>\n<p>Donald Trump s&rsquo;est r\u00e9guli\u00e8rement emport\u00e9 contre l&rsquo;Union europ\u00e9enne, affirmant en f\u00e9vrier qu&rsquo;elle avait \u00e9t\u00e9 \u00ab\u00a0form\u00e9e pour arnaquer les \u00c9tats-Unis\u00a0\u00bb.<\/p>\n<p>Son principal grief concerne le d\u00e9ficit commercial am\u00e9ricain sur les marchandises avec l&rsquo;UE, qui s&rsquo;\u00e9levait \u00e0 235\u00a0milliards de dollars en 2024, selon les donn\u00e9es du Bureau du recensement am\u00e9ricain. L&rsquo;UE rappelle r\u00e9guli\u00e8rement l&rsquo;exc\u00e9dent am\u00e9ricain dans les services, qui compense en partie ce d\u00e9calage.<\/p>\n<p><b>RIPOSTE<\/b><\/p>\n<p>En combinant biens, services et investissements, l&rsquo;UE et les \u00c9tats-Unis sont de loin les premiers partenaires commerciaux l&rsquo;un de l&rsquo;autre. La Chambre de commerce am\u00e9ricaine aupr\u00e8s de l&rsquo;UE a estim\u00e9 en mars que le conflit commercial pourrait mettre en p\u00e9ril 9,5\u00a0trillions de dollars d&rsquo;\u00e9changes dans la relation commerciale la plus importante au monde.<\/p>\n<p>Bernd Lange, pr\u00e9sident de la commission du commerce international au Parlement europ\u00e9en, s&rsquo;est d\u00e9clar\u00e9 convaincu que la premi\u00e8re phase des contre-mesures devrait entrer en vigueur d\u00e8s lundi, rapidement suivie par le second train de sanctions.<\/p>\n<p>Donald Trump a indiqu\u00e9 qu&rsquo;il r\u00e9pliquerait \u00e0 toute mesure de r\u00e9torsion.<\/p>\n<p>Pourtant, le pr\u00e9sident am\u00e9ricain a, ces derniers mois, plusieurs fois annonc\u00e9 des droits de douane massifs, pour ensuite revenir sur ses d\u00e9cisions ou les suspendre avant la date limite qu&rsquo;il s&rsquo;\u00e9tait lui-m\u00eame fix\u00e9e. Cette attente d&rsquo;un nouveau recul explique la r\u00e9action de plus en plus mod\u00e9r\u00e9e des march\u00e9s financiers, qui se sont redress\u00e9s apr\u00e8s avoir chut\u00e9 lors de son annonce initiale de \u00ab\u00a0Journ\u00e9e de la lib\u00e9ration\u00a0\u00bb en avril.<\/p>\n<p>Trois responsables europ\u00e9ens, s&rsquo;exprimant sous couvert d&rsquo;anonymat, estiment que les derni\u00e8res menaces de Trump rel\u00e8vent d&rsquo;une strat\u00e9gie de n\u00e9gociation.<\/p>\n<p>Carsten Brzeski, responsable mondial de la macro\u00e9conomie chez ING, estime que la d\u00e9marche de Trump montre que des mois de n\u00e9gociations sont dans l&rsquo;impasse et que la situation s&rsquo;approche d&rsquo;un moment d\u00e9cisif pour la relation commerciale transatlantique.<\/p>\n<p>\u00ab\u00a0L&rsquo;UE va devoir d\u00e9cider si elle c\u00e8de ou si elle joue la carte du bras de fer\u00a0\u00bb, analyse-t-il. \u00ab\u00a0Cela va entra\u00eener de la volatilit\u00e9 sur les march\u00e9s et encore plus d&rsquo;incertitude.\u00a0\u00bb<\/p>\n<p>Cyrus de la Rubia, chef \u00e9conomiste \u00e0 la Hamburg Commercial Bank, souligne que le principal impact des droits de douane am\u00e9ricains, s&rsquo;ils \u00e9taient appliqu\u00e9s, serait ressenti par les consommateurs am\u00e9ricains eux-m\u00eames.<\/p>\n<p>Cela dit, il y aurait aussi des r\u00e9percussions claires pour la zone euro, d\u00e9j\u00e0 confront\u00e9e \u00e0 une croissance faible.<\/p>\n<p>La Banque centrale europ\u00e9enne a utilis\u00e9 un sc\u00e9nario de taxe de 10\u00a0% sur les exportations europ\u00e9ennes vers les \u00c9tats-Unis comme hypoth\u00e8se de base dans ses derni\u00e8res projections, qui tablent sur une croissance de 0,9\u00a0% de la zone euro cette ann\u00e9e, 1,1\u00a0% en 2026 et 1,3\u00a0% en 2027.<\/p>\n<p>Selon elle, une taxe am\u00e9ricaine de 20\u00a0% ferait reculer la croissance d&rsquo;un point de pourcentage sur la m\u00eame p\u00e9riode et ram\u00e8nerait l&rsquo;inflation \u00e0 1,8\u00a0% en 2027, contre 2,0\u00a0% dans le sc\u00e9nario de base. Aucun chiffrage n&rsquo;a \u00e9t\u00e9 donn\u00e9 pour l&rsquo;hypoth\u00e8se d&rsquo;une taxe de 30\u00a0%.<\/p>\n","protected":false},"excerpt":{"rendered":"L&rsquo;Union europ\u00e9enne s&rsquo;est d\u00e9clar\u00e9e samedi pr\u00eate \u00e0 r\u00e9pliquer pour d\u00e9fendre ses int\u00e9r\u00eats si les \u00c9tats-Unis mettaient \u00e0 ex\u00e9cution&hellip;\n","protected":false},"author":2,"featured_media":245638,"comment_status":"","ping_status":"","sticky":false,"template":"","format":"standard","meta":{"footnotes":""},"categories":[1586],"tags":[11,340,1777,674,1779,1011,27,12,25,1778,364],"class_list":{"0":"post-245637","1":"post","2":"type-post","3":"status-publish","4":"format-standard","5":"has-post-thumbnail","7":"category-europe","8":"tag-actualites","9":"tag-bourse","10":"tag-eu","11":"tag-europe","12":"tag-european-union","13":"tag-fr","14":"tag-france","15":"tag-news","16":"tag-republique-francaise","17":"tag-ue","18":"tag-union-europeenne"},"share_on_mastodon":{"url":"https:\/\/pubeurope.com\/@fr\/114842024250902207","error":""},"_links":{"self":[{"href":"https:\/\/www.europesays.com\/fr\/wp-json\/wp\/v2\/posts\/245637","targetHints":{"allow":["GET"]}}],"collection":[{"href":"https:\/\/www.europesays.com\/fr\/wp-json\/wp\/v2\/posts"}],"about":[{"href":"https:\/\/www.europesays.com\/fr\/wp-json\/wp\/v2\/types\/post"}],"author":[{"embeddable":true,"href":"https:\/\/www.europesays.com\/fr\/wp-json\/wp\/v2\/users\/2"}],"replies":[{"embeddable":true,"href":"https:\/\/www.europesays.com\/fr\/wp-json\/wp\/v2\/comments?post=245637"}],"version-history":[{"count":0,"href":"https:\/\/www.europesays.com\/fr\/wp-json\/wp\/v2\/posts\/245637\/revisions"}],"wp:featuredmedia":[{"embeddable":true,"href":"https:\/\/www.europesays.com\/fr\/wp-json\/wp\/v2\/media\/245638"}],"wp:attachment":[{"href":"https:\/\/www.europesays.com\/fr\/wp-json\/wp\/v2\/media?parent=245637"}],"wp:term":[{"taxonomy":"category","embeddable":true,"href":"https:\/\/www.europesays.com\/fr\/wp-json\/wp\/v2\/categories?post=245637"},{"taxonomy":"post_tag","embeddable":true,"href":"https:\/\/www.europesays.com\/fr\/wp-json\/wp\/v2\/tags?post=245637"}],"curies":[{"name":"wp","href":"https:\/\/api.w.org\/{rel}","templated":true}]}}