{"id":245644,"date":"2025-07-12T19:59:10","date_gmt":"2025-07-12T19:59:10","guid":{"rendered":"https:\/\/www.europesays.com\/fr\/245644\/"},"modified":"2025-07-12T19:59:10","modified_gmt":"2025-07-12T19:59:10","slug":"dans-le-top-10-de-levian-championship-nastasia-nadaud-partira-dimanche-a-10-heures-lequipe","status":"publish","type":"post","link":"https:\/\/www.europesays.com\/fr\/245644\/","title":{"rendered":"Dans le top 10 de l&#039;Evian Championship, Nastasia Nadaud partira dimanche \u00e0 10 heures &#8211; L&#039;\u00c9quipe"},"content":{"rendered":"<ol>\n<li><a href=\"https:\/\/news.google.com\/rss\/articles\/CBMiygFBVV95cUxPR1JMNFpYQlRFNlk2UEtBM3BxTWJMTVdma0NIX0c1Y0NlM3hqVHJ2VnpYS2llUkhtaW5qcngyTDBPejBobHlkTFhrUkFiNWdMVkhtT21HSUZIRjkwYWJlUXFoXy12elFHSnRYWVJ1RW1WWk9VbENRckFVV05DWnhyWjJXN3BwRmtBaDBab212OEpXY0dqQjlDUElLcWhYd25EZS1WZVQzYVlsYm94TnZxUjhfM01OZGhYNDRqcjlQbWdrWTFxWFFjakx3?oc=5\" target=\"_blank\" rel=\"nofollow noopener\">Dans le top 10 de l&rsquo;Evian Championship, Nastasia Nadaud partira dimanche \u00e0 10 heures<\/a>&nbsp;&nbsp;L&rsquo;\u00c9quipe<\/li>\n<li><a href=\"https:\/\/news.google.com\/rss\/articles\/CBMisAFBVV95cUxQeHEtbU5WcjluZ0JzbWJ0WnhiX2lGZE5xaC1EVTd1LUZmOWVSSm1QRnIxMTRpanZqeXpmY0Jaal82N2VxbDE3LTJURWFORFlUWk5kdE5sSzBhQ0pFMTFfbFBnUmlQWVVBLWhZMVFIQkp4czY2ZzNNX0ZXVUd3MG5QU2dEYlVpX25taFFaeFRLTHpKUlA0a3drNGhMMHBNV29qcThzUVNMU0V0ZHo5V0RzOQ?oc=5\" target=\"_blank\" rel=\"nofollow noopener\">The Amundi Evian Championship : Nadaud d\u00e9complex\u00e9e \u00e0 la maison<\/a>&nbsp;&nbsp;F\u00e9d\u00e9ration fran\u00e7aise de golf (ffgolf)<\/li>\n<li><a href=\"https:\/\/news.google.com\/rss\/articles\/CBMixAFBVV95cUxQNU51alVmOW1WM0NfbzhPMDBsWDJJYmZqSUllMWdvUFdySnE1bEI5NEFYcDFQOE11a0hEcjM2OEdYekwzeEtMaWtiRFd5QlN5TWZNcTlveHBvRDY3emRNYV9ZR0RBU1B1NzJVR2tXU2FlSkt1RW9rOXRBY0xoNTdzWFBpTFFCX3d0TTN0TUpod3FtQy1tOTR5SEZCVE1qS1VJVmFJMngzSkNxV3c1LTd1VnhtdE1lcE5MM2lxVUVsWEp6cnZG?oc=5\" target=\"_blank\" rel=\"nofollow noopener\">Golf : la jeune Nastasia Nadaud \u00e0 trois coups de la t\u00eate de l\u2019Evian Championship<\/a>&nbsp;&nbsp;Sud Ouest<\/li>\n<li><a href=\"https:\/\/news.google.com\/rss\/articles\/CBMid0FVX3lxTE1Ja2trRndBZ0JVTlV1T3R4NVBGZFV6SzlWcFV6WTcybWRzUkhta2VWR0hQTWgtdjV0NzhMSUNHeU1qUDJPaTV0dlF1Z293VlRsTUIwS1RRUmM3SElIVG14eTYyUkdDUWg5RU5nbnU0U0l3aXJvUzlV?oc=5\" target=\"_blank\" rel=\"nofollow noopener\">2e tour. 3e partie<\/a>&nbsp;&nbsp;CANAL+<\/li>\n<li><a href=\"https:\/\/news.google.com\/rss\/articles\/CBMi7gFBVV95cUxOc0JqSnhPb3E0NWZWTFZtcTVzTHpMNkpkUFo2T2I2TnE5YklpejhlSWRjWUR6Z0d2WEVrQ3ZXNWpnREh0ZWpYUXRtd3NieDBlQTl2NGE3UzZmZDFtWHJRUl8xUFFmRHp2Qm4yTmJrQ2syRUVGaHNPT1J6T0JkemRhcURzcWYxQlpGcjgzRDVVRGxYemtTcmE0cnFRcTRBUzNBLU5FQTNid3BrRjdVbDFJUGVxWFd2TnhJWFRacVFMeTRfU3YxLWh1YzNIM2NhQmRLMzQxdjJwRm9NWmVjYmU5enhVM21lZ3FvekVqWTBB?oc=5\" target=\"_blank\" rel=\"nofollow noopener\">Perrine Delacour passe le cut de l&rsquo;Amundi Evian Championship &#8211; Golf &#8211; Evian Championship<\/a>&nbsp;&nbsp;sports.orange.fr<\/li>\n<\/ol>\n","protected":false},"excerpt":{"rendered":"Dans le top 10 de l&rsquo;Evian Championship, Nastasia Nadaud partira dimanche \u00e0 10 heures&nbsp;&nbsp;L&rsquo;\u00c9quipe The Amundi Evian Championship&hellip;\n","protected":false},"author":2,"featured_media":245645,"comment_status":"","ping_status":"","sticky":false,"template":"","format":"standard","meta":{"footnotes":""},"categories":[1418],"tags":[1011,27,1472,60],"class_list":{"0":"post-245644","1":"post","2":"type-post","3":"status-publish","4":"format-standard","5":"has-post-thumbnail","7":"category-golf","8":"tag-fr","9":"tag-france","10":"tag-golf","11":"tag-sports"},"share_on_mastodon":{"url":"https:\/\/pubeurope.com\/@fr\/114842039920131926","error":""},"_links":{"self":[{"href":"https:\/\/www.europesays.com\/fr\/wp-json\/wp\/v2\/posts\/245644","targetHints":{"allow":["GET"]}}],"collection":[{"href":"https:\/\/www.europesays.com\/fr\/wp-json\/wp\/v2\/posts"}],"about":[{"href":"https:\/\/www.europesays.com\/fr\/wp-json\/wp\/v2\/types\/post"}],"author":[{"embeddable":true,"href":"https:\/\/www.europesays.com\/fr\/wp-json\/wp\/v2\/users\/2"}],"replies":[{"embeddable":true,"href":"https:\/\/www.europesays.com\/fr\/wp-json\/wp\/v2\/comments?post=245644"}],"version-history":[{"count":0,"href":"https:\/\/www.europesays.com\/fr\/wp-json\/wp\/v2\/posts\/245644\/revisions"}],"wp:featuredmedia":[{"embeddable":true,"href":"https:\/\/www.europesays.com\/fr\/wp-json\/wp\/v2\/media\/245645"}],"wp:attachment":[{"href":"https:\/\/www.europesays.com\/fr\/wp-json\/wp\/v2\/media?parent=245644"}],"wp:term":[{"taxonomy":"category","embeddable":true,"href":"https:\/\/www.europesays.com\/fr\/wp-json\/wp\/v2\/categories?post=245644"},{"taxonomy":"post_tag","embeddable":true,"href":"https:\/\/www.europesays.com\/fr\/wp-json\/wp\/v2\/tags?post=245644"}],"curies":[{"name":"wp","href":"https:\/\/api.w.org\/{rel}","templated":true}]}}