{"id":245648,"date":"2025-07-12T20:02:08","date_gmt":"2025-07-12T20:02:08","guid":{"rendered":"https:\/\/www.europesays.com\/fr\/245648\/"},"modified":"2025-07-12T20:02:08","modified_gmt":"2025-07-12T20:02:08","slug":"pas-de-finale-pour-wawrinka-dans-le-challenger-diasi-rts-ch","status":"publish","type":"post","link":"https:\/\/www.europesays.com\/fr\/245648\/","title":{"rendered":"Pas de finale pour Wawrinka dans le Challenger d&rsquo;Iasi &#8211; rts.ch"},"content":{"rendered":"<p>Stan Wawrinka (ATP 153) a \u00e9chou\u00e9 en demi-finale du Challenger d&rsquo;Iasi. Le \u00ab\u00a0quadra\u00a0\u00bb vaudois s&rsquo;est inclin\u00e9 6-2 7-6 (7\/4) devant Elmer M\u00f6ller (117) samedi sur la terre battue roumaine.<\/p>\n<p>Largement domin\u00e9 dans un premier set o\u00f9 il a perdu trois fois son service, Stan Wawrinka a eu le m\u00e9rite de s&rsquo;accrocher face au Danois de 22 ans. Il a ainsi recoll\u00e9 \u00e0 5-5 dans la deuxi\u00e8me manche apr\u00e8s avoir \u00e9cart\u00e9 une premi\u00e8re balle de match \u00e0 5-3 et une deuxi\u00e8me \u00e0 5-4. Mais il a fini par plier au tie-break.<\/p>\n<p>L&rsquo;ex-no 3 mondial va pouvoir rejoindre Gstaad, o\u00f9 il sera oppos\u00e9 au Kazakhe Alexander Shevchenko (98) au 1er tour du tableau de simple. Il est \u00e9galement engag\u00e9 en double dans l&rsquo;Oberland bernois, o\u00f9 il sera associ\u00e9 au B\u00e2lois de 18 ans Henry Bernet.<\/p>\n<p class=\"sources\">ats\/tzing<\/p>\n","protected":false},"excerpt":{"rendered":"Stan Wawrinka (ATP 153) a \u00e9chou\u00e9 en demi-finale du Challenger d&rsquo;Iasi. Le \u00ab\u00a0quadra\u00a0\u00bb vaudois s&rsquo;est inclin\u00e9 6-2 7-6&hellip;\n","protected":false},"author":2,"featured_media":245649,"comment_status":"","ping_status":"","sticky":false,"template":"","format":"standard","meta":{"footnotes":""},"categories":[1415],"tags":[11170,1011,27,38537,517,60,2232,1467],"class_list":{"0":"post-245648","1":"post","2":"type-post","3":"status-publish","4":"format-standard","5":"has-post-thumbnail","7":"category-tennis","8":"tag-demi-finale","9":"tag-fr","10":"tag-france","11":"tag-henry-bernet","12":"tag-sport","13":"tag-sports","14":"tag-stanislas-wawrinka","15":"tag-tennis"},"share_on_mastodon":{"url":"https:\/\/pubeurope.com\/@fr\/114842051714341847","error":""},"_links":{"self":[{"href":"https:\/\/www.europesays.com\/fr\/wp-json\/wp\/v2\/posts\/245648","targetHints":{"allow":["GET"]}}],"collection":[{"href":"https:\/\/www.europesays.com\/fr\/wp-json\/wp\/v2\/posts"}],"about":[{"href":"https:\/\/www.europesays.com\/fr\/wp-json\/wp\/v2\/types\/post"}],"author":[{"embeddable":true,"href":"https:\/\/www.europesays.com\/fr\/wp-json\/wp\/v2\/users\/2"}],"replies":[{"embeddable":true,"href":"https:\/\/www.europesays.com\/fr\/wp-json\/wp\/v2\/comments?post=245648"}],"version-history":[{"count":0,"href":"https:\/\/www.europesays.com\/fr\/wp-json\/wp\/v2\/posts\/245648\/revisions"}],"wp:featuredmedia":[{"embeddable":true,"href":"https:\/\/www.europesays.com\/fr\/wp-json\/wp\/v2\/media\/245649"}],"wp:attachment":[{"href":"https:\/\/www.europesays.com\/fr\/wp-json\/wp\/v2\/media?parent=245648"}],"wp:term":[{"taxonomy":"category","embeddable":true,"href":"https:\/\/www.europesays.com\/fr\/wp-json\/wp\/v2\/categories?post=245648"},{"taxonomy":"post_tag","embeddable":true,"href":"https:\/\/www.europesays.com\/fr\/wp-json\/wp\/v2\/tags?post=245648"}],"curies":[{"name":"wp","href":"https:\/\/api.w.org\/{rel}","templated":true}]}}