{"id":245662,"date":"2025-07-12T20:11:20","date_gmt":"2025-07-12T20:11:20","guid":{"rendered":"https:\/\/www.europesays.com\/fr\/245662\/"},"modified":"2025-07-12T20:11:20","modified_gmt":"2025-07-12T20:11:20","slug":"romy-secret-story-2025-raconte-le-terrible-accident-dont-elle-a-ete-victime-avant-dentrer-dans-la-maison-des-secrets","status":"publish","type":"post","link":"https:\/\/www.europesays.com\/fr\/245662\/","title":{"rendered":"Romy (Secret Story 2025) raconte le terrible accident dont elle a \u00e9t\u00e9 victime avant d&rsquo;entrer dans la Maison des Secrets"},"content":{"rendered":"<p>Dans un extrait du live de Secret Story 2025 diffus\u00e9 ce samedi 12 juillet sur TF1+, Romy a racont\u00e9 \u00e0 Adrien et Constance le terrible accident qu&rsquo;elle a eu avant d&rsquo;entrer dans la Maison des Secrets. La candidate a failli mourir et a \u00e9t\u00e9 secourue in extremis.<\/p>\n<p>Lors du dernier prime de Secret Story 2025, La Voix a fait une grande annonce :<a href=\"https:\/\/www.programme-tv.net\/news\/tele-realite\/383150-secret-story-2025-voici-le-resume-du-prime-de-ce-jeudi-10-juillet\/\" data-api-deeplink=\"teleloisirs:\/\/news\/383150\" target=\"_blank\" rel=\"noopener\"> la s\u00e9paration des habitants en deux maisons<\/a>. Ethan, Mayer, Pimprenelle, A\u00efmed et Anita sont rest\u00e9s dans la Maison des Secrets tandis que Romy, Constance, Adrien et Noah ont fait leurs valises et ont emm\u00e9nag\u00e9 dans la Maison de Cristal. L&rsquo;occasion pour les candidats de faire plus ample connaissance avec leurs ennemis dans le jeu puisque les deux alliances sont d\u00e9sormais divis\u00e9es. Dans un extrait du <a href=\"https:\/\/www.programme-tv.net\/news\/tele-realite\/379203-date-de-lancement-retour-des-primes-decouvrez-toutes-les-infos-sur-la-nouvelle-saison-de-secret-story-2025-sur-tf1-et-tfx\/\" data-api-deeplink=\"teleloisirs:\/\/news\/379203\" target=\"_blank\" rel=\"noopener\">live de Secret Story diffus\u00e9 sur TF1+<\/a>, Romy a racont\u00e9 une anecdote sur une exp\u00e9rience traumatisante qu&rsquo;elle a v\u00e9cue avant de faire son entr\u00e9e dans la Maison des Secrets.<\/p>\n<p>Romy (Secret Story) raconte le terrible accident dont elle a \u00e9t\u00e9 victime : \u00ab\u00a0J&rsquo;ai failli mourir dans la mer\u00a0\u00bb<\/p>\n<p>Autour du jacuzzi avec Adrien et Constance, Romy a r\u00e9v\u00e9l\u00e9 avoir failli perdre la vie avant d&rsquo;entrer dans la saison 13 de Secret Story.<b> \u00ab\u00a0J&rsquo;ai failli mourir dans la mer, dans un rouleau, dans un tourbillon\u00a0\u00bb<\/b>, a-t-elle rapport\u00e9. \u00ab\u00a0Tu n&rsquo;avais plus de souffle ? \u00c7a fait peur \u00e7a\u00a0\u00bb, a demand\u00e9 Adrien. \u00ab\u00a0\u00c7a fait trop peur. J&rsquo;ai trop fait la maligne. Je me suis \u00e9loign\u00e9e, [\u2026] j&rsquo;ai continu\u00e9, j&rsquo;ai continu\u00e9, j&rsquo;ai cru que j&rsquo;\u00e9tais un poisson et au moment o\u00f9 je veux faire marche arri\u00e8re, ce n&rsquo;est pas comme [je] le pr\u00e9voyais\u00a0\u00bb, a racont\u00e9 la candidate avant de poursuivre : \u00ab\u00a0Ma meilleure amie \u00e9tait avec moi dedans et je l&rsquo;ai vue partir, elle a r\u00e9ussi \u00e0 s&rsquo;\u00e9chapper du truc mais moi, je n&rsquo;ai pas r\u00e9ussi. C&rsquo;\u00e9tait le stress, je n&rsquo;avais plus de force&#8230; <b>Je n&rsquo;arrive pas \u00e0 reprendre mon corps pour retourner sur la plage, laisse-moi te dire que j&rsquo;\u00e9tais en panique totale<\/b>.\u00a0\u00bb Finalement, Romy a pu regagner la plage saine et sauve. \u00ab\u00a0On est venue me secourir, on m&rsquo;a tra\u00een\u00e9e\u00a0\u00bb, s&rsquo;est-elle souvenue.<\/p>\n<p>                        Secret Story 2025 : quel est le secret de Romy ?<\/p>\n<p>Candidate de la saison 13 de Secret Story, Romy est d\u00e9j\u00e0 bien connue des t\u00e9l\u00e9spectateurs. <a href=\"https:\/\/www.programme-tv.net\/news\/tele-realite\/380797-le-secret-de-romy-secret-story-2025-deja-decouvert-par-les-internautes-elle-serait-un-meme-culte-sur-internet\/\" data-api-deeplink=\"teleloisirs:\/\/news\/380797\" target=\"_blank\" rel=\"noopener\">Son secret est \u00ab\u00a0Je suis un ph\u00e9nom\u00e8ne viral\u00a0\u00bb<\/a>. Elle est devenue un meme culte sur Internet apr\u00e8s avoir r\u00e9pondu \u00e0 un micro-trottoir diffus\u00e9 sur les r\u00e9seaux sociaux quand elle \u00e9tait \u00e2g\u00e9e de 13 ans. D\u00e9j\u00e0 \u00e0 l&rsquo;\u00e9poque, elle n&rsquo;avait qu&rsquo;un r\u00eave : passer \u00e0 la t\u00e9l\u00e9. C&rsquo;est chose faite !<\/p>\n","protected":false},"excerpt":{"rendered":"Dans un extrait du live de Secret Story 2025 diffus\u00e9 ce samedi 12 juillet sur TF1+, Romy a&hellip;\n","protected":false},"author":2,"featured_media":245663,"comment_status":"","ping_status":"","sticky":false,"template":"","format":"standard","meta":{"footnotes":""},"categories":[1356],"tags":[244,58,59,1011,27,37473,37469,37470,37471,37472,36478,29901,37474,37468,252,30052,2175,1364],"class_list":{"0":"post-245662","1":"post","2":"type-post","3":"status-publish","4":"format-standard","5":"has-post-thumbnail","7":"category-television","8":"tag-commentaire","9":"tag-divertissement","10":"tag-entertainment","11":"tag-fr","12":"tag-france","13":"tag-la-quotidienne-1099514145","14":"tag-la-quotidienne-1099539196","15":"tag-la-quotidienne-1099553915","16":"tag-la-quotidienne-1099565530","17":"tag-la-quotidienne-1099565538","18":"tag-romy-secret-story-13","19":"tag-secret-story","20":"tag-secret-story-1099553929","21":"tag-secret-story-40318845","22":"tag-television","23":"tag-tfx","24":"tag-tl-story","25":"tag-tv"},"share_on_mastodon":{"url":"https:\/\/pubeurope.com\/@fr\/114842087222139042","error":""},"_links":{"self":[{"href":"https:\/\/www.europesays.com\/fr\/wp-json\/wp\/v2\/posts\/245662","targetHints":{"allow":["GET"]}}],"collection":[{"href":"https:\/\/www.europesays.com\/fr\/wp-json\/wp\/v2\/posts"}],"about":[{"href":"https:\/\/www.europesays.com\/fr\/wp-json\/wp\/v2\/types\/post"}],"author":[{"embeddable":true,"href":"https:\/\/www.europesays.com\/fr\/wp-json\/wp\/v2\/users\/2"}],"replies":[{"embeddable":true,"href":"https:\/\/www.europesays.com\/fr\/wp-json\/wp\/v2\/comments?post=245662"}],"version-history":[{"count":0,"href":"https:\/\/www.europesays.com\/fr\/wp-json\/wp\/v2\/posts\/245662\/revisions"}],"wp:featuredmedia":[{"embeddable":true,"href":"https:\/\/www.europesays.com\/fr\/wp-json\/wp\/v2\/media\/245663"}],"wp:attachment":[{"href":"https:\/\/www.europesays.com\/fr\/wp-json\/wp\/v2\/media?parent=245662"}],"wp:term":[{"taxonomy":"category","embeddable":true,"href":"https:\/\/www.europesays.com\/fr\/wp-json\/wp\/v2\/categories?post=245662"},{"taxonomy":"post_tag","embeddable":true,"href":"https:\/\/www.europesays.com\/fr\/wp-json\/wp\/v2\/tags?post=245662"}],"curies":[{"name":"wp","href":"https:\/\/api.w.org\/{rel}","templated":true}]}}