{"id":245668,"date":"2025-07-12T20:14:10","date_gmt":"2025-07-12T20:14:10","guid":{"rendered":"https:\/\/www.europesays.com\/fr\/245668\/"},"modified":"2025-07-12T20:14:10","modified_gmt":"2025-07-12T20:14:10","slug":"cette-verite-qui-derange-sur-la-pause-dejeuner","status":"publish","type":"post","link":"https:\/\/www.europesays.com\/fr\/245668\/","title":{"rendered":"cette v\u00e9rit\u00e9 qui d\u00e9range sur la pause d\u00e9jeuner"},"content":{"rendered":"<p>Les salari\u00e9s sautent de plus en plus leurs pauses-d\u00e9jeuner si l\u2019on en croit une nouvelle \u00e9tude r\u00e9alis\u00e9e par des chercheurs d\u2019ezCater, une entreprise de technologie alimentaire aux \u00c9tats-Unis. Pour y voir plus clair, les scientifiques ont interrog\u00e9 5000 employ\u00e9s dans tout le pays.<\/p>\n<p> Un constat probl\u00e9matique <\/p>\n<p>Il s\u2019av\u00e8re donc que 49\u00a0% des r\u00e9pondants reconnaissent sauter le d\u00e9jeuner au moins une fois par semaine. Ils ne sont m\u00eame que 38\u00a0% \u00e0 pouvoir prendre une pause \u00e0 la mi-journ\u00e9e tous les jours de la semaine. C\u2019est d\u2019autant plus probl\u00e9matique que cette absence de break peut avoir de vraies cons\u00e9quences \u00e0 long terme en mati\u00e8re de sant\u00e9 mentale et physique.<\/p>\n<p>Mais pourquoi ces employ\u00e9s agissent-ils de la sorte\u00a0? D\u2019apr\u00e8s l\u2019enqu\u00eate, certains estiment qu\u2019ils n\u2019auront pas assez de temps pour terminer leurs t\u00e2ches et ils sont donc surcharg\u00e9s de travail. D\u2019autres sont aussi assomm\u00e9s par des r\u00e9unions inutiles qui s\u2019encha\u00eenent et les forcent \u00e0 sacrifier ces moments essentiels. Enfin, certains sond\u00e9s veulent terminer leur journ\u00e9e plus t\u00f4t.<\/p>\n<p>M\u00eame en se pla\u00e7ant du point de vue patronal, ce constat est probl\u00e9matique. En effet, 98\u00a0% des salari\u00e9s interrog\u00e9s estiment que la pause d\u00e9jeuner permet d\u2019am\u00e9liorer leur productivit\u00e9 et leur performance au travail. Les entreprises auraient donc tout int\u00e9r\u00eat \u00e0 revoir leurs organisations pour emp\u00eacher ces situations pr\u00e9judiciables.<\/p>\n<p>D\u2019apr\u00e8s Fortune, qui relaie cette enqu\u00eate, les plus jeunes travailleurs ont de leur c\u00f4t\u00e9 adopt\u00e9 une culture des pauses caf\u00e9 am\u00e9lior\u00e9es o\u00f9 ils consomment des gourmandises sucr\u00e9es. Ces instants de d\u00e9tente permettent des instants de socialisation en entreprise. Cette app\u00e9tence est d\u2019ailleurs boost\u00e9e par une tendance <a href=\"https:\/\/www.presse-citron.net\/telecharger\/internet\/communautes\/tiktok-musical-ly.html\" target=\"_blank\" rel=\"false noopener\">TikTok<\/a> d\u00e9nomm\u00e9e \u201clittle treat\u201d.<\/p>\n<p> Les pauses caf\u00e9 sont aussi importantes <\/p>\n<p>Pour compl\u00e9ter, on peut rappeler cette recherche men\u00e9e par des scientifiques de l\u2019Universit\u00e9 de Sydney. Ces derniers ont conclu que les pauses, m\u00eame de courte dur\u00e9e, permettent de restaurer l\u2019attention d\u2019une personne et sa capacit\u00e9 d\u2019apprentissage.<\/p>\n<p>Le docteur Paul Ginns, professeur associ\u00e9 en psychologie de l\u2019\u00e9ducation, souligne ainsi\u00a0: \u00ab\u00a0Si vous souhaitez \u00eatre plus productif dans votre travail ou vos \u00e9tudes, vous devez inclure de simples pauses de cinq minutes o\u00f9 vous ne faites rien. Vous devez faire quelque chose de diff\u00e9rent pendant ces cinq minutes\u00a0\u00bb. Avez-vous constat\u00e9 cette tendance dans votre vie professionnelle\u00a0? Dites-le-nous dans les commentaires.<\/p>\n<p>Ce qu\u2019il faut retenir\u00a0:<\/p>\n<ul class=\"tldr\">\n<li>Les employ\u00e9s ont tendance \u00e0 sauter leurs pauses d\u00e9jeuner, selon une \u00e9tude<\/li>\n<li>C\u2019est notamment d\u00fb \u00e0 une surcharge de travail et \u00e0 des r\u00e9unions inutiles et trop longues<\/li>\n<li>C\u2019est un souci pour la sant\u00e9 mentale et physique des travailleurs et m\u00eame pour l\u2019efficacit\u00e9 des entreprises<\/li>\n<\/ul>\n<blockquote>\n<p class=\"text-base text-neutral-700 dark:text-neutral-300\">\ud83d\udccd Pour ne manquer aucune actualit\u00e9 de Presse-citron, suivez-nous sur <a href=\"https:\/\/news.google.com\/publications\/CAAqBggKMIPiNTC70wU?hl=fr&amp;gl=FR&amp;ceid=FR%3Afr\" target=\"_blank\" rel=\"noopener\">Google Actualit\u00e9s<\/a> et <a href=\"https:\/\/whatsapp.com\/channel\/0029VaCkGuz4NViitBXbEr0b\" target=\"_blank\" rel=\"noopener\">WhatsApp<\/a>.<\/p>\n<\/blockquote>\n","protected":false},"excerpt":{"rendered":"Les salari\u00e9s sautent de plus en plus leurs pauses-d\u00e9jeuner si l\u2019on en croit une nouvelle \u00e9tude r\u00e9alis\u00e9e par&hellip;\n","protected":false},"author":2,"featured_media":245669,"comment_status":"","ping_status":"","sticky":false,"template":"","format":"standard","meta":{"footnotes":""},"categories":[10],"tags":[1011,27,72,71,3847],"class_list":{"0":"post-245668","1":"post","2":"type-post","3":"status-publish","4":"format-standard","5":"has-post-thumbnail","7":"category-sante","8":"tag-fr","9":"tag-france","10":"tag-health","11":"tag-sante","12":"tag-travail"},"share_on_mastodon":{"url":"https:\/\/pubeurope.com\/@fr\/114842098992132402","error":""},"_links":{"self":[{"href":"https:\/\/www.europesays.com\/fr\/wp-json\/wp\/v2\/posts\/245668","targetHints":{"allow":["GET"]}}],"collection":[{"href":"https:\/\/www.europesays.com\/fr\/wp-json\/wp\/v2\/posts"}],"about":[{"href":"https:\/\/www.europesays.com\/fr\/wp-json\/wp\/v2\/types\/post"}],"author":[{"embeddable":true,"href":"https:\/\/www.europesays.com\/fr\/wp-json\/wp\/v2\/users\/2"}],"replies":[{"embeddable":true,"href":"https:\/\/www.europesays.com\/fr\/wp-json\/wp\/v2\/comments?post=245668"}],"version-history":[{"count":0,"href":"https:\/\/www.europesays.com\/fr\/wp-json\/wp\/v2\/posts\/245668\/revisions"}],"wp:featuredmedia":[{"embeddable":true,"href":"https:\/\/www.europesays.com\/fr\/wp-json\/wp\/v2\/media\/245669"}],"wp:attachment":[{"href":"https:\/\/www.europesays.com\/fr\/wp-json\/wp\/v2\/media?parent=245668"}],"wp:term":[{"taxonomy":"category","embeddable":true,"href":"https:\/\/www.europesays.com\/fr\/wp-json\/wp\/v2\/categories?post=245668"},{"taxonomy":"post_tag","embeddable":true,"href":"https:\/\/www.europesays.com\/fr\/wp-json\/wp\/v2\/tags?post=245668"}],"curies":[{"name":"wp","href":"https:\/\/api.w.org\/{rel}","templated":true}]}}