{"id":245670,"date":"2025-07-12T20:15:12","date_gmt":"2025-07-12T20:15:12","guid":{"rendered":"https:\/\/www.europesays.com\/fr\/245670\/"},"modified":"2025-07-12T20:15:12","modified_gmt":"2025-07-12T20:15:12","slug":"il-y-a-un-trou-generationnel-cest-evident-les-raisons-du-desert-francais-en-sprint-lequipe","status":"publish","type":"post","link":"https:\/\/www.europesays.com\/fr\/245670\/","title":{"rendered":"\u00ab Il y a un trou g\u00e9n\u00e9rationnel, c&#039;est \u00e9vident \u00bb : les raisons du d\u00e9sert fran\u00e7ais en sprint &#8211; L&#039;\u00c9quipe"},"content":{"rendered":"<ol>\n<li><a href=\"https:\/\/news.google.com\/rss\/articles\/CBMi2gFBVV95cUxPM1lzWEc3a0NjcVQ1czVTYnZKLVh3a2I4YkRNOUlyckJnMENtNm5sU0s0c1dOS2M0ZmlQSEpUakRBbVVfYUZ4Ul9qRjNTTldDb1RUZG4zVXJSeUVXUWJfSjZWOUVSeGJTSHpra3gyVklJdjc0c2pWcGZ4NDBZWlJNc25DSzRFTndhV21IUEk5cV9CckwzNHhuZHNFalR2Qjd1NVJDS1gxSVBmVGl0dDFaSG52ejNlbDlveG5zM1d0aWpYdU1yd1hIUHVfODRvNTBDUGpOem5KbkNpdw?oc=5\" target=\"_blank\" rel=\"noopener\">\u00ab Il y a un trou g\u00e9n\u00e9rationnel, c&rsquo;est \u00e9vident \u00bb : les raisons du d\u00e9sert fran\u00e7ais en sprint<\/a>&nbsp;&nbsp;L&rsquo;\u00c9quipe<\/li>\n<li><a href=\"https:\/\/news.google.com\/rss\/articles\/CBMi3wFBVV95cUxPMmp4UlZTQkVKdTlpOGxEeGk2eW8zLVhqS1FPYXFlWUtzLU00Q01fNnozNmV0ZHZIbUxYaUlKLWdwS0pobnJ4OXcyQ1hZSE10RWlxWlhYaUIteW44SDFlTjNCMV9QNW1ZMGp4enhGcERrY1JFYWFLOGM3SlpqMGg0YjlETFVFWmFXT19pRjVKUFAzNlRMU01WWnZ1R2VuSHY5UHdtaGx1NEhSNXJnY2E1b1djcGhiRzZDOWtuQmlQNVZnbnJOZWtTbjM3ZWxnaVBJSHNPQjB1Tk9Rck1mdjlZ0gHeAUFVX3lxTE5BVlZFbHRONE1RM1lvUjlGOVpFX0xWTjEzYk1KbjVXYlRrR0RreGtkOFpfMHpSZ0l0MFdoaDBuMzNCX2Q2RURrWGNMNkZDUmFfTklSZXgxWEJBcjZMT1BlM0pmbFhMZFN4VnZnbXVEbGU4dWRBWEZiWW5ldkxEcUNnRWphc1ozSXF1dS1qTXZPMTItQ3FUMl9mMzdxUDlxT0Zyemk0bFlGSTlRelFVVjdqSkkzZTJXSzJQWEpfcnAzN1BtOFBTVDhpVlBWcDBhMWhhb1hJYXA2MmNxQ0ZSUQ?oc=5\" target=\"_blank\" rel=\"noopener\">Tour de France : Sagan mise sur van der Poel pour le maillot vert<\/a>&nbsp;&nbsp;sports.orange.fr<\/li>\n<li><a href=\"https:\/\/news.google.com\/rss\/articles\/CBMiwAFBVV95cUxNWkk5QmE2UTVmejN6TG9CR2s5d3ZTR1Ztb0xlQmxyUzR4SzlQN18yLWRvVzh6a1ZQeXlCN2xnd2NnbzlJU18xOGVmTFA4NC1MVE1saFN5NlU0cGRoZlhxMWhGVE42Q1NQbl91MUhjOTBtQWhKRkNLQVVOOXpVWVoyZzVIQUg3bXlSeGpQTG1BdGJOOWRQYlE5dnFqWVlvMVVqbjB4SVp3UEo2ZG56eGVveE5VWnRjdTRHU1Zxc2RvREc?oc=5\" target=\"_blank\" rel=\"noopener\">TDF. Tour de France &#8211; Kim Andersen : \u00abLe favori pour le maillot vert ? C&rsquo;est Pogacar !\u00bb<\/a>&nbsp;&nbsp;Cyclism&rsquo;Actu<\/li>\n<li><a href=\"https:\/\/news.google.com\/rss\/articles\/CBMi3AFBVV95cUxPTk10dG92SW1ub3JUdUl3aUl2MjRxeGNoRWstX2VZZktoZ1ZibGdoYzNQcFN2eURIMGdOcmlwLTFBZWdPUXhzTWxnTjhfeEJtdGFQT3pWdmx6RUktRV9RVUUxeE9yRDE0R3BpLVlLLWh0Y1pXeFdmUnc5aHBPNUV4SEM3ZFpWWG9FRkZiZkJqOVpxdDlaQnFIUWhFQ3BYclRQem5MMTVDLWRPdWZfRXo2WkMtZlZtYzl5S1piWnpjTm5fWm1WZWtUYkR3OW5SZDZ5dmdBRGMwSGlVSTZy?oc=5\" target=\"_blank\" rel=\"noopener\">Les sprinteurs, derni\u00e8re esp\u00e8ce \u00e0 l\u2019abri du pr\u00e9dateur Tadej Pogacar ?<\/a>&nbsp;&nbsp;20 Minutes<\/li>\n<li><a href=\"https:\/\/news.google.com\/rss\/articles\/CBMingJBVV95cUxOcVhyOU9NTEJZc3QzdC0ySWpZSEJRbU9jeXRPMW1SZ21ZNm9WR3kta1gxSHNKV1R4dE0xS0pwTVdxNVA0MUFlNVo2TkZCNDMyS0NOb1FfY2I5UlR0emRYMUZaeV9RM3BLa3Z5enZpV2JqTjUwX3BHX21fNWN0WlBBVWxjZ0dxQVk2ZVRtdFhXVHFZUEt4TkhsajlMYnE3cWdNYTh4RlNHOHJpcDhKMlNKNVRINFNEQkdMZExUUmpHMGUwQjVTRmxYN0NrRHNXQkdoZnNHX3BXdXkteUhqRmVCOHhDRDVsaDRVbjVDOWRiMzVYRFp6UV9leThlelBrR21BSDlzYk1MdmFGZzJvNGdqYWhJb3RXdnJlUC0tZXdB?oc=5\" target=\"_blank\" rel=\"noopener\">Tour de France 2025: \u00ab\u00a0Il y a des moments o\u00f9 il faut baisser la pression\u00a0\u00bb, Gouvenou justifie les deux \u00e9tapes de sprint du week-end<\/a>&nbsp;&nbsp;RMC Sport<\/li>\n<\/ol>\n","protected":false},"excerpt":{"rendered":"\u00ab Il y a un trou g\u00e9n\u00e9rationnel, c&rsquo;est \u00e9vident \u00bb : les raisons du d\u00e9sert fran\u00e7ais en sprint&nbsp;&nbsp;L&rsquo;\u00c9quipe&hellip;\n","protected":false},"author":2,"featured_media":245671,"comment_status":"","ping_status":"","sticky":false,"template":"","format":"standard","meta":{"footnotes":""},"categories":[9],"tags":[1011,27,60],"class_list":{"0":"post-245670","1":"post","2":"type-post","3":"status-publish","4":"format-standard","5":"has-post-thumbnail","7":"category-sports","8":"tag-fr","9":"tag-france","10":"tag-sports"},"share_on_mastodon":{"url":"https:\/\/pubeurope.com\/@fr\/114842102865652070","error":""},"_links":{"self":[{"href":"https:\/\/www.europesays.com\/fr\/wp-json\/wp\/v2\/posts\/245670","targetHints":{"allow":["GET"]}}],"collection":[{"href":"https:\/\/www.europesays.com\/fr\/wp-json\/wp\/v2\/posts"}],"about":[{"href":"https:\/\/www.europesays.com\/fr\/wp-json\/wp\/v2\/types\/post"}],"author":[{"embeddable":true,"href":"https:\/\/www.europesays.com\/fr\/wp-json\/wp\/v2\/users\/2"}],"replies":[{"embeddable":true,"href":"https:\/\/www.europesays.com\/fr\/wp-json\/wp\/v2\/comments?post=245670"}],"version-history":[{"count":0,"href":"https:\/\/www.europesays.com\/fr\/wp-json\/wp\/v2\/posts\/245670\/revisions"}],"wp:featuredmedia":[{"embeddable":true,"href":"https:\/\/www.europesays.com\/fr\/wp-json\/wp\/v2\/media\/245671"}],"wp:attachment":[{"href":"https:\/\/www.europesays.com\/fr\/wp-json\/wp\/v2\/media?parent=245670"}],"wp:term":[{"taxonomy":"category","embeddable":true,"href":"https:\/\/www.europesays.com\/fr\/wp-json\/wp\/v2\/categories?post=245670"},{"taxonomy":"post_tag","embeddable":true,"href":"https:\/\/www.europesays.com\/fr\/wp-json\/wp\/v2\/tags?post=245670"}],"curies":[{"name":"wp","href":"https:\/\/api.w.org\/{rel}","templated":true}]}}