{"id":245674,"date":"2025-07-12T20:17:11","date_gmt":"2025-07-12T20:17:11","guid":{"rendered":"https:\/\/www.europesays.com\/fr\/245674\/"},"modified":"2025-07-12T20:17:11","modified_gmt":"2025-07-12T20:17:11","slug":"la-proteine-dalzheimer-surprend-les-scientifiques-en-sinvitant-chez-les-bebes-quest-ce-que-cela-signifie","status":"publish","type":"post","link":"https:\/\/www.europesays.com\/fr\/245674\/","title":{"rendered":"La prot\u00e9ine d\u2019Alzheimer surprend les scientifiques en s\u2019invitant chez les b\u00e9b\u00e9s \u2013 Qu\u2019est-ce que cela signifie ?"},"content":{"rendered":"<p data-start=\"372\" data-end=\"1191\"><strong>Depuis des d\u00e9cennies,<br \/>\nla maladie d\u2019Alzheimer est \u00e9troitement associ\u00e9e \u00e0 deux prot\u00e9ines<br \/>\ncl\u00e9s dans le <a href=\"https:\/\/sciencepost.fr\/vous-aimez-sentir-lessence-voici-pourquoi-votre-cerveau-en-raffole-malgre-le-danger\/\" target=\"_blank\" rel=\"noopener nofollow\">cerveau<\/a> : la b\u00eata-amylo\u00efde, qui<br \/>\nforme des plaques, et la prot\u00e9ine tau, qui, une fois modifi\u00e9e par<br \/>\nphosphorylation, s\u2019agr\u00e8ge en enchev\u00eatrements d\u00e9l\u00e9t\u00e8res. Cette forme<br \/>\nphosphoryl\u00e9e, dite p-tau, est largement reconnue comme un marqueur<br \/>\nde la neurod\u00e9g\u00e9n\u00e9rescence caract\u00e9ristique d\u2019Alzheimer. Pourtant,<br \/>\nune \u00e9tude r\u00e9cente vient remettre en question cette vision. En<br \/>\neffet, des chercheurs ont d\u00e9couvert que les nouveau-n\u00e9s pr\u00e9sentent<br \/>\ndes niveaux de p-tau dans leur cerveau bien plus \u00e9lev\u00e9s que ceux<br \/>\ndes patients atteints de la maladie. Cette observation inattendue<br \/>\ninvite \u00e0 reconsid\u00e9rer le r\u00f4le de cette prot\u00e9ine, non plus<br \/>\nuniquement comme signe de maladie, mais aussi comme un composant<br \/>\nfondamental du d\u00e9veloppement c\u00e9r\u00e9bral.<\/strong><\/p>\n<p><strong data-start=\"1198\" data-end=\"1282\">Une pr\u00e9sence \u00e9lev\u00e9e de p-tau chez les tout-petits :<br \/>\nune surprise scientifique<\/strong><\/p>\n<p data-start=\"1284\" data-end=\"1798\">Les travaux men\u00e9s par Fernando<br \/>\nGonzalez-Ortiz et son \u00e9quipe \u00e0 l\u2019Universit\u00e9 de G\u00f6teborg, publi\u00e9s<br \/>\ndans <a href=\"https:\/\/academic.oup.com\/braincomms\/article\/7\/3\/fcaf221\/8158110?\" target=\"_blank\" rel=\"noopener nofollow\">Brain Communications<\/a>, ont d\u00e9but\u00e9<br \/>\npresque par hasard. En analysant des \u00e9chantillons de liquide<br \/>\nc\u00e9phalorachidien (LCR) de nouveau-n\u00e9s suspect\u00e9s d\u2019h\u00e9morragie<br \/>\nintraventriculaire, ils ont mesur\u00e9 des taux de p-tau jusqu\u2019\u00e0 vingt<br \/>\nfois sup\u00e9rieurs \u00e0 ceux observ\u00e9s chez des patients Alzheimer. Cette<br \/>\npremi\u00e8re observation soulevait cependant des doutes : ces b\u00e9b\u00e9s<br \/>\n\u00e9taient-ils vraiment repr\u00e9sentatifs, ou la pathologie sous-jacente<br \/>\nfaussait-elle les r\u00e9sultats ?<\/p>\n<p data-start=\"1800\" data-end=\"2247\">Pour lever cette incertitude,<br \/>\nl\u2019\u00e9quipe a analys\u00e9 des \u00e9chantillons de sang de cordon ombilical de<br \/>\nnouveau-n\u00e9s en parfaite sant\u00e9. Le constat fut le m\u00eame : des taux<br \/>\n\u00e9lev\u00e9s de p-tau, d\u00e9passant nettement ceux des personnes atteintes<br \/>\nd\u2019Alzheimer. Cette d\u00e9couverte paradoxale sugg\u00e8re que la<br \/>\nphosphorylation de tau n\u2019est pas n\u00e9cessairement toxique ou<br \/>\npathologique, mais peut \u00eatre physiologiquement normale, voire<br \/>\nessentielle, \u00e0 certaines \u00e9tapes de la vie.<\/p>\n<p><strong data-start=\"2254\" data-end=\"2330\">Tau phosphoryl\u00e9e : toxique ou utile ? Vers une<br \/>\nnouvelle compr\u00e9hension<\/strong><\/p>\n<p data-start=\"2332\" data-end=\"2760\">Cette mise en \u00e9vidence d\u2019un<br \/>\ntaux \u00e9lev\u00e9 de p-tau chez les nourrissons am\u00e8ne \u00e0 envisager que<br \/>\ncette prot\u00e9ine puisse avoir un r\u00f4le fonctionnel dans le cerveau en<br \/>\npleine croissance. Contrairement \u00e0 l\u2019image traditionnelle de la<br \/>\np-tau comme agent destructeur dans la maladie d\u2019Alzheimer, elle<br \/>\npourrait favoriser le d\u00e9veloppement des connexions neuronales et la<br \/>\nplasticit\u00e9 synaptique, processus cruciaux durant les premiers mois<br \/>\nde vie.<\/p>\n<p data-start=\"2762\" data-end=\"3108\">La question cl\u00e9 qui se pose<br \/>\nest alors : pourquoi le cerveau des nouveau-n\u00e9s tol\u00e8re-t-il ces<br \/>\nconcentrations \u00e9lev\u00e9es, et comment les r\u00e9gule-t-il ? La r\u00e9ponse<br \/>\nreste \u00e0 trouver, mais il est probable que des m\u00e9canismes<br \/>\nsp\u00e9cifiques contr\u00f4lent l\u2019\u00e9quilibre entre la formation et la<br \/>\nd\u00e9gradation de ces prot\u00e9ines, emp\u00eachant ainsi toute accumulation<br \/>\ntoxique.<\/p>\n<p><strong data-start=\"3115\" data-end=\"3179\">Implications pour la recherche sur la maladie<br \/>\nd\u2019Alzheimer<\/strong><\/p>\n<p data-start=\"3181\" data-end=\"3580\">Cette red\u00e9finition possible du<br \/>\nr\u00f4le de la prot\u00e9ine tau a des cons\u00e9quences majeures pour la<br \/>\ncompr\u00e9hension et le traitement de la maladie d\u2019Alzheimer. Depuis<br \/>\ndes ann\u00e9es, les recherches se focalisent principalement sur la<br \/>\nb\u00eata-amylo\u00efde, avec des traitements ciblant ses plaques. Ces<br \/>\napproches ont cependant montr\u00e9 des r\u00e9sultats mitig\u00e9s, voire<br \/>\nd\u00e9cevants, dans leur capacit\u00e9 \u00e0 freiner le d\u00e9clin cognitif.<\/p>\n<p data-start=\"3582\" data-end=\"3974\">L\u2019\u00e9tude de Gonzalez-Ortiz<br \/>\nsoutient l\u2019id\u00e9e que l\u2019attention devrait se porter davantage sur la<br \/>\nprot\u00e9ine tau, v\u00e9ritable responsable du d\u00e9clin neuronal observ\u00e9 dans<br \/>\nla maladie. Comprendre comment la phosphorylation de tau agit<br \/>\ndiff\u00e9remment dans un cerveau en d\u00e9veloppement et dans un cerveau<br \/>\nmalade pourrait ouvrir la voie \u00e0 de nouvelles th\u00e9rapies, plus<br \/>\ncibl\u00e9es et potentiellement plus efficaces.<\/p>\n<p><img loading=\"lazy\" data-lazyloaded=\"1\" decoding=\"async\" class=\"size-full wp-image-313160\" src=\"https:\/\/www.europesays.com\/fr\/wp-content\/uploads\/2025\/07\/tau-protein-microtubules-l.webp.webp\" alt=\"Alzheimer\" width=\"1200\" height=\"1771\"  data-\/><br \/>\nLes agr\u00e9gats de prot\u00e9ines tau sont repr\u00e9sent\u00e9s en bleu clair \u00e0<br \/>\nl\u2019int\u00e9rieur des microtubules magenta dans ce mod\u00e8le de pathologie<br \/>\ntau. Cr\u00e9dit image : Melina Gyparaki, laboratoire de Melike<br \/>\nLakadamyali, \u00c9cole de m\u00e9decine Perelman de l\u2019Universit\u00e9 de<br \/>\nPennsylvanie via Flickr (domaine public)<strong data-start=\"3981\" data-end=\"4041\">Une mise en garde : biomarqueurs et contexte<br \/>\nclinique<\/strong><\/p>\n<p data-start=\"4043\" data-end=\"4359\">Il est essentiel de souligner<br \/>\nque la simple pr\u00e9sence de p-tau ne suffit pas \u00e0 diagnostiquer une<br \/>\nmaladie neurod\u00e9g\u00e9n\u00e9rative. Comme l\u2019explique Gonzalez-Ortiz, ces<br \/>\nbiomarqueurs doivent toujours \u00eatre interpr\u00e9t\u00e9s dans un contexte<br \/>\nclinique pr\u00e9cis. Sans ce cadre, ils perdent leur signification et<br \/>\npeuvent induire en erreur.<\/p>\n<p data-start=\"4361\" data-end=\"4665\">Cela signifie qu\u2019un taux \u00e9lev\u00e9<br \/>\nde p-tau, comme celui observ\u00e9 chez les nouveau-n\u00e9s, n\u2019est pas<br \/>\nn\u00e9cessairement un signe de pathologie. Ce point souligne la<br \/>\ncomplexit\u00e9 de l\u2019utilisation des biomarqueurs dans la m\u00e9decine<br \/>\nmoderne et l\u2019importance de ne pas isoler les donn\u00e9es biologiques de<br \/>\nleur contexte global.<\/p>\n<p><strong data-start=\"4672\" data-end=\"4713\">Perspectives et questions ouvertes<\/strong><\/p>\n<p data-start=\"4715\" data-end=\"5001\">Cette d\u00e9couverte soul\u00e8ve de<br \/>\nnombreuses questions encore sans r\u00e9ponse. Par exemple, quel est le<br \/>\nmoment exact o\u00f9 les niveaux de p-tau diminuent apr\u00e8s la naissance ?<br \/>\nExiste-t-il des p\u00e9riodes ult\u00e9rieures dans la vie o\u00f9 ces taux<br \/>\npeuvent remonter, en lien avec des phases de neuroplasticit\u00e9 ?<\/p>\n<p data-start=\"5003\" data-end=\"5297\">Une autre interrogation<br \/>\nconcerne la possibilit\u00e9 de pr\u00e9dire \u00e0 partir de ces taux pr\u00e9coces le<br \/>\nrisque de d\u00e9velopper Alzheimer ou d\u2019autres troubles neurologiques.<br \/>\nLe projet de Gonzalez-Ortiz pr\u00e9voit d\u2019\u00e9tendre ses recherches en<br \/>\nrecrutant davantage de participants pour analyser ces liens<br \/>\npotentiels.<\/p>\n<p><strong data-start=\"5304\" data-end=\"5377\">Conclusion : Le paradoxe tau, entre construction et<br \/>\nd\u00e9clin du cerveau<\/strong><\/p>\n<p data-start=\"5379\" data-end=\"5701\">L\u2019\u00e9tude des taux \u00e9lev\u00e9s de<br \/>\nprot\u00e9ine tau phosphoryl\u00e9e chez les nouveau-n\u00e9s bouleverse la<br \/>\ncompr\u00e9hension actuelle de cette mol\u00e9cule longtemps associ\u00e9e<br \/>\nuniquement \u00e0 la d\u00e9g\u00e9n\u00e9rescence c\u00e9r\u00e9brale. Elle invite \u00e0 repenser le<br \/>\nr\u00f4le complexe de p-tau, \u00e0 la fois acteur du d\u00e9veloppement c\u00e9r\u00e9bral<br \/>\net marqueur d\u2019une maladie d\u00e9vastatrice.<\/p>\n<p data-start=\"5703\" data-end=\"5983\">Cette double facette, \u00e0 la<br \/>\nfois \u00ab alpha et om\u00e9ga \u00bb de la vie c\u00e9r\u00e9brale, ouvre de nouvelles<br \/>\nvoies passionnantes pour la recherche. Elle pourrait \u00e0 terme<br \/>\nconduire \u00e0 des innovations th\u00e9rapeutiques en exploitant une<br \/>\nmeilleure compr\u00e9hension du cerveau, de la naissance \u00e0 la<br \/>\nvieillesse.<\/p>\n","protected":false},"excerpt":{"rendered":"Depuis des d\u00e9cennies, la maladie d\u2019Alzheimer est \u00e9troitement associ\u00e9e \u00e0 deux prot\u00e9ines cl\u00e9s dans le cerveau : la&hellip;\n","protected":false},"author":2,"featured_media":245675,"comment_status":"","ping_status":"","sticky":false,"template":"","format":"standard","meta":{"footnotes":""},"categories":[7],"tags":[1011,27,43,40,41,39,42,44],"class_list":{"0":"post-245674","1":"post","2":"type-post","3":"status-publish","4":"format-standard","5":"has-post-thumbnail","7":"category-sciences-et-technologies","8":"tag-fr","9":"tag-france","10":"tag-science","11":"tag-science-and-technology","12":"tag-sciences","13":"tag-sciences-et-technologies","14":"tag-technologies","15":"tag-technology"},"share_on_mastodon":{"url":"https:\/\/pubeurope.com\/@fr\/114842110779421752","error":""},"_links":{"self":[{"href":"https:\/\/www.europesays.com\/fr\/wp-json\/wp\/v2\/posts\/245674","targetHints":{"allow":["GET"]}}],"collection":[{"href":"https:\/\/www.europesays.com\/fr\/wp-json\/wp\/v2\/posts"}],"about":[{"href":"https:\/\/www.europesays.com\/fr\/wp-json\/wp\/v2\/types\/post"}],"author":[{"embeddable":true,"href":"https:\/\/www.europesays.com\/fr\/wp-json\/wp\/v2\/users\/2"}],"replies":[{"embeddable":true,"href":"https:\/\/www.europesays.com\/fr\/wp-json\/wp\/v2\/comments?post=245674"}],"version-history":[{"count":0,"href":"https:\/\/www.europesays.com\/fr\/wp-json\/wp\/v2\/posts\/245674\/revisions"}],"wp:featuredmedia":[{"embeddable":true,"href":"https:\/\/www.europesays.com\/fr\/wp-json\/wp\/v2\/media\/245675"}],"wp:attachment":[{"href":"https:\/\/www.europesays.com\/fr\/wp-json\/wp\/v2\/media?parent=245674"}],"wp:term":[{"taxonomy":"category","embeddable":true,"href":"https:\/\/www.europesays.com\/fr\/wp-json\/wp\/v2\/categories?post=245674"},{"taxonomy":"post_tag","embeddable":true,"href":"https:\/\/www.europesays.com\/fr\/wp-json\/wp\/v2\/tags?post=245674"}],"curies":[{"name":"wp","href":"https:\/\/api.w.org\/{rel}","templated":true}]}}