{"id":245676,"date":"2025-07-12T20:18:11","date_gmt":"2025-07-12T20:18:11","guid":{"rendered":"https:\/\/www.europesays.com\/fr\/245676\/"},"modified":"2025-07-12T20:18:11","modified_gmt":"2025-07-12T20:18:11","slug":"la-start-up-de-musk-sexcuse-pour-les-messages-extremistes-de-lassistant-ia-grok","status":"publish","type":"post","link":"https:\/\/www.europesays.com\/fr\/245676\/","title":{"rendered":"la start-up de Musk s&rsquo;excuse pour les messages extr\u00e9mistes de l&rsquo;assistant IA Grok"},"content":{"rendered":"<p>Apr\u00e8s une mise \u00e0 jour, le 7 juillet, le chatbot a, dans certaines de ses r\u00e9ponses, fait l\u2019\u00e9loge d\u2019Adolf Hitler, d\u00e9nonc\u00e9 des \u00abst\u00e9r\u00e9otypes anti-blancs\u00bb sur X ou la repr\u00e9sentation \u00abdisproportionn\u00e9e\u00bb des juifs \u00e0 Hollywood.<\/p>\n<p class=\"fig-paragraph\">La start-up d&rsquo;Elon Musk xAI s&rsquo;est excus\u00e9e samedi\u00a0<a href=\"http:\/\/www.lefigaro.fr\/secteur\/high-tech\/apologie-de-hitler-complotisme-les-textes-generes-par-grok-l-assistant-d-ia-d-elon-musk-creent-la-polemique-20250709\" data-fig-type=\"Article\" data-gtm-custom-categorie=\"navigation\" data-gtm-custom-action=\"crossclick\" data-gtm-custom-label=\"Contextuel\" data-gtm-event=\"customEventSPE\" data-fig-domain=\"LEFIGARO\" target=\"_blank\" rel=\"noopener\">pour les messages extr\u00e9mistes et injurieux publi\u00e9s<\/a>\u00a0par son assistant d&rsquo;intelligence artificielle (IA) Grok en d\u00e9but de semaine. \u00abNous nous excusons pour le comportement horrible que beaucoup ont pu observer\u00bb, a \u00e9crit xAI sur le compte officiel de Grok sur X. Apr\u00e8s une mise \u00e0 jour, le 7 juillet, le chatbot a, dans certaines de ses r\u00e9ponses, fait l&rsquo;\u00e9loge d&rsquo;Adolf Hitler, d\u00e9nonc\u00e9 des \u00abst\u00e9r\u00e9otypes anti-blancs\u00bb sur X ou la repr\u00e9sentation \u00abdisproportionn\u00e9e\u00bb des juifs \u00e0 Hollywood.<\/p>\n<p class=\"fig-paragraph\">Dans une s\u00e9rie de messages publi\u00e9s samedi, xAI a d\u00e9taill\u00e9 les raisons qui ont, selon elle, permis les d\u00e9rapages du mod\u00e8le d&rsquo;IA ainsi que les mesures correctives prises par la suite. Pour les responsables de Grok, la sortie de route de l&rsquo;assistant est li\u00e9e \u00e0 de nouvelles instructions int\u00e9gr\u00e9es au mod\u00e8le dans une mise \u00e0 jour. Les programmeurs ont ainsi demand\u00e9 \u00e0 l&rsquo;interface d&rsquo;\u00ab\u00eatre franc\u00bb et de ne pas avoir \u00abpeur de choquer les gens qui sont politiquement corrects\u00bb. Ils ont \u00e9galement donn\u00e9 pour consigne de r\u00e9pondre \u00abcomme un humain\u00bb et de mani\u00e8re \u00e0 inciter l&rsquo;utilisateur \u00e0 poursuivre la conversation.<\/p>\n<p>                                    <a class=\"fig-a11y-skip a11y-hidden\" href=\"#fig-a11y-skip-main-inarticle\"><br \/>\n        Passer la publicit\u00e9<br \/>\n    <\/a><\/p>\n<p class=\"fig-paragraph\">Ces commandes ont \u00abamen\u00e9 Grok \u00e0 ignorer ses valeurs fondamentales dans certaines circonstances\u00bb et \u00e0 produire des r\u00e9ponses \u00abcontenant des opinions non \u00e9thiques et pol\u00e9miques\u00bb. Grok a ainsi, dans certains cas, cherch\u00e9 \u00e0 \u00abvalider des orientations de l&rsquo;utilisateur, y compris des discours haineux\u00bb, a admis xAI, plut\u00f4t que de \u00abr\u00e9pondre de mani\u00e8re responsable ou de refuser de r\u00e9pondre \u00e0 des questions douteuses\u00bb.<\/p>\n<p>Un assistant IA \u00abmoins politiquement correct\u00bb<\/p>\n<p class=\"fig-paragraph\">Depuis sa cr\u00e9ation, en 2023, Grok a \u00e9t\u00e9 pr\u00e9sent\u00e9 par Elon Musk comme un assistant IA moins politiquement correct que ses grands concurrents ChatGPT (OpenAI), Claude (Anthropic) ou Le Chat (Mistral). Il a donc \u00e9t\u00e9 programm\u00e9 avec moins de restrictions, ce qui a men\u00e9, avant m\u00eame cette mise \u00e0 jour, \u00e0 plusieurs pol\u00e9miques. En mai, Grok avait \u00e9voqu\u00e9 un \u00abg\u00e9nocide blanc\u00bb en Afrique du Sud, une th\u00e8se conspirationniste sans fondement, v\u00e9hicul\u00e9e par l&rsquo;extr\u00eame droite am\u00e9ricaine et Donald Trump lui-m\u00eame.<\/p>\n<p class=\"fig-paragraph\">Pour rem\u00e9dier aux r\u00e9cents errements du mod\u00e8le, les ing\u00e9nieurs ont retir\u00e9 les nouvelles instructions, ont-ils expliqu\u00e9 samedi. \u00abNous voulons que Grok produise des r\u00e9ponses utiles et honn\u00eates pour les utilisateurs\u00bb, a affirm\u00e9 xAI. Elon Musk a pr\u00e9sent\u00e9 mercredi une nouvelle version de son assistant, Grok 4, sans lien avec la mise \u00e0 jour du 7 juillet. Il est apparu que Grok 4 consultait, dans le cas de plusieurs demandes, les positions d&rsquo;Elon Musk sur le sujet avant de r\u00e9pondre.<\/p>\n","protected":false},"excerpt":{"rendered":"Apr\u00e8s une mise \u00e0 jour, le 7 juillet, le chatbot a, dans certaines de ses r\u00e9ponses, fait l\u2019\u00e9loge&hellip;\n","protected":false},"author":2,"featured_media":245677,"comment_status":"","ping_status":"","sticky":false,"template":"","format":"standard","meta":{"footnotes":""},"categories":[6],"tags":[35,33,34,46,1011,27,223],"class_list":{"0":"post-245676","1":"post","2":"type-post","3":"status-publish","4":"format-standard","5":"has-post-thumbnail","7":"category-economie","8":"tag-business","9":"tag-economie","10":"tag-economy","11":"tag-elon-musk","12":"tag-fr","13":"tag-france","14":"tag-intelligence-artificielle"},"share_on_mastodon":{"url":"https:\/\/pubeurope.com\/@fr\/114842114622464008","error":""},"_links":{"self":[{"href":"https:\/\/www.europesays.com\/fr\/wp-json\/wp\/v2\/posts\/245676","targetHints":{"allow":["GET"]}}],"collection":[{"href":"https:\/\/www.europesays.com\/fr\/wp-json\/wp\/v2\/posts"}],"about":[{"href":"https:\/\/www.europesays.com\/fr\/wp-json\/wp\/v2\/types\/post"}],"author":[{"embeddable":true,"href":"https:\/\/www.europesays.com\/fr\/wp-json\/wp\/v2\/users\/2"}],"replies":[{"embeddable":true,"href":"https:\/\/www.europesays.com\/fr\/wp-json\/wp\/v2\/comments?post=245676"}],"version-history":[{"count":0,"href":"https:\/\/www.europesays.com\/fr\/wp-json\/wp\/v2\/posts\/245676\/revisions"}],"wp:featuredmedia":[{"embeddable":true,"href":"https:\/\/www.europesays.com\/fr\/wp-json\/wp\/v2\/media\/245677"}],"wp:attachment":[{"href":"https:\/\/www.europesays.com\/fr\/wp-json\/wp\/v2\/media?parent=245676"}],"wp:term":[{"taxonomy":"category","embeddable":true,"href":"https:\/\/www.europesays.com\/fr\/wp-json\/wp\/v2\/categories?post=245676"},{"taxonomy":"post_tag","embeddable":true,"href":"https:\/\/www.europesays.com\/fr\/wp-json\/wp\/v2\/tags?post=245676"}],"curies":[{"name":"wp","href":"https:\/\/api.w.org\/{rel}","templated":true}]}}