{"id":245678,"date":"2025-07-12T20:19:10","date_gmt":"2025-07-12T20:19:10","guid":{"rendered":"https:\/\/www.europesays.com\/fr\/245678\/"},"modified":"2025-07-12T20:19:10","modified_gmt":"2025-07-12T20:19:10","slug":"41-arrestations-parmi-les-partisans-du-groupe-palestine-action","status":"publish","type":"post","link":"https:\/\/www.europesays.com\/fr\/245678\/","title":{"rendered":"41 arrestations parmi les partisans du groupe Palestine Action"},"content":{"rendered":"<p>Le Parlement britannique a approuv\u00e9 d\u00e9but juillet l\u2019interdiction et le classement en tant qu\u2019\u00aborganisation terroriste\u00bb du mouvement, apr\u00e8s un acte de vandalisme sur une base de l\u2019arm\u00e9e de l\u2019air en Angleterre.<\/p>\n<p class=\"fig-paragraph\">Un total de 41 personnes ont \u00e9t\u00e9 arr\u00eat\u00e9es samedi \u00e0 Londres apr\u00e8s avoir particip\u00e9 \u00e0 un rassemblement de soutien au groupe interdit\u00a0<a href=\"http:\/\/www.lefigaro.fr\/international\/londres-place-sur-la-liste-terroriste-et-interdit-le-groupe-militant-palestine-action-20250623\" target=\"_blank\" data-fig-type=\"Article\" rel=\"noopener nofollow\" data-gtm-custom-categorie=\"navigation\" data-gtm-custom-action=\"crossclick\" data-gtm-custom-label=\"Contextuel\" data-gtm-event=\"customEventSPE\" data-fig-domain=\"LEFIGARO\">Palestine Action<\/a>, organis\u00e9 pour la deuxi\u00e8me semaine cons\u00e9cutive, a annonc\u00e9 la police de la capitale britannique.<\/p>\n<p class=\"fig-paragraph\">Les forces de l&rsquo;ordre ont \u00abproc\u00e9d\u00e9 \u00e0 41 arrestations pour avoir manifest\u00e9 leur soutien \u00e0 une organisation interdite\u00bb, a d\u00e9clar\u00e9 la police sur X. Par ailleurs, \u00abune personne a \u00e9t\u00e9 arr\u00eat\u00e9e pour coups et blessures\u00bb, a-t-elle ajout\u00e9.<\/p>\n<p>                                    <a class=\"fig-a11y-skip a11y-hidden\" href=\"#fig-a11y-skip-main-inarticle\"><br \/>\n        Passer la publicit\u00e9<br \/>\n    <\/a><\/p>\n<p class=\"fig-paragraph\">Le groupe d&rsquo;action Defend Our Juries, \u00e0 l&rsquo;origine de cette manifestation \u00e0 Londres et dans plusieurs autres villes du Royaume-Uni, a confirm\u00e9 ces arrestations. \u00abLa police londonienne est intervenue en force aujourd&rsquo;hui, arr\u00eatant plus de 40 personnes sur la place du Parlement pour avoir brandi des pancartes contre le g\u00e9nocide et soutenu Palestine Action\u00bb, a dit \u00e0 l&rsquo;AFP un porte-parole. \u00abQui la police pense-t-elle servir dans cette affaire\u00a0?\u00bb, a-t-il ajout\u00e9, qualifiant l&rsquo;interdiction qui p\u00e8se sur cette organisation d&rsquo;\u00aborwellienne\u00bb.<\/p>\n<p>\u00abOrganisation terroriste\u00bb<\/p>\n<p class=\"fig-paragraph\">Les manifestants s&rsquo;\u00e9taient donn\u00e9 rendez-vous peu apr\u00e8s 13H00 heure locale (12H00 GMT) sur la place du Parlement, au pied de la statue du Mahatma Gandhi. Dans le calme, ils ont brandi des pancartes blanches sur lesquelles \u00e9tait inscrit\u00a0: \u00abJe m&rsquo;oppose au g\u00e9nocide. Je soutiens Palestine Action\u00bb, ont constat\u00e9 des journalistes de l&rsquo;AFP.<\/p>\n<p class=\"fig-paragraph\">La semaine derni\u00e8re, \u00e0 Londres, 29 personnes, dont un pr\u00eatre et un certain nombre de professionnels de la sant\u00e9, avaient \u00e9t\u00e9 arr\u00eat\u00e9es pour avoir particip\u00e9 \u00e0 une manifestation similaire.<\/p>\n<p class=\"fig-paragraph\">Le Parlement britannique a approuv\u00e9 d\u00e9but juillet l&rsquo;interdiction et le classement en tant qu&rsquo;\u00aborganisation terroriste\u00bb du mouvement Palestine Action, une proc\u00e9dure initi\u00e9e par le gouvernement apr\u00e8s un acte de vandalisme sur une base de l&rsquo;arm\u00e9e de l&rsquo;air en Angleterre.<\/p>\n<p class=\"fig-paragraph\">Quatre personnes ont \u00e9t\u00e9 inculp\u00e9es pour cet acte et plac\u00e9es en d\u00e9tention provisoire dans l&rsquo;attente d&rsquo;une audience pr\u00e9vue pour le 18 juillet.<\/p>\n<p>                                    <a class=\"fig-a11y-skip a11y-hidden\" href=\"#fig-a11y-skip-main-inarticle_mtf\"><br \/>\n        Passer la publicit\u00e9<br \/>\n    <\/a><\/p>\n<p class=\"fig-paragraph\">Saisie en urgence, la Haute Cour de Londres a refus\u00e9 de suspendre cette interdiction qui repose sur la loi de 2000 sur le terrorisme. Des experts des Nations unies ont critiqu\u00e9 la d\u00e9cision de Londres, estimant que \u00abde simples dommages mat\u00e9riels, sans mise en danger de la vie d&rsquo;autrui, ne sont pas suffisamment graves pour \u00eatre qualifi\u00e9s de terrorisme\u00bb.<\/p>\n","protected":false},"excerpt":{"rendered":"Le Parlement britannique a approuv\u00e9 d\u00e9but juillet l\u2019interdiction et le classement en tant qu\u2019\u00aborganisation terroriste\u00bb du mouvement, apr\u00e8s&hellip;\n","protected":false},"author":2,"featured_media":245679,"comment_status":"","ping_status":"","sticky":false,"template":"","format":"standard","meta":{"footnotes":""},"categories":[5],"tags":[11,1011,27,14,12,3518,28],"class_list":{"0":"post-245678","1":"post","2":"type-post","3":"status-publish","4":"format-standard","5":"has-post-thumbnail","7":"category-international","8":"tag-actualites","9":"tag-fr","10":"tag-france","11":"tag-international","12":"tag-news","13":"tag-palestine","14":"tag-world"},"share_on_mastodon":{"url":"https:\/\/pubeurope.com\/@fr\/114842118602526236","error":""},"_links":{"self":[{"href":"https:\/\/www.europesays.com\/fr\/wp-json\/wp\/v2\/posts\/245678","targetHints":{"allow":["GET"]}}],"collection":[{"href":"https:\/\/www.europesays.com\/fr\/wp-json\/wp\/v2\/posts"}],"about":[{"href":"https:\/\/www.europesays.com\/fr\/wp-json\/wp\/v2\/types\/post"}],"author":[{"embeddable":true,"href":"https:\/\/www.europesays.com\/fr\/wp-json\/wp\/v2\/users\/2"}],"replies":[{"embeddable":true,"href":"https:\/\/www.europesays.com\/fr\/wp-json\/wp\/v2\/comments?post=245678"}],"version-history":[{"count":0,"href":"https:\/\/www.europesays.com\/fr\/wp-json\/wp\/v2\/posts\/245678\/revisions"}],"wp:featuredmedia":[{"embeddable":true,"href":"https:\/\/www.europesays.com\/fr\/wp-json\/wp\/v2\/media\/245679"}],"wp:attachment":[{"href":"https:\/\/www.europesays.com\/fr\/wp-json\/wp\/v2\/media?parent=245678"}],"wp:term":[{"taxonomy":"category","embeddable":true,"href":"https:\/\/www.europesays.com\/fr\/wp-json\/wp\/v2\/categories?post=245678"},{"taxonomy":"post_tag","embeddable":true,"href":"https:\/\/www.europesays.com\/fr\/wp-json\/wp\/v2\/tags?post=245678"}],"curies":[{"name":"wp","href":"https:\/\/api.w.org\/{rel}","templated":true}]}}