{"id":245703,"date":"2025-07-12T20:40:14","date_gmt":"2025-07-12T20:40:14","guid":{"rendered":"https:\/\/www.europesays.com\/fr\/245703\/"},"modified":"2025-07-12T20:40:14","modified_gmt":"2025-07-12T20:40:14","slug":"hotel-des-polices-trames-vertes-parkings-tour-dhorizon-des-chantiers-en-cours-ou-a-venir-dans-ce-quartier-de-nice","status":"publish","type":"post","link":"https:\/\/www.europesays.com\/fr\/245703\/","title":{"rendered":"H\u00f4tel des polices, trames vertes, parkings&#8230; Tour d\u2019horizon des chantiers en cours ou \u00e0 venir dans ce quartier de Nice"},"content":{"rendered":"<p>La parole donn\u00e9e aux habitants. Hier soir, Christian Estrosi avait convi\u00e9 les r\u00e9sidents du quartier des Musiciens et du Carr\u00e9 d\u2019or pour recueillir leurs dol\u00e9ances et apporter des r\u00e9ponses concernant les diff\u00e9rents projets de la Ville pour le secteur. Tour d\u2019horizon des chantiers.<\/p>\n<p>Les abords du futur h\u00f4tel des polices r\u00e9am\u00e9nag\u00e9s<\/p>\n<p>Le futur h\u00f4tel des polices \u00e0 la place de l\u2019ancien h\u00f4pital Saint-Roch devrait \u00eatre livr\u00e9 \u00e0 la fin de l\u2019ann\u00e9e. Mais les riverains n\u2019en ont pas fini avec les travaux. Avec ce projet, c\u2019est l\u2019ensemble du secteur que la Ville promet de r\u00e9am\u00e9nager dans les ann\u00e9es \u00e0 venir pour le rendre \u00ab\u00a0plus attractif et plus agr\u00e9able \u00e0 vivre\u00a0\u00bb. Six espaces (la place Marshall et les rues Defly, \u00c9douard B\u00e9ri, de l\u2019H\u00f4tel des Postes, Pierre D\u00e9voluy et Delille) seront modernis\u00e9s et v\u00e9g\u00e9talis\u00e9s, pour un co\u00fbt de 7,5 millions d\u2019euros. Les \u00e9tudes doivent commencer tr\u00e8s prochainement, pour esp\u00e9rer un lancement des travaux en 2027, jusqu\u2019en 2028.<\/p>\n<p>Quel avenir pour les casernes Foch et Auvare?<\/p>\n<p>Avec ce grand projet de commissariat central, la caserne Auvare \u00e0 l\u2019est de Nice (1) et le commissariat Foch seront d\u00e9sert\u00e9s. Hier, le maire a annonc\u00e9 avoir conseill\u00e9 \u00e0 l\u2019\u00c9tat de c\u00e9der les locaux de Foch \u00e0 un investisseur h\u00f4telier. De son c\u00f4t\u00e9, la Ville se porte acqu\u00e9reuse du jardin \u00e0 l\u2019arri\u00e8re, qui sert actuellement de parc de stationnement \u00e0 la police, \u00ab\u00a0pour en faire un lieu sublime de s\u00e9r\u00e9nit\u00e9 et d\u2019apaisement qui profite \u00e0 tout le quartier\u00a0\u00bb. Concernant les sir\u00e8nes de police qui pourraient retentir, le maire a rassur\u00e9 les r\u00e9sidents: les agents auront pour consigne de ne pas les faire \u00e0 l\u2019approche de leur lieu de travail pour \u00e9viter les nuisances. Une nouvelle visite du chantier sera propos\u00e9e aux riverains en septembre.<\/p>\n<p>Deux nouvelles trames vertes pr\u00e9vues<\/p>\n<p>Tout pr\u00e8s, la cr\u00e9ation des trames vertes au c\u0153ur de Nice se poursuit. Deux axes ont \u00e9t\u00e9 livr\u00e9s en 2019. D\u00e9sormais, deux nouvelles trames, rue Gioffredo et rue de l\u2019H\u00f4tel des Postes, sont en passe d\u2019\u00eatre commenc\u00e9es, elles sont pour l\u2019instant au stade d\u2019\u00e9tude. Aucune date de travaux n\u2019est communiqu\u00e9e. V\u00e9g\u00e9talisation pr\u00e9vue aussi pour la zone pi\u00e9tonne Mass\u00e9na. Dans ce cadre, la consultation des Ni\u00e7ois se poursuit jusqu\u2019en octobre. Le bilan de ces concertations sera pr\u00e9sent\u00e9 fin 2025 et le d\u00e9but des travaux est pr\u00e9vu pour 2027.<\/p>\n<p>D\u2019autres chantiers pr\u00e9vus ou en cours<\/p>\n<p>Le chantier du parking-relais Tzarewitch est lanc\u00e9, livraison pr\u00e9vue fin d\u00e9cembre 2025, pour un co\u00fbt de 12,1 millions d\u2019euros. Le parking Wilson (385 places sur trois \u00e9tages, en sous-sol) a \u00e9t\u00e9 retard\u00e9. En avril, nous annoncions un lancement des travaux d\u00e9but 2026: il est d\u00e9sormais pr\u00e9vu en 2027, pour une livraison en 2029.<\/p>\n<p>Enfin, l\u2019ouverture du m\u00e9morial de la Shoah, impasse Meyerbeer, est projet\u00e9e \u00e0 fin 2026. Il sera financ\u00e9 par la Fondation pour la m\u00e9moire de la Shoah.<\/p>\n<p>1. Qui fait l\u2019objet d\u2019une consultation citoyenne lanc\u00e9e par la Ville qui soumet l\u2019id\u00e9e de la transformer en grande salle omnisports: Jeparticipe.nice.fr<\/p>\n","protected":false},"excerpt":{"rendered":"La parole donn\u00e9e aux habitants. Hier soir, Christian Estrosi avait convi\u00e9 les r\u00e9sidents du quartier des Musiciens et&hellip;\n","protected":false},"author":2,"featured_media":245704,"comment_status":"","ping_status":"","sticky":false,"template":"","format":"standard","meta":{"footnotes":""},"categories":[2819],"tags":[1111,11,1777,674,1011,27,12,2401,882,25,3366],"class_list":{"0":"post-245703","1":"post","2":"type-post","3":"status-publish","4":"format-standard","5":"has-post-thumbnail","7":"category-nice","8":"tag-actu","9":"tag-actualites","10":"tag-eu","11":"tag-europe","12":"tag-fr","13":"tag-france","14":"tag-news","15":"tag-nice","16":"tag-provence-alpes-cote-dazur","17":"tag-republique-francaise","18":"tag-vie-locale"},"share_on_mastodon":{"url":"https:\/\/pubeurope.com\/@fr\/114842201279516358","error":""},"_links":{"self":[{"href":"https:\/\/www.europesays.com\/fr\/wp-json\/wp\/v2\/posts\/245703","targetHints":{"allow":["GET"]}}],"collection":[{"href":"https:\/\/www.europesays.com\/fr\/wp-json\/wp\/v2\/posts"}],"about":[{"href":"https:\/\/www.europesays.com\/fr\/wp-json\/wp\/v2\/types\/post"}],"author":[{"embeddable":true,"href":"https:\/\/www.europesays.com\/fr\/wp-json\/wp\/v2\/users\/2"}],"replies":[{"embeddable":true,"href":"https:\/\/www.europesays.com\/fr\/wp-json\/wp\/v2\/comments?post=245703"}],"version-history":[{"count":0,"href":"https:\/\/www.europesays.com\/fr\/wp-json\/wp\/v2\/posts\/245703\/revisions"}],"wp:featuredmedia":[{"embeddable":true,"href":"https:\/\/www.europesays.com\/fr\/wp-json\/wp\/v2\/media\/245704"}],"wp:attachment":[{"href":"https:\/\/www.europesays.com\/fr\/wp-json\/wp\/v2\/media?parent=245703"}],"wp:term":[{"taxonomy":"category","embeddable":true,"href":"https:\/\/www.europesays.com\/fr\/wp-json\/wp\/v2\/categories?post=245703"},{"taxonomy":"post_tag","embeddable":true,"href":"https:\/\/www.europesays.com\/fr\/wp-json\/wp\/v2\/tags?post=245703"}],"curies":[{"name":"wp","href":"https:\/\/api.w.org\/{rel}","templated":true}]}}