{"id":245724,"date":"2025-07-12T20:52:11","date_gmt":"2025-07-12T20:52:11","guid":{"rendered":"https:\/\/www.europesays.com\/fr\/245724\/"},"modified":"2025-07-12T20:52:11","modified_gmt":"2025-07-12T20:52:11","slug":"rhone-alerte-a-la-bombe-sur-un-vol-lyon-francfort-les-passagers-debarques","status":"publish","type":"post","link":"https:\/\/www.europesays.com\/fr\/245724\/","title":{"rendered":"Rh\u00f4ne. Alerte \u00e0 la bombe sur un vol Lyon-Francfort : les passagers d\u00e9barqu\u00e9s"},"content":{"rendered":"<p>On a d\u2019abord cru \u00e0 une prise d\u2019otages. C\u2019est une alerte \u00e0 la bombe qui a conduit\u00a0\u00e0 isoler un avion de la compagnie Lufthansa ce samedi \u00e0 l\u2019a\u00e9roport Lyon-Saint-Exup\u00e9ry.<\/p>\n<p>Un appel a \u00e9t\u00e9 re\u00e7u mentionnant une explosion \u00e0 venir sur un vol entre Francfort et Lyon. Si les premiers \u00e9l\u00e9ments pouvaient laisser penser \u00e0 du \u00ab\u00a0swatting\u00a0\u00bb, ce ph\u00e9nom\u00e8ne en vogue qui consiste en de fausses alertes t\u00e9l\u00e9phoniques, les faits ont \u00e9t\u00e9 pris au s\u00e9rieux.<\/p>\n<p>  Les\u00a0investigations se poursuivent<\/p>\n<p>Isol\u00e9 en bout de piste, l\u2019appareil a fait l\u2019objet du passage de chiens d\u00e9mineurs. La police a, elle, proc\u00e9d\u00e9 au contr\u00f4le d\u2019identit\u00e9 de chacun des passagers d\u00e9barqu\u00e9s au terminal 2. Les proc\u00e9dures d\u2019usage ont dur\u00e9 jusqu\u2019\u00e0 21\u00a0heures afin de lever tout doute.<\/p>\n<p>Le vol a d\u00e9coll\u00e9 peu apr\u00e8s 21h15. L\u2019attente a \u00e9t\u00e9 longue pour les passagers et pour ceux qui devaient prendre ce m\u00eame avion \u00e0 destination de Francfort. L\u2019alerte avait \u00e9t\u00e9 donn\u00e9e un peu avant 18 heures.<\/p>\n<p>Les investigations se poursuivent pour retrouver l\u2019auteur du sinistre canular.<\/p>\n","protected":false},"excerpt":{"rendered":"On a d\u2019abord cru \u00e0 une prise d\u2019otages. C\u2019est une alerte \u00e0 la bombe qui a conduit\u00a0\u00e0 isoler&hellip;\n","protected":false},"author":2,"featured_media":245725,"comment_status":"","ping_status":"","sticky":false,"template":"","format":"standard","meta":{"footnotes":""},"categories":[1889],"tags":[1111,11,2430,23533,271,272,3152,1777,674,274,107,1011,27,2428,12,25,2429,2803],"class_list":{"0":"post-245724","1":"post","2":"type-post","3":"status-publish","4":"format-standard","5":"has-post-thumbnail","7":"category-lyon","8":"tag-actu","9":"tag-actualites","10":"tag-auvergne-rhone-alpes","11":"tag-colombier-saugnieu","12":"tag-crime","13":"tag-delit-et-contravention","14":"tag-edition-est-lyonnais","15":"tag-eu","16":"tag-europe","17":"tag-faits-divers-justice","18":"tag-fil-info","19":"tag-fr","20":"tag-france","21":"tag-lyon","22":"tag-news","23":"tag-republique-francaise","24":"tag-rhone","25":"tag-transport"},"share_on_mastodon":{"url":"https:\/\/pubeurope.com\/@fr\/114842248438092634","error":""},"_links":{"self":[{"href":"https:\/\/www.europesays.com\/fr\/wp-json\/wp\/v2\/posts\/245724","targetHints":{"allow":["GET"]}}],"collection":[{"href":"https:\/\/www.europesays.com\/fr\/wp-json\/wp\/v2\/posts"}],"about":[{"href":"https:\/\/www.europesays.com\/fr\/wp-json\/wp\/v2\/types\/post"}],"author":[{"embeddable":true,"href":"https:\/\/www.europesays.com\/fr\/wp-json\/wp\/v2\/users\/2"}],"replies":[{"embeddable":true,"href":"https:\/\/www.europesays.com\/fr\/wp-json\/wp\/v2\/comments?post=245724"}],"version-history":[{"count":0,"href":"https:\/\/www.europesays.com\/fr\/wp-json\/wp\/v2\/posts\/245724\/revisions"}],"wp:featuredmedia":[{"embeddable":true,"href":"https:\/\/www.europesays.com\/fr\/wp-json\/wp\/v2\/media\/245725"}],"wp:attachment":[{"href":"https:\/\/www.europesays.com\/fr\/wp-json\/wp\/v2\/media?parent=245724"}],"wp:term":[{"taxonomy":"category","embeddable":true,"href":"https:\/\/www.europesays.com\/fr\/wp-json\/wp\/v2\/categories?post=245724"},{"taxonomy":"post_tag","embeddable":true,"href":"https:\/\/www.europesays.com\/fr\/wp-json\/wp\/v2\/tags?post=245724"}],"curies":[{"name":"wp","href":"https:\/\/api.w.org\/{rel}","templated":true}]}}