{"id":245728,"date":"2025-07-12T20:56:10","date_gmt":"2025-07-12T20:56:10","guid":{"rendered":"https:\/\/www.europesays.com\/fr\/245728\/"},"modified":"2025-07-12T20:56:10","modified_gmt":"2025-07-12T20:56:10","slug":"chelsea-psg-la-composition-probable-des-parisiens-avec-le-meme-onze-que-face-au-real-madrid","status":"publish","type":"post","link":"https:\/\/www.europesays.com\/fr\/245728\/","title":{"rendered":"Chelsea-PSG\u00a0: la composition probable des Parisiens avec le m\u00eame onze que face au Real Madrid"},"content":{"rendered":"<p class=\"paragraph text_align_left lp-f-body-02\">Pourquoi changer une \u00e9quipe qui gagne et qui roule sur chacun de ses adversaires ? <a href=\"https:\/\/www.leparisien.fr\/sports\/football\/psg\/\" target=\"_blank\" rel=\"noreferrer noopener\">Le PSG<\/a> va disputer son 65e et dernier match de la saison ce dimanche soir (21 heures), un rendez-vous mondial pour finir en apoth\u00e9ose une ann\u00e9e tout simplement historique. C\u2019est un ultime affrontement contre les Anglais de Chelsea qui attend les hommes de Luis Enrique en finale de <a href=\"https:\/\/www.leparisien.fr\/sports\/football\/coupe-du-monde-des-clubs\/\" target=\"_blank\" rel=\"noreferrer noopener\">la Coupe du monde des clubs<\/a> au MetLife Stadium, dans le New Jersey, pour boucler la boucle de mani\u00e8re exceptionnelle, avec <a href=\"https:\/\/www.leparisien.fr\/sports\/football\/coupe-du-monde-des-clubs\/chelsea-psg-on-veut-continuer-a-ecrire-lhistoire-clame-luis-enrique-12-07-2025-DOC7VMV24BDKTK4D5YNX6XHA2Q.php\" target=\"_blank\" rel=\"noreferrer noopener\">un cinqui\u00e8me troph\u00e9e en poche<\/a>.<\/p>\n<p class=\"paragraph text_align_left lp-f-body-02\">Si le coach espagnol avait pour habitude de r\u00e9server quelques surprises dans son onze de d\u00e9part pendant la premi\u00e8re partie de saison, il se repose d\u00e9sormais sur une ossature claire et l\u2019\u00e9quipe qui va affronter les Blues ne devrait pas comporter de surprises, comme depuis le d\u00e9but de la comp\u00e9tition. La formation qui a battu le Real Madrid (4-0) a enti\u00e8rement donn\u00e9 satisfaction mercredi et elle devrait encha\u00eener ce dimanche.<\/p>\n<p>L\u2019option Barcola en sortie de banc<\/p>\n<p class=\"paragraph text_align_left lp-f-body-02\">En l\u2019absence de Willian Pacho et Lucas Hernandez, suspendus, Lucas Beraldo va de nouveau assumer l\u2019int\u00e9rim dans l\u2019axe aux c\u00f4t\u00e9s de son compatriote Marquinhos. Le gaucher a prouv\u00e9 qu\u2019il \u00e9tait capable d\u2019\u00e9lever son niveau de jeu lors des rencontres qui comptent. Le reste de l\u2019arri\u00e8re-garde du PSG sera classique avec Donnarumma dans le but, tandis que Nuno Mendes et Achraf Hakimi occuperont les couloirs.<\/p>\n<p><img decoding=\"async\" class=\"image \" loading=\"lazy\" src=\"https:\/\/www.europesays.com\/fr\/wp-content\/uploads\/2025\/07\/UUHXCBHPOFDYBBZUZ7MIKLRQMQ.jpg\" alt=\"\" align=\"\" data-rubrique-principale=\"\" data-article-type=\"\" fetchpriority=\"auto\"\/><\/p>\n<p class=\"paragraph text_align_left lp-f-body-02\">Au milieu de terrain, le trio compos\u00e9 de Vitinha en sentinelle et Fabian Ruiz et Jo\u00e3o Neves comme relayeurs donne enti\u00e8re satisfaction depuis le d\u00e9but de l\u2019aventure. Luis Enrique ne devrait pas toucher \u00e0 cette association si compl\u00e9mentaire et si efficace.<\/p>\n<p class=\"paragraph text_align_left lp-f-body-02\">En attaque, la concurrence fait rage avec un Bradley Barcola qui a une nouvelle fois prouv\u00e9 qu\u2019il avait des jambes de feu en signant une entr\u00e9e pleine de personnalit\u00e9 contre le Real Madrid, tandis que Khvicha Kvaratskhelia affiche quelques signes de fatigue. Malgr\u00e9 tout, le G\u00e9orgien, si pr\u00e9cieux, devrait bien tenir sa place dans le couloir gauche. Ousmane Demb\u00e9l\u00e9 et D\u00e9sir\u00e9 Dou\u00e9 devraient encha\u00eener et seront charg\u00e9s d\u2019apporter le danger dans la d\u00e9fense anglaise.<\/p>\n<p class=\"paragraph text_align_left lp-f-body-02\"><b>La composition probable du PSG :<\/b> Donnarumma &#8211; Hakimi, Marquinhos (cap.), Beraldo, Nuno Mendes &#8211; Jo\u00e3o Neves, Vitinha, Fabian Ruiz &#8211; Dou\u00e9, Demb\u00e9l\u00e9, Kvaratskhelia.<\/p>\n","protected":false},"excerpt":{"rendered":"Pourquoi changer une \u00e9quipe qui gagne et qui roule sur chacun de ses adversaires ? Le PSG va&hellip;\n","protected":false},"author":2,"featured_media":245729,"comment_status":"","ping_status":"","sticky":false,"template":"","format":"standard","meta":{"footnotes":""},"categories":[1888],"tags":[1111,1928,11,1927,7151,1777,674,63,1011,27,12,1926,626,1925,25,60],"class_list":{"0":"post-245728","1":"post","2":"type-post","3":"status-publish","4":"format-standard","5":"has-post-thumbnail","7":"category-paris","8":"tag-actu","9":"tag-actu-paris","10":"tag-actualites","11":"tag-actualites-paris","12":"tag-coupe-du-monde-des-clubs","13":"tag-eu","14":"tag-europe","15":"tag-football","16":"tag-fr","17":"tag-france","18":"tag-news","19":"tag-news-paris","20":"tag-paris","21":"tag-paris-news","22":"tag-republique-francaise","23":"tag-sports"},"share_on_mastodon":{"url":"https:\/\/pubeurope.com\/@fr\/114842264133534364","error":""},"_links":{"self":[{"href":"https:\/\/www.europesays.com\/fr\/wp-json\/wp\/v2\/posts\/245728","targetHints":{"allow":["GET"]}}],"collection":[{"href":"https:\/\/www.europesays.com\/fr\/wp-json\/wp\/v2\/posts"}],"about":[{"href":"https:\/\/www.europesays.com\/fr\/wp-json\/wp\/v2\/types\/post"}],"author":[{"embeddable":true,"href":"https:\/\/www.europesays.com\/fr\/wp-json\/wp\/v2\/users\/2"}],"replies":[{"embeddable":true,"href":"https:\/\/www.europesays.com\/fr\/wp-json\/wp\/v2\/comments?post=245728"}],"version-history":[{"count":0,"href":"https:\/\/www.europesays.com\/fr\/wp-json\/wp\/v2\/posts\/245728\/revisions"}],"wp:featuredmedia":[{"embeddable":true,"href":"https:\/\/www.europesays.com\/fr\/wp-json\/wp\/v2\/media\/245729"}],"wp:attachment":[{"href":"https:\/\/www.europesays.com\/fr\/wp-json\/wp\/v2\/media?parent=245728"}],"wp:term":[{"taxonomy":"category","embeddable":true,"href":"https:\/\/www.europesays.com\/fr\/wp-json\/wp\/v2\/categories?post=245728"},{"taxonomy":"post_tag","embeddable":true,"href":"https:\/\/www.europesays.com\/fr\/wp-json\/wp\/v2\/tags?post=245728"}],"curies":[{"name":"wp","href":"https:\/\/api.w.org\/{rel}","templated":true}]}}