{"id":245740,"date":"2025-07-12T21:02:11","date_gmt":"2025-07-12T21:02:11","guid":{"rendered":"https:\/\/www.europesays.com\/fr\/245740\/"},"modified":"2025-07-12T21:02:11","modified_gmt":"2025-07-12T21:02:11","slug":"les-poursuites-contre-un-medecin-antivax-abandonnees-en-pleine-audience","status":"publish","type":"post","link":"https:\/\/www.europesays.com\/fr\/245740\/","title":{"rendered":"les poursuites contre un m\u00e9decin antivax abandonn\u00e9es en pleine audience"},"content":{"rendered":"<p>Sous pression d\u2019une \u00e9lue trumpiste, la ministre am\u00e9ricaine de la Justice Pam Bondi a ordonn\u00e9 l\u2019abandon des poursuites contre un m\u00e9decin accus\u00e9 d\u2019avoir d\u00e9truit des vaccins anti-Covid et d\u00e9livr\u00e9 de faux certificats.<\/p>\n<p class=\"fig-paragraph\">La ministre am\u00e9ricaine de la Justice\u00a0<a href=\"http:\/\/www.lefigaro.fr\/flash-actu\/le-senat-americain-confirme-pam-bondi-a-la-tete-du-ministere-de-la-justice-20250205\" data-fig-type=\"NewsFlash\" data-gtm-custom-categorie=\"navigation\" data-gtm-custom-action=\"crossclick\" data-gtm-custom-label=\"Contextuel\" data-gtm-event=\"customEventSPE\" data-fig-domain=\"LEFIGARO\" rel=\"nofollow noopener\" target=\"_blank\">Pam Bondi<\/a>\u00a0a ordonn\u00e9 samedi l&rsquo;abandon des poursuites contre un m\u00e9decin accus\u00e9 d&rsquo;avoir d\u00e9truit des vaccins contre le Covid-19 et d&rsquo;avoir d\u00e9livr\u00e9 de faux certificats de vaccination.<\/p>\n<p class=\"fig-paragraph\">L&rsquo;arr\u00eat net de la proc\u00e9dure, au beau milieu du proc\u00e8s et \u00e0 la demande d&rsquo;une \u00e9lue de la droite dure, s&rsquo;inscrit dans le\u00a0<a href=\"http:\/\/www.lefigaro.fr\/international\/le-ministre-de-la-sante-americain-congedie-tous-les-experts-d-un-important-panel-sur-les-vaccins-20250610\" data-fig-type=\"NewsFlash\" data-gtm-custom-categorie=\"navigation\" data-gtm-custom-action=\"crossclick\" data-gtm-custom-label=\"Contextuel\" data-gtm-event=\"customEventSPE\" data-fig-domain=\"LEFIGARO\" rel=\"nofollow noopener\" target=\"_blank\">tournant vaccinosceptique<\/a>\u00a0du gouvernement am\u00e9ricain depuis l&rsquo;arriv\u00e9e au pouvoir de Donald Trump. \u00abLe Dr Moore a donn\u00e9 le choix \u00e0 ses patients, quand le gouvernement f\u00e9d\u00e9ral le refusait. Il ne m\u00e9ritait pas les ann\u00e9es de prison qu&rsquo;il encourait\u00bb, a \u00e9crit la ministre Pam Bondi sur X.<\/p>\n<p>                                    <a class=\"fig-a11y-skip a11y-hidden\" href=\"#fig-a11y-skip-main-inarticle\"><br \/>\n        Passer la publicit\u00e9<br \/>\n    <\/a><\/p>\n<p class=\"fig-paragraph\">Michael Kirk Moore, un chirurgien esth\u00e9tique de l&rsquo;Utah (ouest), avait \u00e9t\u00e9 inculp\u00e9 par la justice f\u00e9d\u00e9rale en 2023 aux c\u00f4t\u00e9s de sa clinique et de trois complices. Ils \u00e9taient accus\u00e9s d&rsquo;avoir d\u00e9truit pour 28.029 dollars de vaccins contre le Covid-19 et d&rsquo;avoir distribu\u00e9 au moins 1937 faux certificats de vaccination en \u00e9change d&rsquo;argent. Michael Kirk Moore, qui risquait de passer des d\u00e9cennies derri\u00e8re les barreaux, \u00e9tait aussi accus\u00e9 d&rsquo;avoir administr\u00e9, \u00e0 la demande de parents, une simple solution saline \u00e0 leurs enfants, en la faisant passer pour un vaccin contre le Covid-19. Son proc\u00e8s s&rsquo;est ouvert cette semaine au tribunal f\u00e9d\u00e9ral de Salt Lake City.<\/p>\n<p class=\"fig-body-link\">\n            \u00c0 lire aussi<br \/>\n        <a class=\"fig-body-link__link\" href=\"http:\/\/sante.lefigaro.fr\/social\/sante-publique\/etats-unis-l-administration-trump-restreint-les-conditions-d-acces-aux-vaccins-contre-le-covid-20250520\" data-fig-type=\"NewsFlash\" data-gtm-custom-categorie=\"navigation\" data-gtm-custom-action=\"crossclick\" data-gtm-custom-label=\"Contextuel\" data-gtm-event=\"customEventSPE\" data-fig-domain=\"SANTE\" rel=\"nofollow noopener\" target=\"_blank\">\u00c9tats-Unis\u00a0: l\u2019administration Trump restreint les conditions d&rsquo;acc\u00e8s aux vaccins contre le Covid<br \/>\n    <\/a>\n<\/p>\n<p class=\"fig-paragraph\">Mais l&rsquo;\u00e9lue r\u00e9publicaine\u00a0<a href=\"https:\/\/www.lefigaro.fr\/international\/de-rome-en-georgie-a-washington-la-trumpiste-marjorie-taylor-greene-a-tombeau-ouvert-20221109\" data-fig-type=\"Article\" data-gtm-custom-categorie=\"navigation\" data-gtm-custom-action=\"crossclick\" data-gtm-custom-label=\"Contextuel\" data-gtm-event=\"customEventSPE\" data-fig-domain=\"LEFIGARO\" rel=\"nofollow noopener\" target=\"_blank\">Marjorie Taylor Greene<\/a>, l&rsquo;une des supportrices les plus d\u00e9monstratives du pr\u00e9sident am\u00e9ricain, a demand\u00e9 l&rsquo;abandon des poursuites contre Michael Kirk Moore. \u00abCet homme est un h\u00e9ros\u00bb qui est \u00abpoursuivi pour avoir aid\u00e9 des gens \u00e0 \u00e9chapper aux obligations vaccinales tyranniques des d\u00e9mocrates\u00bb, a-t-elle \u00e9crit mardi sur X, reprenant un article de la sph\u00e8re antivax.<\/p>\n<p class=\"fig-paragraph\">La pand\u00e9mie a provoqu\u00e9 de tr\u00e8s fortes tensions politiques aux \u00c9tats-Unis, entre d\u00e9fenseurs des mesures de protection et de la vaccination et une frange de la droite oppos\u00e9e aux restrictions de libert\u00e9s et aux vaccins.<\/p>\n<p class=\"fig-paragraph\">Donald Trump, lui-m\u00eame vaccin\u00e9 contre le Covid-19, a nomm\u00e9 comme ministre de la Sant\u00e9\u00a0<a href=\"https:\/\/www.lefigaro.fr\/international\/robert-f-kennedy-jr-l-avocat-antivax-qui-attaque-l-industrie-pharmaceutique-20220225\" data-fig-type=\"Article\" data-gtm-custom-categorie=\"navigation\" data-gtm-custom-action=\"crossclick\" data-gtm-custom-label=\"Contextuel\" data-gtm-event=\"customEventSPE\" data-fig-domain=\"LEFIGARO\" rel=\"nofollow noopener\" target=\"_blank\">Robert Kennedy Jr<\/a>. Ce vaccinosceptique notoire a amorc\u00e9 une profonde refonte des autorit\u00e9s sanitaires am\u00e9ricaines et de leur politique vaccinale. Il est notamment accus\u00e9 d&rsquo;avoir diffus\u00e9 de fausses informations \u00e0 propos du vaccin contre la rougeole, alors que les \u00c9tats-Unis subissent depuis d\u00e9but 2025 la pire \u00e9pid\u00e9mie en plus de 30 ans.<\/p>\n","protected":false},"excerpt":{"rendered":"Sous pression d\u2019une \u00e9lue trumpiste, la ministre am\u00e9ricaine de la Justice Pam Bondi a ordonn\u00e9 l\u2019abandon des poursuites&hellip;\n","protected":false},"author":2,"featured_media":245741,"comment_status":"","ping_status":"","sticky":false,"template":"","format":"standard","meta":{"footnotes":""},"categories":[1589],"tags":[11,4400,75,73,1866,12,1864,1865,1863,308],"class_list":{"0":"post-245740","1":"post","2":"type-post","3":"status-publish","4":"format-standard","5":"has-post-thumbnail","7":"category-etats-unis","8":"tag-actualites","9":"tag-covid","10":"tag-donald-trump","11":"tag-etats-unis","12":"tag-etats-unis-damerique","13":"tag-news","14":"tag-united-states","15":"tag-united-states-of-america","16":"tag-us","17":"tag-usa"},"share_on_mastodon":{"url":"https:\/\/pubeurope.com\/@fr\/114842287661598519","error":""},"_links":{"self":[{"href":"https:\/\/www.europesays.com\/fr\/wp-json\/wp\/v2\/posts\/245740","targetHints":{"allow":["GET"]}}],"collection":[{"href":"https:\/\/www.europesays.com\/fr\/wp-json\/wp\/v2\/posts"}],"about":[{"href":"https:\/\/www.europesays.com\/fr\/wp-json\/wp\/v2\/types\/post"}],"author":[{"embeddable":true,"href":"https:\/\/www.europesays.com\/fr\/wp-json\/wp\/v2\/users\/2"}],"replies":[{"embeddable":true,"href":"https:\/\/www.europesays.com\/fr\/wp-json\/wp\/v2\/comments?post=245740"}],"version-history":[{"count":0,"href":"https:\/\/www.europesays.com\/fr\/wp-json\/wp\/v2\/posts\/245740\/revisions"}],"wp:featuredmedia":[{"embeddable":true,"href":"https:\/\/www.europesays.com\/fr\/wp-json\/wp\/v2\/media\/245741"}],"wp:attachment":[{"href":"https:\/\/www.europesays.com\/fr\/wp-json\/wp\/v2\/media?parent=245740"}],"wp:term":[{"taxonomy":"category","embeddable":true,"href":"https:\/\/www.europesays.com\/fr\/wp-json\/wp\/v2\/categories?post=245740"},{"taxonomy":"post_tag","embeddable":true,"href":"https:\/\/www.europesays.com\/fr\/wp-json\/wp\/v2\/tags?post=245740"}],"curies":[{"name":"wp","href":"https:\/\/api.w.org\/{rel}","templated":true}]}}