{"id":245744,"date":"2025-07-12T21:04:10","date_gmt":"2025-07-12T21:04:10","guid":{"rendered":"https:\/\/www.europesays.com\/fr\/245744\/"},"modified":"2025-07-12T21:04:10","modified_gmt":"2025-07-12T21:04:10","slug":"la-suede-renverse-lallemagne-dans-un-match-fou-la-pologne-sauve-lhonneur-le-danemark-sombre","status":"publish","type":"post","link":"https:\/\/www.europesays.com\/fr\/245744\/","title":{"rendered":"la Su\u00e8de renverse l\u2019Allemagne dans un match fou, la Pologne sauve l\u2019honneur, le Danemark sombre"},"content":{"rendered":"<p>Les deux derniers au classement du Groupe C s\u2019affrontaient pour le 3e match de phase de groupe. Dans un match sans v\u00e9ritable enjeu qualificatif, la <a href=\"https:\/\/www.footmercato.net\/selection\/poland-feminine\/\" rel=\"nofollow noopener\" target=\"_blank\">Pologne<\/a> s\u2019est impos\u00e9e 3-2 face au <a href=\"https:\/\/www.footmercato.net\/selection\/denmark-feminine\/\" rel=\"nofollow noopener\" target=\"_blank\">Danemark<\/a> pour son dernier match de groupe. Les Polonaises ont rapidement pris l\u2019avantage gr\u00e2ce \u00e0 des r\u00e9alisations de Bidas (13e) et Pajor (20e), concr\u00e9tisant une entame de match ma\u00eetris\u00e9e. Le Danemark a r\u00e9agi en seconde p\u00e9riode, avec un but de Thomsen \u00e0 la 59e minute, dans une rencontre \u00e9quilibr\u00e9e sur le plan statistique. Wiankowska semblait avoir scell\u00e9 le sort des Danoises \u00e0 la 76e (3-1), mais Bruun a r\u00e9duit l\u2019\u00e9cart \u00e0 la 83e, offrant une fin de match l\u00e9g\u00e8rement plus tendue. Une victoire symbolique pour la Pologne, qui termine avec 3 petits points, insuffisants pour rejoindre l\u2019Allemagne \u00e0 la deuxi\u00e8me place. Le Danemark, lanterne rouge avec trois d\u00e9faites en autant de matchs, quitte l\u2019Euro sans le moindre point, une comp\u00e9tition \u00e0 oublier.<\/p>\n<p>            La suite apr\u00e8s cette publicit\u00e9<\/p>\n<p>Cette fois-ci, c\u2019\u00e9tait un duel de t\u00eate dans ce groupe C. Dans une rencontre spectaculaire, la <a href=\"https:\/\/www.footmercato.net\/selection\/suede-feminine\/\" rel=\"nofollow noopener\" target=\"_blank\">Su\u00e8de<\/a> a frapp\u00e9 fort en renversant l\u2019Allemagne sur le score de 4-1. Pourtant, ce sont les Allemandes qui avaient ouvert le score d\u00e8s la 7e minute gr\u00e2ce \u00e0 Brand. Mais la r\u00e9action su\u00e9doise fut imm\u00e9diate, avec l\u2019\u00e9galisation de Blackstenius (12e), puis un second but sign\u00e9 Holmberg (25e). Le tournant du match intervient quelques minutes plus tard : Wamser est expuls\u00e9e pour avoir stopp\u00e9 de la main une frappe su\u00e9doise dans une cage vide. Une sanction controvers\u00e9e puisque l\u2019action semblait \u00eatre un hors-jeu non signal\u00e9. Malgr\u00e9 les protestations, l\u2019arbitre maintient sa d\u00e9cision, et R\u00f6lfo transforme le penalty (3-1). R\u00e9duite \u00e0 dix, l\u2019Allemagne n\u2019a jamais r\u00e9ussi \u00e0 revenir. Hurtig enfonce le clou en fin de match (80e), scellant une victoire nette et ma\u00eetris\u00e9e. La Su\u00e8de termine en t\u00eate du groupe apr\u00e8s un match parfait, tandis que l\u2019Allemagne reste \u00e0 6 points et voit se qualifie, en tant que dauphin, en 1\/4 de finale. La Su\u00e8de a fait un \u00ab\u00a0perfect\u00a0\u00bb sur cette phase de groupe et peut, \u00e0 pr\u00e9sent, \u00eatre consid\u00e9r\u00e9e, comme favorite. <\/p>\n<p>\n    Pub. le 12\/07\/2025 22:53<br \/>\n            &#8211; MAJ le 12\/07\/2025 22:54\n    <\/p>\n","protected":false},"excerpt":{"rendered":"Les deux derniers au classement du Groupe C s\u2019affrontaient pour le 3e match de phase de groupe. Dans&hellip;\n","protected":false},"author":2,"featured_media":144774,"comment_status":"","ping_status":"","sticky":false,"template":"","format":"standard","meta":{"footnotes":""},"categories":[1587],"tags":[11,672,1804,1805,1803,1777,674,1801,12,1802],"class_list":{"0":"post-245744","1":"post","2":"type-post","3":"status-publish","4":"format-standard","5":"has-post-thumbnail","7":"category-allemagne","8":"tag-actualites","9":"tag-allemagne","10":"tag-bundesrepublik-deutschland","11":"tag-de","12":"tag-deutschland","13":"tag-eu","14":"tag-europe","15":"tag-germany","16":"tag-news","17":"tag-republique-federale-dallemagne"},"share_on_mastodon":{"url":"https:\/\/pubeurope.com\/@fr\/114842295586616182","error":""},"_links":{"self":[{"href":"https:\/\/www.europesays.com\/fr\/wp-json\/wp\/v2\/posts\/245744","targetHints":{"allow":["GET"]}}],"collection":[{"href":"https:\/\/www.europesays.com\/fr\/wp-json\/wp\/v2\/posts"}],"about":[{"href":"https:\/\/www.europesays.com\/fr\/wp-json\/wp\/v2\/types\/post"}],"author":[{"embeddable":true,"href":"https:\/\/www.europesays.com\/fr\/wp-json\/wp\/v2\/users\/2"}],"replies":[{"embeddable":true,"href":"https:\/\/www.europesays.com\/fr\/wp-json\/wp\/v2\/comments?post=245744"}],"version-history":[{"count":0,"href":"https:\/\/www.europesays.com\/fr\/wp-json\/wp\/v2\/posts\/245744\/revisions"}],"wp:featuredmedia":[{"embeddable":true,"href":"https:\/\/www.europesays.com\/fr\/wp-json\/wp\/v2\/media\/144774"}],"wp:attachment":[{"href":"https:\/\/www.europesays.com\/fr\/wp-json\/wp\/v2\/media?parent=245744"}],"wp:term":[{"taxonomy":"category","embeddable":true,"href":"https:\/\/www.europesays.com\/fr\/wp-json\/wp\/v2\/categories?post=245744"},{"taxonomy":"post_tag","embeddable":true,"href":"https:\/\/www.europesays.com\/fr\/wp-json\/wp\/v2\/tags?post=245744"}],"curies":[{"name":"wp","href":"https:\/\/api.w.org\/{rel}","templated":true}]}}