{"id":245745,"date":"2025-07-12T21:05:10","date_gmt":"2025-07-12T21:05:10","guid":{"rendered":"https:\/\/www.europesays.com\/fr\/245745\/"},"modified":"2025-07-12T21:05:10","modified_gmt":"2025-07-12T21:05:10","slug":"notre-tour-deurope-des-polars-pour-enqueter-et-voir-du-pays","status":"publish","type":"post","link":"https:\/\/www.europesays.com\/fr\/245745\/","title":{"rendered":"Notre tour d\u2019Europe des polars, pour enqu\u00eater et voir du pays"},"content":{"rendered":"<p>      <img fetchpriority=\"high\" decoding=\"async\" class=\"mx-auto\" src=\"data:image\/svg+xml,%3Csvg%20xmlns%3D%27http%3A%2F%2Fwww.w3.org%2F2000%2Fsvg%27%20fill%3D%22%23e4e4e4%22%20viewBox%3D%270%200%20510%20340%27%20width%3D%22510%22%20height%3D%22340%22%3E%3Cpath%20d%3D%27M0%200h510v340H0z%27%2F%3E%3C%2Fsvg%3E\"  loading=\"eager\" width=\"510\" height=\"340\" data-oncrawl-image-size=\"510x340\" alt=\"\u00ab\u00a0Falaise noire\u00a0\u00bb, \u00ab\u00a0le Printemps basque d\u2019April Latimer\u00a0\u00bb, \u00ab\u00a0Mirage\u00a0\u00bb, \u00ab\u00a0l\u2019Arbre de Judas\u00a0\u00bb... Voyage au noir en Europe.\"\/>      <\/p>\n<p class=\"latino-100m text-grey-800\">\n            \u00ab\u00a0Falaise noire\u00a0\u00bb, \u00ab\u00a0le Printemps basque d\u2019April Latimer\u00a0\u00bb, \u00ab\u00a0Mirage\u00a0\u00bb, \u00ab\u00a0l\u2019Arbre de Judas\u00a0\u00bb&#8230; Voyage au noir en Europe.\u00a0        <\/p>\n<p>    Lire\u00a0plus\u00a0tard  <\/p>\n<p><a aria-label=\"Nous suivre sur Google News\" href=\"https:\/\/news.google.com\/publications\/CAAqBwgKMJe4nQkw3dFs?hl=fr&amp;gl=FR&amp;ceid=FR%3Afr\" target=\"_blank\" data-piano=\"Page_Article,Sous_date_publi,Nous_suivre_sur_google_news,1er_clic,action\" class=\"btn btn--small btn--tertiary btn--icon-only\" rel=\"noopener\"><\/p>\n<p>      Google Actualit\u00e9s<br \/>\n  <\/a><\/p>\n<p>  Partager<\/p>\n<p>        Facebook<\/p>\n<p>        Bluesky<\/p>\n<p>        E-mail<\/p>\n<p>        Copier le lien<\/p>\n<p>      Envoyer<\/p>\n<p>      S\u2019abonner pour lire    <\/p>\n<p class=\"latino-500b text-grey-600\">Pour aller plus loin<\/p>\n<p class=\"node__paragraphe antonia-750r text-grey-800 pb-24 pb-md-30\">\n<strong>GR\u00c8CE<br \/>Sombre Odyss\u00e9e<\/strong><\/p>\n<p class=\"node__paragraphe antonia-750r text-grey-800 pb-8\">\nIlias se trouve \u00e0 un de ces carrefours de la vie qu\u2019on aimerait mieux ne jamais conna\u00eetre. Plus d\u2019\u00e9pouse, plus de travail, et ses filles, seulement au t\u00e9l\u00e9phone. Alors il rentre au village, celui de sa m\u00e8re, au nord de la Gr\u00e8ce, \u00e0 la fronti\u00e8re avec l\u2019Albanie. La montagne, la neige, la brume, cigarette sur cigarette, et puis la d\u00e9couverte d\u2019une femme assassin\u00e9e, jet\u00e9e dans une fosse. Elle \u00e9tait albanaise, et cette mort va redon\u2026<\/p>\n<p class=\"teaser pb-md-10\">La r\u00e9daction vous offre cet article.<\/p>\n<p class=\"benefits pb-5 pb-md-15\">Une fois inscrit, vous pouvez profiter gratuitement des articles offerts.<\/p>\n<p>    Cr\u00e9er un compte gratuit<\/p>\n<p>      Se connecter<\/p>\n","protected":false},"excerpt":{"rendered":"\u00ab\u00a0Falaise noire\u00a0\u00bb, \u00ab\u00a0le Printemps basque d\u2019April Latimer\u00a0\u00bb, \u00ab\u00a0Mirage\u00a0\u00bb, \u00ab\u00a0l\u2019Arbre de Judas\u00a0\u00bb&#8230; Voyage au noir en Europe.\u00a0 Lire\u00a0plus\u00a0tard Google&hellip;\n","protected":false},"author":2,"featured_media":245746,"comment_status":"","ping_status":"","sticky":false,"template":"","format":"standard","meta":{"footnotes":""},"categories":[1586],"tags":[17,11,6473,38542,1777,674,1011,27,12,5457,38541,25,3584,3840],"class_list":{"0":"post-245745","1":"post","2":"type-post","3":"status-publish","4":"format-standard","5":"has-post-thumbnail","7":"category-europe","8":"tag-17","9":"tag-actualites","10":"tag-bibliobs","11":"tag-enqueter","12":"tag-eu","13":"tag-europe","14":"tag-fr","15":"tag-france","16":"tag-news","17":"tag-pays","18":"tag-polars","19":"tag-republique-francaise","20":"tag-tour","21":"tag-voir"},"share_on_mastodon":{"url":"https:\/\/pubeurope.com\/@fr\/114842299523151931","error":""},"_links":{"self":[{"href":"https:\/\/www.europesays.com\/fr\/wp-json\/wp\/v2\/posts\/245745","targetHints":{"allow":["GET"]}}],"collection":[{"href":"https:\/\/www.europesays.com\/fr\/wp-json\/wp\/v2\/posts"}],"about":[{"href":"https:\/\/www.europesays.com\/fr\/wp-json\/wp\/v2\/types\/post"}],"author":[{"embeddable":true,"href":"https:\/\/www.europesays.com\/fr\/wp-json\/wp\/v2\/users\/2"}],"replies":[{"embeddable":true,"href":"https:\/\/www.europesays.com\/fr\/wp-json\/wp\/v2\/comments?post=245745"}],"version-history":[{"count":0,"href":"https:\/\/www.europesays.com\/fr\/wp-json\/wp\/v2\/posts\/245745\/revisions"}],"wp:featuredmedia":[{"embeddable":true,"href":"https:\/\/www.europesays.com\/fr\/wp-json\/wp\/v2\/media\/245746"}],"wp:attachment":[{"href":"https:\/\/www.europesays.com\/fr\/wp-json\/wp\/v2\/media?parent=245745"}],"wp:term":[{"taxonomy":"category","embeddable":true,"href":"https:\/\/www.europesays.com\/fr\/wp-json\/wp\/v2\/categories?post=245745"},{"taxonomy":"post_tag","embeddable":true,"href":"https:\/\/www.europesays.com\/fr\/wp-json\/wp\/v2\/tags?post=245745"}],"curies":[{"name":"wp","href":"https:\/\/api.w.org\/{rel}","templated":true}]}}