{"id":245758,"date":"2025-07-12T21:13:07","date_gmt":"2025-07-12T21:13:07","guid":{"rendered":"https:\/\/www.europesays.com\/fr\/245758\/"},"modified":"2025-07-12T21:13:07","modified_gmt":"2025-07-12T21:13:07","slug":"ce-joueur-de-tennis-francais-annonce-a-36-ans-mettre-fin-a-sa-carriere-je-suis-passe-a-cote-de-beaucoup-de-moments-de-vie-purepeople","status":"publish","type":"post","link":"https:\/\/www.europesays.com\/fr\/245758\/","title":{"rendered":"Ce joueur de tennis fran\u00e7ais annonce \u00e0 36 ans mettre fin \u00e0 sa carri\u00e8re : &quot;Je suis pass\u00e9 \u00e0 c\u00f4t\u00e9 de beaucoup de moments de vie&quot; &#8211; Purepeople"},"content":{"rendered":"<ol>\n<li><a href=\"https:\/\/news.google.com\/rss\/articles\/CBMi-gFBVV95cUxPRmZKV24xUTMwR1ZkYzd6VV9femlMYUxWSFVxMGJaWlJWV2ptZHlIM0JOcWxkcDlaci1tVmFxLTV4NHdRSnB3a0N5OThZdkFtdVI2R0J4bzg3d2FkVFdralo3ZnVjR1FWRkNaOTVINFgwU284cDJnLVREVE5YTmxUakN0QmZ6bXh4OVU1QlhDYUs1TXpYTTFpMVRDQVZiR05raEUwQmRIS2xVOEkxbW1LSlhpdmgyc0UzTnRVNXBhZzdDbFQ3ZTdGUHdxeV9IVUtxc3RiNnlnX2dsMjVwSVRvR01LSVFLaFdNMTh2Q193NHU5OEtiVmc3Y3dn?oc=5\" target=\"_blank\" rel=\"nofollow noopener\">Ce joueur de tennis fran\u00e7ais annonce \u00e0 36 ans mettre fin \u00e0 sa carri\u00e8re : \u00ab\u00a0Je suis pass\u00e9 \u00e0 c\u00f4t\u00e9 de beaucoup de moments de vie\u00a0\u00bb<\/a>&nbsp;&nbsp;Purepeople<\/li>\n<li><a href=\"https:\/\/news.google.com\/rss\/articles\/CBMi7AFBVV95cUxQSzZQel8zRlROekktMlJhWVZpZ2h5ZU5lYWI3QzFVMmYwUS1FUUN6ajRKX3VUUUVTaEJrUTlZN0RTS19GRWVUdDhQeGRrNUZxZmdjdG9NR0lNM3FQNjlrbHdscVU5X2lzdnFlYVFieTdtblV4STZNVVBuZnYySnhKQWlxbklGN016SUNRd3R2eDNiVTRYU3d4LUl2UU5lTXhPVDBYakhTVG1LQWdNVFFhMGJDaE5tM2wwN2puV291YlQxRlhIZDJJdWtwa2RYc2ZGeDN6Sm96YUpCZ0xXcFAwV0tsQjR5a245eHNpUg?oc=5\" target=\"_blank\" rel=\"nofollow noopener\">Apr\u00e8s ses exploits \u00e0 Roland-Garros et Wimbledon, Laurent Lokoli aspire \u00e0 de nouvelles perspectives<\/a>&nbsp;&nbsp;Corse Matin<\/li>\n<li><a href=\"https:\/\/news.google.com\/rss\/articles\/CBMihAFBVV95cUxQZVd2c3I3LUhKZ2RjR0NFVk1BQXZzcWJyUEs3bjZXSkFkWXkwRGdMOTJDZWdyTjM1RE9GdFhmajRsMmlkamZPZnRPLVpPLTJUNnV5bndoQVQ0SkVCMHJhVEhILWxrcFBiRWUyeFlSME1JQnNjaUZaQm5IUUcxaUlzMkMwbGI?oc=5\" target=\"_blank\" rel=\"nofollow noopener\">Lokoli prendra sa retraite en 2026 et esp\u00e8re jouer Roland-Garros une derni\u00e8re fois<\/a>&nbsp;&nbsp;Tennis Temple<\/li>\n<li><a href=\"https:\/\/news.google.com\/rss\/articles\/CBMikAFBVV95cUxOOUZWTjNhbmhOTXM2NnNHWGdZTGU4dWdfdFI5MEZuRXhSSDRhNkNldzA0ZDlQajBrZ3I2LXNNSEg1cUZqN2t4bmhWNThiYkxsLWpmTW45WUxBTVI2LTV1cVZrX3JDeEdJSjZwOGREbmprbU5zQmtrNEk0MFQza1owcm1ZM20xUXpSekxBMW5RY3U?oc=5\" target=\"_blank\" rel=\"nofollow noopener\">Tennis : 13e \u00e9dition de l&rsquo;Open d&rsquo;Ajaccio<\/a>&nbsp;&nbsp;Journal de la Corse<\/li>\n<li><a href=\"https:\/\/news.google.com\/rss\/articles\/CBMirAFBVV95cUxPOF90VEVEakJualYwOFJWOS13TVNNejlPMjZ2WU53d3FnbnVtMm05ejlfTWl0QnN3QldhaGI4cjFrRWdRRlVOaW1tVTJ4aHFRbWU3Z1d4V29ET3FjUnc2ejJXMFg1LXhVYkJzMDlpQXlLMUFFZFBSTWotTVRLVFpzdFNFU0dGTGl0V0lPNHEtUnVDUHFSWU0xd0ZDTTFRVE9iU0QxSmFqWHpKZEQz?oc=5\" target=\"_blank\" rel=\"nofollow noopener\">Tennis : Laurent Lokoli en finale de l\u2019Open d\u2019Ajaccio<\/a>&nbsp;&nbsp;francebleu.fr<\/li>\n<\/ol>\n","protected":false},"excerpt":{"rendered":"Ce joueur de tennis fran\u00e7ais annonce \u00e0 36 ans mettre fin \u00e0 sa carri\u00e8re : \u00ab\u00a0Je suis pass\u00e9&hellip;\n","protected":false},"author":2,"featured_media":1445,"comment_status":"","ping_status":"","sticky":false,"template":"","format":"standard","meta":{"footnotes":""},"categories":[1415],"tags":[1011,27,60,1467],"class_list":{"0":"post-245758","1":"post","2":"type-post","3":"status-publish","4":"format-standard","5":"has-post-thumbnail","7":"category-tennis","8":"tag-fr","9":"tag-france","10":"tag-sports","11":"tag-tennis"},"share_on_mastodon":{"url":"https:\/\/pubeurope.com\/@fr\/114842330888791046","error":""},"_links":{"self":[{"href":"https:\/\/www.europesays.com\/fr\/wp-json\/wp\/v2\/posts\/245758","targetHints":{"allow":["GET"]}}],"collection":[{"href":"https:\/\/www.europesays.com\/fr\/wp-json\/wp\/v2\/posts"}],"about":[{"href":"https:\/\/www.europesays.com\/fr\/wp-json\/wp\/v2\/types\/post"}],"author":[{"embeddable":true,"href":"https:\/\/www.europesays.com\/fr\/wp-json\/wp\/v2\/users\/2"}],"replies":[{"embeddable":true,"href":"https:\/\/www.europesays.com\/fr\/wp-json\/wp\/v2\/comments?post=245758"}],"version-history":[{"count":0,"href":"https:\/\/www.europesays.com\/fr\/wp-json\/wp\/v2\/posts\/245758\/revisions"}],"wp:featuredmedia":[{"embeddable":true,"href":"https:\/\/www.europesays.com\/fr\/wp-json\/wp\/v2\/media\/1445"}],"wp:attachment":[{"href":"https:\/\/www.europesays.com\/fr\/wp-json\/wp\/v2\/media?parent=245758"}],"wp:term":[{"taxonomy":"category","embeddable":true,"href":"https:\/\/www.europesays.com\/fr\/wp-json\/wp\/v2\/categories?post=245758"},{"taxonomy":"post_tag","embeddable":true,"href":"https:\/\/www.europesays.com\/fr\/wp-json\/wp\/v2\/tags?post=245758"}],"curies":[{"name":"wp","href":"https:\/\/api.w.org\/{rel}","templated":true}]}}