{"id":245759,"date":"2025-07-12T21:15:13","date_gmt":"2025-07-12T21:15:13","guid":{"rendered":"https:\/\/www.europesays.com\/fr\/245759\/"},"modified":"2025-07-12T21:15:13","modified_gmt":"2025-07-12T21:15:13","slug":"motogp-allemagne-j2-luca-marini-honda-q15-s16-piege-comme-zarco-par-son-pneu-le-feeling-netait-pas-le-meme","status":"publish","type":"post","link":"https:\/\/www.europesays.com\/fr\/245759\/","title":{"rendered":"MotoGP, Allemagne J2, Luca Marini (Honda\/Q15-S16) pi\u00e9g\u00e9 comme Zarco par son pneu : \u00ab\u00a0Le feeling n&rsquo;\u00e9tait pas le m\u00eame\u00a0\u00bb"},"content":{"rendered":"<p><strong>Luca Marini reconna\u00eet ne pas avoir \u00e9t\u00e9 trop g\u00ean\u00e9 par sa<br \/>\nforme physique, mais plut\u00f4t par son pneu, exactement comme Johann<br \/>\nZarco.<\/strong><\/p>\n<p><strong>Luca Marini<\/strong> a disput\u00e9 ce samedi sa premi\u00e8re<br \/>\ncourse depuis le GP de Grande-Bretagne, il y a un mois et demi.<br \/>\nEntre temps, le pilote italien s\u2019\u00e9tait lourdement bless\u00e9 au Japon,<br \/>\nalors qu\u2019il participait \u00e0 des essais pour les 8 Heures de Suzuka.<br \/>\n\u00c9loign\u00e9 tout ce temps de la piste, il avait re\u00e7u le feu vert des<br \/>\nm\u00e9decins jeudi pour prendre part au Grand Prix d\u2019Allemagne ce<br \/>\nweek-end.<\/p>\n<p>S\u2019il a \u00e9volu\u00e9 loin au classement depuis les FP1, en terminant<br \/>\nentre la 15e et la 18e place, il a toutefois conclu les FP2 au<br \/>\ndixi\u00e8me rang ce matin, avant de se qualifier 15e. Il a ensuite<br \/>\npass\u00e9 l\u2019int\u00e9gralit\u00e9 de la course sprint au 16e rang, mais reconna\u00eet<br \/>\nne pas avoir \u00e9t\u00e9 g\u00ean\u00e9 plus que \u00e7a par sa forme physique. Le<br \/>\nv\u00e9ritable probl\u00e8me a r\u00e9sid\u00e9 dans le choix de pneumatique.<\/p>\n<p><a href=\"https:\/\/www.paddock-gp.com\/motogp-allemage-j2-johann-zarco-honda-q2-s7-dans-lincomprehension-quest-ce-quil-y-a-pu-avoir\/\" target=\"_blank\" rel=\"noopener nofollow\">Tout comme Johann Zarco<\/a>,<br \/>\nl\u2019Italien a opt\u00e9 pour le pneu medium, qui avait bien fonctionn\u00e9<br \/>\npour lui en qualifications, mais qui n\u2019est jamais mont\u00e9 en<br \/>\ntemp\u00e9rature en course. Une interrogation pour le clan Honda, qui va<br \/>\ntravailler \u00e0 l\u2019analyse des donn\u00e9es afin de ne pas rencontrer de<br \/>\nnouveau ce probl\u00e8me demain, lors de la course principale.<\/p>\n<p><img loading=\"lazy\" decoding=\"async\" class=\"aligncenter size-full wp-image-1309227\" src=\"https:\/\/www.europesays.com\/fr\/wp-content\/uploads\/2025\/07\/6872734001da10.28605997.jpg\" alt=\"Luca Marini Allemagne\" width=\"800\" height=\"533\"  \/><\/p>\n<p>\u00ab\u00a0Je suis content d\u2019avoir boucl\u00e9 l\u2019enti\u00e8ret\u00e9 de la<br \/>\ncourse sprint. J\u2019ai pu bien me rendre compte de ma condition<br \/>\nphysique. Apr\u00e8s, je compense encore mon manque de force par<br \/>\nd\u2019autres aspects, et la pluie m\u2019a certainement facilit\u00e9 la<br \/>\nt\u00e2che\u00a0\u00bb, a d\u00e9clar\u00e9 Marini lors de son debriefing.<\/p>\n<p>\u00ab\u00a0Honn\u00eatement, notre performance n\u2019\u00e9tait pas li\u00e9e \u00e0 ma<br \/>\ncondition physique. Ce matin, le pneu medium fonctionnait vraiment<br \/>\nbien, et c\u2019est pour \u00e7a que Zarco et moi on l\u2019a choisi, mais le<br \/>\nfeeling n\u2019\u00e9tait pas le m\u00eame. Il faut v\u00e9rifier ce soir et r\u00e9essayer<br \/>\ndemain. S\u2019il pleut encore demain matin, on essayera le tendre, mais<br \/>\non verra comment la m\u00e9t\u00e9o \u00e9voluera pendant la nuit.\u00a0\u00bb<\/p>\n<p><strong>R\u00e9sultats de la course sprint du Grand Prix<br \/>\nd\u2019Allemagne :<\/strong><\/p>\n<p><img loading=\"lazy\" decoding=\"async\" class=\"aligncenter size-full wp-image-1309086\" src=\"https:\/\/www.europesays.com\/fr\/wp-content\/uploads\/2025\/07\/sprint.jpg\" alt=\"\" width=\"800\" height=\"839\"  \/><\/p>\n<p>Cr\u00e9dit classement : <a href=\"https:\/\/www.motogp.com\/fr\" rel=\"nofollow noopener\" target=\"_blank\">MotoGP.com<\/a><\/p>\n","protected":false},"excerpt":{"rendered":"Luca Marini reconna\u00eet ne pas avoir \u00e9t\u00e9 trop g\u00ean\u00e9 par sa forme physique, mais plut\u00f4t par son pneu,&hellip;\n","protected":false},"author":2,"featured_media":245760,"comment_status":"","ping_status":"","sticky":false,"template":"","format":"standard","meta":{"footnotes":""},"categories":[1413],"tags":[1011,27,1457,1456,60],"class_list":{"0":"post-245759","1":"post","2":"type-post","3":"status-publish","4":"format-standard","5":"has-post-thumbnail","7":"category-moto","8":"tag-fr","9":"tag-france","10":"tag-moto","11":"tag-motocycle","12":"tag-sports"},"share_on_mastodon":{"url":"https:\/\/pubeurope.com\/@fr\/114842338942104845","error":""},"_links":{"self":[{"href":"https:\/\/www.europesays.com\/fr\/wp-json\/wp\/v2\/posts\/245759","targetHints":{"allow":["GET"]}}],"collection":[{"href":"https:\/\/www.europesays.com\/fr\/wp-json\/wp\/v2\/posts"}],"about":[{"href":"https:\/\/www.europesays.com\/fr\/wp-json\/wp\/v2\/types\/post"}],"author":[{"embeddable":true,"href":"https:\/\/www.europesays.com\/fr\/wp-json\/wp\/v2\/users\/2"}],"replies":[{"embeddable":true,"href":"https:\/\/www.europesays.com\/fr\/wp-json\/wp\/v2\/comments?post=245759"}],"version-history":[{"count":0,"href":"https:\/\/www.europesays.com\/fr\/wp-json\/wp\/v2\/posts\/245759\/revisions"}],"wp:featuredmedia":[{"embeddable":true,"href":"https:\/\/www.europesays.com\/fr\/wp-json\/wp\/v2\/media\/245760"}],"wp:attachment":[{"href":"https:\/\/www.europesays.com\/fr\/wp-json\/wp\/v2\/media?parent=245759"}],"wp:term":[{"taxonomy":"category","embeddable":true,"href":"https:\/\/www.europesays.com\/fr\/wp-json\/wp\/v2\/categories?post=245759"},{"taxonomy":"post_tag","embeddable":true,"href":"https:\/\/www.europesays.com\/fr\/wp-json\/wp\/v2\/tags?post=245759"}],"curies":[{"name":"wp","href":"https:\/\/api.w.org\/{rel}","templated":true}]}}