{"id":24576,"date":"2025-04-14T15:34:13","date_gmt":"2025-04-14T15:34:13","guid":{"rendered":"https:\/\/www.europesays.com\/fr\/24576\/"},"modified":"2025-04-14T15:34:13","modified_gmt":"2025-04-14T15:34:13","slug":"marseille-accueille-le-forum-des-projets-urbains-mediterranee-le-16-juin","status":"publish","type":"post","link":"https:\/\/www.europesays.com\/fr\/24576\/","title":{"rendered":"Marseille accueille le Forum des Projets Urbains M\u00e9diterran\u00e9e le 16 juin"},"content":{"rendered":"<p><img loading=\"lazy\" decoding=\"async\" alt=\"\u00a9 D.A - Le Forum des Projets Urbains M\u00e9diterran\u00e9e 2025 s'installe \u00e0 Marseille le 16 juin prochain. Pr\u00e8s de 400 professionnels pr\u00e9sents, plus de vingt ateliers pr\u00e9vus et deux conf\u00e9rences pl\u00e9ni\u00e8res.\" data-zoom-src=\"https:\/\/www.europesays.com\/fr\/wp-content\/uploads\/2025\/04\/initial-forum-projets-urbains.jpg\" data-zoomable=\"\" height=\"702\" src=\"https:\/\/www.europesays.com\/fr\/wp-content\/uploads\/2025\/04\/initial-forum-projets-urbains.jpg\" width=\"1248\"\/>  <\/p>\n<p class=\"article-desc\">\u00a9 D.A &#8211; Le Forum des Projets Urbains M\u00e9diterran\u00e9e 2025 s&rsquo;installe \u00e0 Marseille le 16 juin prochain. Pr\u00e8s de 400 professionnels pr\u00e9sents, plus de vingt ateliers pr\u00e9vus et deux conf\u00e9rences pl\u00e9ni\u00e8res. <\/p>\n<p>Marseille se place au c\u0153ur des r\u00e9flexions sur l&rsquo;<strong>avenir urbain<\/strong> en accueillant le <a href=\"https:\/\/www.linkedin.com\/company\/forum-des-projets-urbains\/\" rel=\"noopener\" target=\"_blank\">Forum des Projets Urbains<\/a> (FPU) au Radisson Blu, le 16 juin prochain. Une journ\u00e9e d&rsquo;\u00e9changes de pratiques et de d\u00e9bats pour pr\u00e8s de <strong>400 acteurs cl\u00e9s<\/strong> de l&rsquo;am\u00e9nagement des r\u00e9gions Provence-Alpes-C\u00f4te d&rsquo;Azur et Occitanie : \u00e9lus, directions de l&rsquo;urbanisme, am\u00e9nageurs publics et priv\u00e9s, promoteurs, investisseurs, architectes, urbanistes, etc. <\/p>\n<p>L&rsquo;objectif du <strong>Forum des Projets Urbains<\/strong> : former les \u00e9quipes, communiquer sur les projets, rencontrer et d\u00e9velopper les r\u00e9seaux. <\/p>\n<p> Pr\u00e8s de 400 professionnels pr\u00e9sents au Forum des Projets Urbains <\/p>\n<p>A destination des professionnels, et organis\u00e9 avec le soutien, entre autres, de la <a href=\"https:\/\/mesinfos.fr\/nouvellespublications\/recherche-articles.html?aut_id=1574&amp;search=m%C3%A9tropole+aix-marseille&amp;honeypot=\" rel=\"noopener\" target=\"_blank\">M\u00e9tropole Aix-Marseille-Provence<\/a>, de l&rsquo;<a href=\"https:\/\/mesinfos.fr\/nouvellespublications\/recherche-articles.html?aut_id=1574&amp;search=ademe&amp;honeypot=\" rel=\"noopener\" target=\"_blank\">Ademe<\/a>, et de l&rsquo;<a href=\"https:\/\/mesinfos.fr\/nouvellespublications\/recherche-articles.html?aut_id=1574&amp;search=agam&amp;honeypot=\" rel=\"noopener\" target=\"_blank\">Agam<\/a>, le forum proposera <strong>une vingtaine d&rsquo;ateliers<\/strong> d\u00e9di\u00e9s \u00e0 des<strong> projets urbains innovants<\/strong>, ainsi qu&rsquo;une conf\u00e9rence pl\u00e9ni\u00e8re rassemblant des acteurs majeurs de la fabrique de la ville. L&rsquo;accent sera mis sur les enjeux <strong>climatiques<\/strong>, de la <strong>renaturation <\/strong>aux\u00a0<strong>nouvelles mobilit\u00e9s.<\/strong> <\/p>\n","protected":false},"excerpt":{"rendered":"\u00a9 D.A &#8211; Le Forum des Projets Urbains M\u00e9diterran\u00e9e 2025 s&rsquo;installe \u00e0 Marseille le 16 juin prochain. Pr\u00e8s&hellip;\n","protected":false},"author":2,"featured_media":24577,"comment_status":"","ping_status":"","sticky":false,"template":"","format":"standard","meta":{"footnotes":""},"categories":[2814],"tags":[1111,11,8853,1777,674,1011,27,884,12,882,25,7672,8678,1352],"class_list":{"0":"post-24576","1":"post","2":"type-post","3":"status-publish","4":"format-standard","5":"has-post-thumbnail","7":"category-marseille","8":"tag-actu","9":"tag-actualites","10":"tag-amu00e9nagement","11":"tag-eu","12":"tag-europe","13":"tag-fr","14":"tag-france","15":"tag-marseille","16":"tag-news","17":"tag-provence-alpes-cote-dazur","18":"tag-republique-francaise","19":"tag-transition-u00e9cologique","20":"tag-transition-u00e9nergu00e9tique","21":"tag-urbanisme"},"share_on_mastodon":{"url":"https:\/\/pubeurope.com\/@fr\/114337052382197083","error":""},"_links":{"self":[{"href":"https:\/\/www.europesays.com\/fr\/wp-json\/wp\/v2\/posts\/24576","targetHints":{"allow":["GET"]}}],"collection":[{"href":"https:\/\/www.europesays.com\/fr\/wp-json\/wp\/v2\/posts"}],"about":[{"href":"https:\/\/www.europesays.com\/fr\/wp-json\/wp\/v2\/types\/post"}],"author":[{"embeddable":true,"href":"https:\/\/www.europesays.com\/fr\/wp-json\/wp\/v2\/users\/2"}],"replies":[{"embeddable":true,"href":"https:\/\/www.europesays.com\/fr\/wp-json\/wp\/v2\/comments?post=24576"}],"version-history":[{"count":0,"href":"https:\/\/www.europesays.com\/fr\/wp-json\/wp\/v2\/posts\/24576\/revisions"}],"wp:featuredmedia":[{"embeddable":true,"href":"https:\/\/www.europesays.com\/fr\/wp-json\/wp\/v2\/media\/24577"}],"wp:attachment":[{"href":"https:\/\/www.europesays.com\/fr\/wp-json\/wp\/v2\/media?parent=24576"}],"wp:term":[{"taxonomy":"category","embeddable":true,"href":"https:\/\/www.europesays.com\/fr\/wp-json\/wp\/v2\/categories?post=24576"},{"taxonomy":"post_tag","embeddable":true,"href":"https:\/\/www.europesays.com\/fr\/wp-json\/wp\/v2\/tags?post=24576"}],"curies":[{"name":"wp","href":"https:\/\/api.w.org\/{rel}","templated":true}]}}