{"id":24578,"date":"2025-04-14T15:35:08","date_gmt":"2025-04-14T15:35:08","guid":{"rendered":"https:\/\/www.europesays.com\/fr\/24578\/"},"modified":"2025-04-14T15:35:08","modified_gmt":"2025-04-14T15:35:08","slug":"pres-de-lyon-les-gendarmes-font-dechanter-ces-automobilistes-trop-presses-detre-en-week-end","status":"publish","type":"post","link":"https:\/\/www.europesays.com\/fr\/24578\/","title":{"rendered":"Pr\u00e8s de Lyon. Les gendarmes font d\u00e9chanter ces automobilistes trop press\u00e9s d&rsquo;\u00eatre en week-end"},"content":{"rendered":"<p>            Par<br \/>\n        <strong><br \/>\n            <a href=\"https:\/\/actu.fr\/auteur\/anthony-soudani\" title=\"Consulter tous les articles de Anthony Soudani\" rel=\"nofollow noopener\" target=\"_blank\">Anthony Soudani<\/a><br \/>\n        <\/strong><\/p>\n<p>        Publi\u00e9 le<\/p>\n<p>            14 avr. 2025 \u00e0 10h46        <\/p>\n<p>Les <a href=\"https:\/\/actu.fr\/auvergne-rhone-alpes\/l-arbresle_69010\/pres-de-lyon-les-gendarmes-cernent-l-entree-de-cette-commune-pluie-de-pv-en-2h_62496945.html\" rel=\"nofollow noopener\" target=\"_blank\">gendarmes du Rh\u00f4ne<\/a> ont men\u00e9 une op\u00e9ration de contr\u00f4le routier d\u2019envergure \u00e0 l\u2019ouest de la m\u00e9tropole de Lyon, sur les secteurs de <strong>Limonest, Dardilly et Tassin-la-Demi-Lune<\/strong>. Les militaires ont relev\u00e9 de nombreuses infractions au code de la route le vendredi 4 avril avec des automobilistes trop press\u00e9s de partir en week-end, entre 16h et 20h.\u00a0<\/p>\n<p>22 exc\u00e8s de vitesse en 4h<\/p>\n<p class=\" wall-content\">Les r\u00e9sultats de cette op\u00e9ration sont \u00ab\u00a0pr\u00e9occupants\u00a0\u00bb, selon les gendarmes qui communiquent sur pas moins de 22 exc\u00e8s de vitesse en quatre heures.\u00a0<\/p>\n<p class=\" wall-content\">La brigade de <a href=\"https:\/\/actu.fr\/auvergne-rhone-alpes\/dardilly_69072\" rel=\"nofollow noopener\" target=\"_blank\">Dardilly<\/a> a \u00e9galement relev\u00e9 un d\u00e9faut d\u2019assurance, <strong>six usages du t\u00e9l\u00e9phone au volant<\/strong>, deux d\u00e9fauts de contr\u00f4le technique, trois v\u00e9hicules circulant sur des voies r\u00e9serv\u00e9es aux bus, un conducteur sans ceinture, un jeune de 10 ans non attach\u00e9.\u00a0<\/p>\n<p>\u00ab\u00a0Derri\u00e8re ces chiffres se cache une r\u00e9alit\u00e9 inqui\u00e9tante\u00a0\u00bb<\/p>\n<p class=\" wall-content\">\u00ab\u00a0Derri\u00e8re ces chiffres se cache une r\u00e9alit\u00e9 inqui\u00e9tante, expliquent les gendarmes. Trop de conducteurs continuent de sous-estimer les dangers li\u00e9s \u00e0 certains comportements, parfois banalis\u00e9s comme l\u2019usage du t\u00e9l\u00e9phone en conduisant ou le non-respect des limitations de vitesse.\u00a0\u00bb<\/p>\n<p class=\" wall-content\">Les militaires ont proc\u00e9d\u00e9 \u00e0 l\u2019immobilisation d\u2019un v\u00e9hicule et \u00e0 un placement en fourri\u00e8re.<\/p>\n<p>Vid\u00e9os : en ce moment sur Actu<\/p>\n<p class=\" wall-content\">Suivez toute l\u2019actualit\u00e9 de vos villes et m\u00e9dias favoris en vous inscrivant \u00e0 <a href=\"https:\/\/moncompte.actu.fr\" title=\"D\u00e9couvez Mon Actu\" rel=\"nofollow noopener\" data-trk=\"{&quot;cta&quot;:{&quot;action&quot;:&quot;https:\\\/\\\/moncompte.actu.fr&quot;,&quot;category&quot;:&quot;mon compte&quot;,&quot;from&quot;:&quot;article footer&quot;,&quot;name&quot;:&quot;Mon actu&quot;,&quot;type&quot;:&quot;cta&quot;}}\" target=\"_blank\">Mon Actu<\/a>.<\/p>\n<ul class=\"ac-article-tag wall-content\">\n<li><a href=\"https:\/\/actu.fr\/tag\/gendarmerie\" data-trk=\"{&quot;cta&quot;:{&quot;action&quot;:&quot;Gendarmerie&quot;,&quot;category&quot;:&quot;tag&quot;,&quot;from&quot;:&quot;article footer&quot;,&quot;name&quot;:&quot;Gendarmerie&quot;,&quot;type&quot;:&quot;cta&quot;}}\" rel=\"nofollow noopener\" target=\"_blank\">#Gendarmerie<\/a><\/li>\n<li><a href=\"https:\/\/actu.fr\/tag\/securite-routiere\" data-trk=\"{&quot;cta&quot;:{&quot;action&quot;:&quot;S\\u00e9curit\\u00e9 routi\\u00e8re&quot;,&quot;category&quot;:&quot;tag&quot;,&quot;from&quot;:&quot;article footer&quot;,&quot;name&quot;:&quot;S\\u00e9curit\\u00e9 routi\\u00e8re&quot;,&quot;type&quot;:&quot;cta&quot;}}\" rel=\"nofollow noopener\" target=\"_blank\">#S\u00e9curit\u00e9 routi\u00e8re<\/a><\/li>\n<\/ul>\n","protected":false},"excerpt":{"rendered":"Par Anthony Soudani Publi\u00e9 le 14 avr. 2025 \u00e0 10h46 Les gendarmes du Rh\u00f4ne ont men\u00e9 une op\u00e9ration&hellip;\n","protected":false},"author":2,"featured_media":24579,"comment_status":"","ping_status":"","sticky":false,"template":"","format":"standard","meta":{"footnotes":""},"categories":[1889],"tags":[1111,11,2430,1777,674,118,1011,27,3381,2428,12,25,5009],"class_list":{"0":"post-24578","1":"post","2":"type-post","3":"status-publish","4":"format-standard","5":"has-post-thumbnail","7":"category-lyon","8":"tag-actu","9":"tag-actualites","10":"tag-auvergne-rhone-alpes","11":"tag-eu","12":"tag-europe","13":"tag-faits-divers","14":"tag-fr","15":"tag-france","16":"tag-gendarmerie","17":"tag-lyon","18":"tag-news","19":"tag-republique-francaise","20":"tag-securite-routiere"},"share_on_mastodon":{"url":"https:\/\/pubeurope.com\/@fr\/114337056303686028","error":""},"_links":{"self":[{"href":"https:\/\/www.europesays.com\/fr\/wp-json\/wp\/v2\/posts\/24578","targetHints":{"allow":["GET"]}}],"collection":[{"href":"https:\/\/www.europesays.com\/fr\/wp-json\/wp\/v2\/posts"}],"about":[{"href":"https:\/\/www.europesays.com\/fr\/wp-json\/wp\/v2\/types\/post"}],"author":[{"embeddable":true,"href":"https:\/\/www.europesays.com\/fr\/wp-json\/wp\/v2\/users\/2"}],"replies":[{"embeddable":true,"href":"https:\/\/www.europesays.com\/fr\/wp-json\/wp\/v2\/comments?post=24578"}],"version-history":[{"count":0,"href":"https:\/\/www.europesays.com\/fr\/wp-json\/wp\/v2\/posts\/24578\/revisions"}],"wp:featuredmedia":[{"embeddable":true,"href":"https:\/\/www.europesays.com\/fr\/wp-json\/wp\/v2\/media\/24579"}],"wp:attachment":[{"href":"https:\/\/www.europesays.com\/fr\/wp-json\/wp\/v2\/media?parent=24578"}],"wp:term":[{"taxonomy":"category","embeddable":true,"href":"https:\/\/www.europesays.com\/fr\/wp-json\/wp\/v2\/categories?post=24578"},{"taxonomy":"post_tag","embeddable":true,"href":"https:\/\/www.europesays.com\/fr\/wp-json\/wp\/v2\/tags?post=24578"}],"curies":[{"name":"wp","href":"https:\/\/api.w.org\/{rel}","templated":true}]}}