{"id":245786,"date":"2025-07-12T21:30:13","date_gmt":"2025-07-12T21:30:13","guid":{"rendered":"https:\/\/www.europesays.com\/fr\/245786\/"},"modified":"2025-07-12T21:30:13","modified_gmt":"2025-07-12T21:30:13","slug":"nouvelles-arrestations-de-partisans-du-groupe-interdit-palestine-action","status":"publish","type":"post","link":"https:\/\/www.europesays.com\/fr\/245786\/","title":{"rendered":"Nouvelles arrestations de partisans du groupe interdit \u00ab\u00a0Palestine Action\u00a0\u00bb"},"content":{"rendered":"<p>Plusieurs dizaines de personnes ont \u00e9t\u00e9 arr\u00eat\u00e9es samedi au <a href=\"https:\/\/www.20minutes.fr\/monde\/royaume-uni\/\" class=\"color-ultramarine c-link\" target=\"_blank\" rel=\"noopener\">Royaume-Uni<\/a>, dont 41 \u00e0 <a href=\"https:\/\/www.20minutes.fr\/dossier\/londres\" class=\"color-ultramarine c-link\" target=\"_blank\" rel=\"noopener\">Londres<\/a>, apr\u00e8s avoir particip\u00e9 \u00e0 des rassemblements de soutien au groupe interdit <a href=\"https:\/\/www.20minutes.fr\/monde\/palestine\/\" class=\"color-ultramarine c-link\" target=\"_blank\" rel=\"noopener\">Palestine <\/a>Action, organis\u00e9s pour la deuxi\u00e8me semaine cons\u00e9cutive, ont annonc\u00e9 la police et les organisateurs des <a href=\"https:\/\/www.20minutes.fr\/dossier\/manifestation\" class=\"color-ultramarine c-link\" target=\"_blank\" rel=\"noopener\">manifestations<\/a>.<\/p>\n<p>Le groupe Defend Our Juries, \u00e0 l\u2019origine des manifestations \u00e0 Londres et dans plusieurs autres villes du pays, a indiqu\u00e9 que 86 personnes ont \u00e9t\u00e9 arr\u00eat\u00e9es dans cinq villes. \u00ab\u00a0Nous ne nous laisserons pas dissuader de nous opposer au g\u00e9nocide, ni de d\u00e9fendre ceux qui refusent d\u2019\u00eatre des spectateurs\u00a0\u00bb, a d\u00e9clar\u00e9 le groupe dans un communiqu\u00e9, \u00e9voquant la guerre \u00e0 <a href=\"https:\/\/www.20minutes.fr\/monde\/gaza\/\" class=\"color-ultramarine c-link\" target=\"_blank\" rel=\"noopener\">Gaza<\/a>.<\/p>\n<p>Charges de police<\/p>\n<p>A Londres, les forces de l\u2019ordre ont \u00ab\u00a0proc\u00e9d\u00e9 \u00e0 41 arrestations pour avoir manifest\u00e9 leur soutien \u00e0 une organisation interdite\u00a0\u00bb, a d\u00e9clar\u00e9 la police sur X. Des images ont montr\u00e9 la police chargeant sur un petit groupe de manifestants arborant des pancartes soutenant Palestine Action, qui s\u2019\u00e9taient rassembl\u00e9s au pied de la statue du Mahatma Gandhi, devant le Parlement.<\/p>\n<p>\u00ab\u00a0La police londonienne est intervenue en force aujourd\u2019hui, arr\u00eatant plus de 40 personnes sur la place du Parlement pour avoir brandi des pancartes contre le g\u00e9nocide et soutenu Palestine Action\u00a0\u00bb, a dit un porte-parole du groupe Defend Our Juries.<\/p>\n<p>Un mouvement class\u00e9 \u00ab\u00a0terroriste\u00a0\u00bb<\/p>\n<p>\u00ab\u00a0Qui la police pense-t-elle servir dans cette affaire\u00a0?\u00a0\u00bb, a-t-il ajout\u00e9, qualifiant l\u2019interdiction qui p\u00e8se sur cette organisation d&rsquo;\u00ab\u00a0orwellienne\u00a0\u00bb. Les manifestants s\u2019\u00e9taient donn\u00e9 rendez-vous en d\u00e9but d\u2019apr\u00e8s-midi. Dans le calme, ils ont brandi des pancartes blanches sur lesquelles \u00e9tait inscrit\u00a0: \u00ab\u00a0Je m\u2019oppose au g\u00e9nocide. Je soutiens Palestine Action\u00a0\u00bb.<\/p>\n<p>La police du Grand Manchester a arr\u00eat\u00e9 16 personnes tandis que celle de Cardiff, la capitale galloise, en a interpell\u00e9 13, toutes pour la m\u00eame infraction \u00e0 la loi antiterroriste de\u00a02000, ont-elles indiqu\u00e9. \u00ab\u00a0La police du sud du Pays de Galles d\u00e9fend le droit des citoyens \u00e0 manifester, \u00e0 condition qu\u2019ils le fassent conform\u00e9ment \u00e0 la loi\u00a0\u00bb, a-t-elle soulign\u00e9.<\/p>\n<\/p>\n<p>Les autres arrestations ont eu lieu \u00e0 Londonderry, en Irlande du Nord, et \u00e0 Leeds, dans le nord de l\u2019Angleterre, selon Defend Our Juries. Selon le groupe, parmi les personnes arr\u00eat\u00e9es figurent quatre pasteurs, un avocat, un fonctionnaire, un travailleur social, un ing\u00e9nieur et la fille d\u2019un r\u00e9sistant polonais, ainsi que des v\u00e9t\u00e9rans du mouvement des droits civiques des ann\u00e9es\u00a01960. La semaine derni\u00e8re, \u00e0 Londres, 29 personnes, dont un pr\u00eatre et un certain nombre de professionnels de la sant\u00e9, avaient \u00e9t\u00e9 arr\u00eat\u00e9es pour avoir particip\u00e9 \u00e0 une manifestation similaire.<\/p>\n<p>Le Parlement britannique a approuv\u00e9 d\u00e9but juillet l\u2019interdiction et le classement en tant qu&rsquo;\u00ab\u00a0organisation terroriste\u00a0\u00bb du mouvement Palestine Action, une proc\u00e9dure initi\u00e9e par le gouvernement apr\u00e8s un acte de vandalisme sur une base de l\u2019arm\u00e9e de l\u2019air en Angleterre.<\/p>\n","protected":false},"excerpt":{"rendered":"Plusieurs dizaines de personnes ont \u00e9t\u00e9 arr\u00eat\u00e9es samedi au Royaume-Uni, dont 41 \u00e0 Londres, apr\u00e8s avoir particip\u00e9 \u00e0&hellip;\n","protected":false},"author":2,"featured_media":245787,"comment_status":"","ping_status":"","sticky":false,"template":"","format":"standard","meta":{"footnotes":""},"categories":[5],"tags":[47,11,4708,3259,1011,27,665,5072,14,664,4534,74,12,3518,473,28],"class_list":{"0":"post-245786","1":"post","2":"type-post","3":"status-publish","4":"format-standard","5":"has-post-thumbnail","7":"category-international","8":"tag-actualite","9":"tag-actualites","10":"tag-angleterre","11":"tag-conflit-israelo-palestinien","12":"tag-fr","13":"tag-france","14":"tag-gaza","15":"tag-grande-bretagne","16":"tag-international","17":"tag-israel","18":"tag-londres","19":"tag-monde","20":"tag-news","21":"tag-palestine","22":"tag-royaume-uni","23":"tag-world"},"share_on_mastodon":{"url":"https:\/\/pubeurope.com\/@fr\/114842397797395544","error":""},"_links":{"self":[{"href":"https:\/\/www.europesays.com\/fr\/wp-json\/wp\/v2\/posts\/245786","targetHints":{"allow":["GET"]}}],"collection":[{"href":"https:\/\/www.europesays.com\/fr\/wp-json\/wp\/v2\/posts"}],"about":[{"href":"https:\/\/www.europesays.com\/fr\/wp-json\/wp\/v2\/types\/post"}],"author":[{"embeddable":true,"href":"https:\/\/www.europesays.com\/fr\/wp-json\/wp\/v2\/users\/2"}],"replies":[{"embeddable":true,"href":"https:\/\/www.europesays.com\/fr\/wp-json\/wp\/v2\/comments?post=245786"}],"version-history":[{"count":0,"href":"https:\/\/www.europesays.com\/fr\/wp-json\/wp\/v2\/posts\/245786\/revisions"}],"wp:featuredmedia":[{"embeddable":true,"href":"https:\/\/www.europesays.com\/fr\/wp-json\/wp\/v2\/media\/245787"}],"wp:attachment":[{"href":"https:\/\/www.europesays.com\/fr\/wp-json\/wp\/v2\/media?parent=245786"}],"wp:term":[{"taxonomy":"category","embeddable":true,"href":"https:\/\/www.europesays.com\/fr\/wp-json\/wp\/v2\/categories?post=245786"},{"taxonomy":"post_tag","embeddable":true,"href":"https:\/\/www.europesays.com\/fr\/wp-json\/wp\/v2\/tags?post=245786"}],"curies":[{"name":"wp","href":"https:\/\/api.w.org\/{rel}","templated":true}]}}