{"id":245788,"date":"2025-07-12T21:31:13","date_gmt":"2025-07-12T21:31:13","guid":{"rendered":"https:\/\/www.europesays.com\/fr\/245788\/"},"modified":"2025-07-12T21:31:13","modified_gmt":"2025-07-12T21:31:13","slug":"une-jeune-femme-tuee-dans-un-accident-en-tentant-de-rejoindre-la-rave","status":"publish","type":"post","link":"https:\/\/www.europesays.com\/fr\/245788\/","title":{"rendered":"Une jeune femme tu\u00e9e dans un accident en tentant de rejoindre la rave"},"content":{"rendered":"<p>Une jeune femme de 25 ans est d\u00e9c\u00e9d\u00e9e samedi lors d\u2019un accident de la route sur un chemin non carrossable en tentant de rejoindre le site d\u2019une <a href=\"https:\/\/www.20minutes.fr\/dossier\/rave\" class=\"color-ultramarine c-link\" target=\"_blank\" rel=\"noopener\">rave<\/a>-party ill\u00e9gale \u00e0 Mont-Loz\u00e8re-et-Goulet en <a href=\"https:\/\/www.20minutes.fr\/dossier\/lozere\" class=\"color-ultramarine c-link\" target=\"_blank\" rel=\"noopener\">Loz\u00e8re<\/a>, a indiqu\u00e9 la pr\u00e9fecture, appelant \u00e0 ne pas se rendre sur place.<\/p>\n<p>Trois routes d\u00e9partementales ont \u00e9t\u00e9 ferm\u00e9es \u00e0 la circulation pour limiter l\u2019acc\u00e8s \u00e0 <a href=\"https:\/\/www.20minutes.fr\/societe\/4163409-20250712-lozere-rave-party-illegale-reunie-9-000-participants-selon-prefecture\" class=\"color-ultramarine c-link\" target=\"_blank\" rel=\"noopener\">la f\u00eate qui se d\u00e9roule \u00e0 une quarantaine de kilom\u00e8tres de Mende et a attir\u00e9 9.000 personnes<\/a>, avait auparavant indiqu\u00e9 la pr\u00e9fecture de ce d\u00e9partement rural.<\/p>\n<p>Le v\u00e9hicule se serait renvers\u00e9 sur un chemin de terre<\/p>\n<p>Qualifi\u00e9e par les autorit\u00e9s d&rsquo;\u00ab\u00a0\u00e9v\u00e9nement musical \u00e0 caract\u00e8re festif ill\u00e9gal\u00a0\u00bb, la f\u00eate a lieu sur un site de 20 hectares \u00ab\u00a0parcouru par plusieurs dizaines de pistes et chemins\u00a0\u00bb. Des festivaliers essaient \u00ab\u00a0de rallier le site en v\u00e9hicules et \u00e0 pied, utilisant des chemins non carrossables, ne mesurant pas les obstacles topographiques auxquels ils s\u2019exposent, notamment li\u00e9s \u00e0 leur m\u00e9connaissance des lieux\u00a0\u00bb, a mis en garde la pr\u00e9fecture.<\/p>\n<\/p>\n<p>Une personne est \u00ab\u00a0d\u00e9c\u00e9d\u00e9e en raison d\u2019un accident sur une de ces pistes\u00a0\u00bb, a-t-elle pr\u00e9cis\u00e9, appelant \u00ab\u00a0\u00e0 ne pas se rendre sur le site et \u00e0 quitter les lieux\u00a0\u00bb. La victime est une jeune femme de 25 ans, passag\u00e8re d\u2019un v\u00e9hicule qui se serait renvers\u00e9 sur elle, selon la radio \u00ab\u00a0<a href=\"https:\/\/www.francebleu.fr\/infos\/faits-divers-justice\/une-femme-de-25-ans-decede-en-se-rendant-a-la-rave-party-en-lozere-7229882\" rel=\"nofollow noopener\" target=\"_blank\" class=\"color-ultramarine c-link\">Ici Gard Loz\u00e8re<\/a>\u00a0\u00bb. Des pr\u00e9cisions confirm\u00e9es \u00e0 une source proche du dossier.<\/p>\n<p>En raison d\u2019un risque incendie \u00ab\u00a0\u00e9lev\u00e9\u00a0\u00bb, la pr\u00e9fecture a par ailleurs interdit l\u2019acc\u00e8s \u00e0 certains massifs forestiers entourant le site. Un arr\u00eat\u00e9 a \u00e9galement \u00e9t\u00e9 pris pour autoriser la surveillance du rassemblement par des drones.<\/p>\n","protected":false},"excerpt":{"rendered":"Une jeune femme de 25 ans est d\u00e9c\u00e9d\u00e9e samedi lors d\u2019un accident de la route sur un chemin&hellip;\n","protected":false},"author":2,"featured_media":245789,"comment_status":"","ping_status":"","sticky":false,"template":"","format":"standard","meta":{"footnotes":""},"categories":[4],"tags":[4376,47,11,118,1011,27,9218,2681,38543,6384,12,2680,38544,25,10235],"class_list":{"0":"post-245788","1":"post","2":"type-post","3":"status-publish","4":"format-standard","5":"has-post-thumbnail","7":"category-france","8":"tag-accident-de-la-route","9":"tag-actualite","10":"tag-actualites","11":"tag-faits-divers","12":"tag-fr","13":"tag-france","14":"tag-free-party","15":"tag-languedoc-roussillon","16":"tag-lozere","17":"tag-musique-electronique","18":"tag-news","19":"tag-occitanie","20":"tag-rave","21":"tag-republique-francaise","22":"tag-techno"},"share_on_mastodon":{"url":"https:\/\/pubeurope.com\/@fr\/114842401723478060","error":""},"_links":{"self":[{"href":"https:\/\/www.europesays.com\/fr\/wp-json\/wp\/v2\/posts\/245788","targetHints":{"allow":["GET"]}}],"collection":[{"href":"https:\/\/www.europesays.com\/fr\/wp-json\/wp\/v2\/posts"}],"about":[{"href":"https:\/\/www.europesays.com\/fr\/wp-json\/wp\/v2\/types\/post"}],"author":[{"embeddable":true,"href":"https:\/\/www.europesays.com\/fr\/wp-json\/wp\/v2\/users\/2"}],"replies":[{"embeddable":true,"href":"https:\/\/www.europesays.com\/fr\/wp-json\/wp\/v2\/comments?post=245788"}],"version-history":[{"count":0,"href":"https:\/\/www.europesays.com\/fr\/wp-json\/wp\/v2\/posts\/245788\/revisions"}],"wp:featuredmedia":[{"embeddable":true,"href":"https:\/\/www.europesays.com\/fr\/wp-json\/wp\/v2\/media\/245789"}],"wp:attachment":[{"href":"https:\/\/www.europesays.com\/fr\/wp-json\/wp\/v2\/media?parent=245788"}],"wp:term":[{"taxonomy":"category","embeddable":true,"href":"https:\/\/www.europesays.com\/fr\/wp-json\/wp\/v2\/categories?post=245788"},{"taxonomy":"post_tag","embeddable":true,"href":"https:\/\/www.europesays.com\/fr\/wp-json\/wp\/v2\/tags?post=245788"}],"curies":[{"name":"wp","href":"https:\/\/api.w.org\/{rel}","templated":true}]}}