{"id":245792,"date":"2025-07-12T21:33:15","date_gmt":"2025-07-12T21:33:15","guid":{"rendered":"https:\/\/www.europesays.com\/fr\/245792\/"},"modified":"2025-07-12T21:33:15","modified_gmt":"2025-07-12T21:33:15","slug":"pas-deffet-canicule-aux-urgences-mais-une-activite-en-hausse-constante","status":"publish","type":"post","link":"https:\/\/www.europesays.com\/fr\/245792\/","title":{"rendered":"pas d\u2019effet canicule aux urgences mais une activit\u00e9 en hausse constante"},"content":{"rendered":"<p>Le coup de chaud du 1er juillet dernier n\u2019a bien s\u00fbr pas \u00e9pargn\u00e9 Firminy et l\u2019Ondaine. Le d\u00e9partement de la Loire a, ce jour-l\u00e0, enregistr\u00e9 des temp\u00e9ratures de plus de 37 degr\u00e9s\u2026 Si Sant\u00e9 publique France a relev\u00e9 une augmentation de la fr\u00e9quentation des urgences sur la p\u00e9riode de canicule <a href=\"https:\/\/www.leprogres.fr\/sante\/2025\/07\/02\/canicule-hausse-des-recours-aux-soins-dans-la-region\" target=\"_blank\" rel=\"nofollow noopener\">dans la R\u00e9gion<\/a>, \u00e7a n\u2019a pas \u00e9t\u00e9 le cas \u00e0 l\u2019h\u00f4pital Le Corbusier.<\/p>\n<p>\u00ab\u00a0Je m\u2019attendais \u00e0 ce qu\u2019on ait beaucoup plus de patients \u00e2g\u00e9s\u00a0\u00bb, reconna\u00eet le docteur Fran\u00e7ois Ballereau<\/p>\n<p>Entre fin juin et d\u00e9but juillet, il n\u2019y a pas eu de surchauffe particuli\u00e8re aux urgences, confirment le directeur d\u2019\u00e9tablissement, Christophe Martinat et le chef du service, Fran\u00e7ois Ballereau.<\/p>\n<p><a href=\"https:\/\/www.leprogres.fr\/environnement\/2025\/07\/01\/nouvelle-journee-de-canicule-sur-la-loire-et-la-haute-loire-jusqu-a-40-c-attendu-ce-mardi\" target=\"_blank\" rel=\"nofollow noopener\">\u00ab Avec cet \u00e9pisode extr\u00eamement caniculaire,<\/a> je m\u2019attendais&#8230;<\/p>\n","protected":false},"excerpt":{"rendered":"Le coup de chaud du 1er juillet dernier n\u2019a bien s\u00fbr pas \u00e9pargn\u00e9 Firminy et l\u2019Ondaine. Le d\u00e9partement&hellip;\n","protected":false},"author":2,"featured_media":245793,"comment_status":"","ping_status":"","sticky":false,"template":"","format":"standard","meta":{"footnotes":""},"categories":[9653],"tags":[1111,11,2430,7539,1777,674,10282,10283,1011,27,12,25,4001,71],"class_list":{"0":"post-245792","1":"post","2":"type-post","3":"status-publish","4":"format-standard","5":"has-post-thumbnail","7":"category-saint-etienne","8":"tag-actu","9":"tag-actualites","10":"tag-auvergne-rhone-alpes","11":"tag-edition-loire-sud","12":"tag-eu","13":"tag-europe","14":"tag-firminy","15":"tag-firminy-ville","16":"tag-fr","17":"tag-france","18":"tag-news","19":"tag-republique-francaise","20":"tag-saint-etienne","21":"tag-sante"},"share_on_mastodon":{"url":"https:\/\/pubeurope.com\/@fr\/114842409584131030","error":""},"_links":{"self":[{"href":"https:\/\/www.europesays.com\/fr\/wp-json\/wp\/v2\/posts\/245792","targetHints":{"allow":["GET"]}}],"collection":[{"href":"https:\/\/www.europesays.com\/fr\/wp-json\/wp\/v2\/posts"}],"about":[{"href":"https:\/\/www.europesays.com\/fr\/wp-json\/wp\/v2\/types\/post"}],"author":[{"embeddable":true,"href":"https:\/\/www.europesays.com\/fr\/wp-json\/wp\/v2\/users\/2"}],"replies":[{"embeddable":true,"href":"https:\/\/www.europesays.com\/fr\/wp-json\/wp\/v2\/comments?post=245792"}],"version-history":[{"count":0,"href":"https:\/\/www.europesays.com\/fr\/wp-json\/wp\/v2\/posts\/245792\/revisions"}],"wp:featuredmedia":[{"embeddable":true,"href":"https:\/\/www.europesays.com\/fr\/wp-json\/wp\/v2\/media\/245793"}],"wp:attachment":[{"href":"https:\/\/www.europesays.com\/fr\/wp-json\/wp\/v2\/media?parent=245792"}],"wp:term":[{"taxonomy":"category","embeddable":true,"href":"https:\/\/www.europesays.com\/fr\/wp-json\/wp\/v2\/categories?post=245792"},{"taxonomy":"post_tag","embeddable":true,"href":"https:\/\/www.europesays.com\/fr\/wp-json\/wp\/v2\/tags?post=245792"}],"curies":[{"name":"wp","href":"https:\/\/api.w.org\/{rel}","templated":true}]}}