{"id":245800,"date":"2025-07-12T21:40:13","date_gmt":"2025-07-12T21:40:13","guid":{"rendered":"https:\/\/www.europesays.com\/fr\/245800\/"},"modified":"2025-07-12T21:40:13","modified_gmt":"2025-07-12T21:40:13","slug":"un-stade-vetuste-vieux-et-dangereux-le-mhr-intensifie-sa-pression-sur-la-mairie-de-montpellier","status":"publish","type":"post","link":"https:\/\/www.europesays.com\/fr\/245800\/","title":{"rendered":"\u00abUn stade v\u00e9tuste, vieux et dangereux\u00bb, le MHR intensifie sa pression sur la mairie de Montpellier"},"content":{"rendered":"<p>Mohed Altrad d\u00e9sire racheter \u00e0 la mairie le complexe du Manoir depuis plusieurs ann\u00e9es, mais il se heurte \u00e0 l\u2019opposition des deux derniers maires de la ville.<\/p>\n<p class=\"fig-paragraph\">Un nouvel \u00e9pisode la guerre entre le\u00a0<a href=\"http:\/\/www.lefigaro.fr\/sports\/rugby\/top-14\/montpellier-ubb-moustin-et-le-mhr-debarquent-dans-le-top-6-bordeaux-et-jacobs-coulent-les-tops-et-les-flops-20250511\" data-fig-type=\"NewsFlash\" data-gtm-custom-categorie=\"navigation\" data-gtm-custom-action=\"crossclick\" data-gtm-custom-label=\"Contextuel\" data-gtm-event=\"customEventSPE\" data-fig-domain=\"LEFIGARO\" target=\"_blank\" rel=\"noopener\">MHR\u00a0<\/a>et la mairie de Montpellier \u00e0 propos du GGL Stadium. Le pr\u00e9sident du Montpellier H\u00e9rault Rugby (MHR)\u00a0<a href=\"http:\/\/www.lefigaro.fr\/sports\/rugby\/top-14\/top-14-mohed-altrad-menace-de-ne-plus-jouer-a-montpellier-20250608\" data-fig-type=\"NewsFlash\" data-gtm-custom-categorie=\"navigation\" data-gtm-custom-action=\"crossclick\" data-gtm-custom-label=\"Contextuel\" data-gtm-event=\"customEventSPE\" data-fig-domain=\"LEFIGARO\" target=\"_blank\" rel=\"noopener\">Mohed Altrad<\/a>\u00a0avait menac\u00e9 d\u00e9but juin de quitter le stade du complexe du Manoir, si\u00e8ge de son club, sur fond de conflit avec le maire montpelli\u00e9rain Micha\u00ebl Delafosse. Ce samedi, le club h\u00e9raultais a publi\u00e9 sur son compte X une longue vid\u00e9o pour d\u00e9plorer que le stade inaugur\u00e9 en 2007 soit \u00abv\u00e9tuste, vieux et dangereux.\u00bb \u00abLe stade Yves-du-Manoir ne correspond plus aux crit\u00e8res d\u2019un club qui veut jouer les premiers r\u00f4les au niveau national et europ\u00e9en\u00bb, ass\u00e8ne le MHR dans sa longue charge publi\u00e9e ce samedi sur les r\u00e9seaux sociaux.<\/p>\n<p class=\"fig-paragraph\">La saison derni\u00e8re, les rencontres de Montpellier contre Toulon et Castres (16e et 17e journ\u00e9es) avaient \u00e9t\u00e9 d\u00e9localis\u00e9es \u00e0 au stade Raoul-Barri\u00e8re de B\u00e9ziers \u00e0 cause de l\u2019\u00e9tat de la pelouse du GGL Stadium. \u00abIl faut am\u00e9liorer les infrastructures. Quand on a fait le stade en 2007, il \u00e9tait au top et c\u2019\u00e9tait l\u2019un des meilleurs stades. Aujourd\u2019hui, on est avant-dernier selon l\u2019enqu\u00eate de L\u2019\u00c9quipe\u00bb, avait d\u00e9clar\u00e9 Mohed Altrad lors d\u2019une conf\u00e9rence de presse.<\/p>\n<p>                                    <a class=\"fig-a11y-skip a11y-hidden\" href=\"#fig-a11y-skip-main-inarticle\"><br \/>\n        Passer la publicit\u00e9<br \/>\n    <\/a><\/p>\n<p class=\"fig-paragraph\">Et le dirigeant h\u00e9raultais, qui s\u2019est dit pr\u00eat \u00e0 investir \u00ab200 millions d\u2019euros dans un nouveau stade\u00bb, d\u2019ajouter\u00a0: \u00abAller \u00e0 B\u00e9ziers est une hypoth\u00e8se tr\u00e8s s\u00e9rieuse. Je laisse le temps aux gouvernants de Montpellier pour savoir comment ils r\u00e9agissent.\u00bb Mohed Altrad souhaite racheter \u00e0 la mairie le complexe du Manoir depuis plusieurs ann\u00e9es, mais il se heurte \u00e0 l\u2019opposition de Philippe Saurel, ancien maire, puis de Micha\u00ebl Delafosse.<\/p>\n","protected":false},"excerpt":{"rendered":"Mohed Altrad d\u00e9sire racheter \u00e0 la mairie le complexe du Manoir depuis plusieurs ann\u00e9es, mais il se heurte&hellip;\n","protected":false},"author":2,"featured_media":245801,"comment_status":"","ping_status":"","sticky":false,"template":"","format":"standard","meta":{"footnotes":""},"categories":[9599],"tags":[1111,11,1777,674,1011,27,14987,29430,2208,20044,12,2680,25],"class_list":{"0":"post-245800","1":"post","2":"type-post","3":"status-publish","4":"format-standard","5":"has-post-thumbnail","7":"category-montpellier","8":"tag-actu","9":"tag-actualites","10":"tag-eu","11":"tag-europe","12":"tag-fr","13":"tag-france","14":"tag-mhr","15":"tag-mohed-altrad","16":"tag-montpellier","17":"tag-montpellier-herault-rugby","18":"tag-news","19":"tag-occitanie","20":"tag-republique-francaise"},"share_on_mastodon":{"url":"https:\/\/pubeurope.com\/@fr\/114842437079199704","error":""},"_links":{"self":[{"href":"https:\/\/www.europesays.com\/fr\/wp-json\/wp\/v2\/posts\/245800","targetHints":{"allow":["GET"]}}],"collection":[{"href":"https:\/\/www.europesays.com\/fr\/wp-json\/wp\/v2\/posts"}],"about":[{"href":"https:\/\/www.europesays.com\/fr\/wp-json\/wp\/v2\/types\/post"}],"author":[{"embeddable":true,"href":"https:\/\/www.europesays.com\/fr\/wp-json\/wp\/v2\/users\/2"}],"replies":[{"embeddable":true,"href":"https:\/\/www.europesays.com\/fr\/wp-json\/wp\/v2\/comments?post=245800"}],"version-history":[{"count":0,"href":"https:\/\/www.europesays.com\/fr\/wp-json\/wp\/v2\/posts\/245800\/revisions"}],"wp:featuredmedia":[{"embeddable":true,"href":"https:\/\/www.europesays.com\/fr\/wp-json\/wp\/v2\/media\/245801"}],"wp:attachment":[{"href":"https:\/\/www.europesays.com\/fr\/wp-json\/wp\/v2\/media?parent=245800"}],"wp:term":[{"taxonomy":"category","embeddable":true,"href":"https:\/\/www.europesays.com\/fr\/wp-json\/wp\/v2\/categories?post=245800"},{"taxonomy":"post_tag","embeddable":true,"href":"https:\/\/www.europesays.com\/fr\/wp-json\/wp\/v2\/tags?post=245800"}],"curies":[{"name":"wp","href":"https:\/\/api.w.org\/{rel}","templated":true}]}}