{"id":245814,"date":"2025-07-12T21:52:15","date_gmt":"2025-07-12T21:52:15","guid":{"rendered":"https:\/\/www.europesays.com\/fr\/245814\/"},"modified":"2025-07-12T21:52:15","modified_gmt":"2025-07-12T21:52:15","slug":"une-nouvelle-pataugeoire-a-bottiere-pin-sec","status":"publish","type":"post","link":"https:\/\/www.europesays.com\/fr\/245814\/","title":{"rendered":"Une nouvelle pataugeoire \u00e0 Botti\u00e8re-Pin Sec"},"content":{"rendered":"<p>L\u2019apr\u00e8s-midi du 8\u00a0juillet \u00e9tait au rafra\u00eechissement et \u00e0 la baignade dans la nouvelle pataugeoire de la Grande Garenne, quartier Botti\u00e8re-Pin Sec. Sous la surveillance de parents, les enfants riaient dans ses 530\u00a0m2 comprenant le bassin, une aire de jeu et 240\u00a0m2 suppl\u00e9mentaires sem\u00e9s de mini-jets ludiques.<\/p>\n<p>\u00ab\u00a0Les pataugeoires sont une v\u00e9ritable institution<br \/>nantaise\u00a0\u00bb<\/p>\n<p>Mis en eau le 27\u00a0juin et inaugur\u00e9 le 8\u00a0juillet, ce nouvel \u00e9quipement fait partie de la vingtaine de <a href=\"https:\/\/nantes.maville.com\/actu\/actudet_-fortes-chaleurs-a-nantes-les-pataugeoires-le-bon-plan-pour-se-rafraichir-_8-6857976_actu.Htm\" target=\"_blank\" rel=\"noopener\">bassins ludiques <\/a>de la ville de Nantes.<\/p>\n<p>Une profusion fi\u00e8rement rappel\u00e9e par C\u00e9cile Bir, l\u2019adjointe en charge des squares, parcs et jardins, qui \u00e9voque \u00a0un choix politique qui nous conduit \u00e0 utiliser 6\u00a0millions d\u2019euros chaque ann\u00e9e en direction de la qualit\u00e9 de vie des quartiers populaires. Les pataugeoires sont une v\u00e9ritable institution nantaise\u00a0.<\/p>\n<p>Botti\u00e8re-Pin Sec est un quartier en mutation. L\u2019Anru (agence nationale pour la r\u00e9novation urbaine) a d\u00e9j\u00e0 inject\u00e9 100\u00a0millions d\u2019euros pour parfaire son image, d\u00e9velopper le commerce, traiter les probl\u00e8mes de s\u00e9curit\u00e9, am\u00e9liorer les \u00e9quipements sportifs ou pour faire revivre la nature.<\/p>\n<p>La pataugeoire de la Grande Garenne installe de la fra\u00eecheur dans le jardin du m\u00eame nom, au pied des immeubles en cours de r\u00e9novation. Un parc qui comptera 2000 m2 v\u00e9g\u00e9talis\u00e9s \u00e0 l\u2019automne, en plus des arbres d\u00e9j\u00e0 pr\u00e9sents.<\/p>\n<p>Un cani parc est \u00e9galement en gestation.<\/p>\n<p>Cette transformation est le fruit de dix\u00a0ans d\u2019innovation verte revendiqu\u00e9e par l\u2019adjoint \u00e9cologiste du quartier, Simon Citeau\u00a0: \u00a0Le recyclage de l\u2019eau du bassin en circuit ferm\u00e9 lui permettra de rester ouvert en p\u00e9riode de s\u00e9cheresse\u00a0.<\/p>\n<p>Un quartier encore \u00e0 parfaire en installant sans doute de la m\u00e9diation \u00a0pour lutter contre les rod\u00e9os motos et des incivilit\u00e9s qui font tache devant la volont\u00e9 \u00e9cologique de la ville\u00a0, peste un habitant.<\/p>\n<p>https:\/\/metropole.nantes.fr\/mes-services-mon-quotidien\/les-pataugeoires-de-nantes<\/p>\n<p>\u00a0<\/p>\n","protected":false},"excerpt":{"rendered":"L\u2019apr\u00e8s-midi du 8\u00a0juillet \u00e9tait au rafra\u00eechissement et \u00e0 la baignade dans la nouvelle pataugeoire de la Grande Garenne,&hellip;\n","protected":false},"author":2,"featured_media":245815,"comment_status":"","ping_status":"","sticky":false,"template":"","format":"standard","meta":{"footnotes":""},"categories":[2818],"tags":[1111,11,38547,1777,674,1011,27,766,12,2043,38546,2636,25,38548],"class_list":{"0":"post-245814","1":"post","2":"type-post","3":"status-publish","4":"format-standard","5":"has-post-thumbnail","7":"category-nantes","8":"tag-actu","9":"tag-actualites","10":"tag-bottiere-pin","11":"tag-eu","12":"tag-europe","13":"tag-fr","14":"tag-france","15":"tag-nantes","16":"tag-news","17":"tag-nouvelle","18":"tag-pataugeoire","19":"tag-pays-de-la-loire","20":"tag-republique-francaise","21":"tag-sec"},"share_on_mastodon":{"url":"https:\/\/pubeurope.com\/@fr\/114842484385447221","error":""},"_links":{"self":[{"href":"https:\/\/www.europesays.com\/fr\/wp-json\/wp\/v2\/posts\/245814","targetHints":{"allow":["GET"]}}],"collection":[{"href":"https:\/\/www.europesays.com\/fr\/wp-json\/wp\/v2\/posts"}],"about":[{"href":"https:\/\/www.europesays.com\/fr\/wp-json\/wp\/v2\/types\/post"}],"author":[{"embeddable":true,"href":"https:\/\/www.europesays.com\/fr\/wp-json\/wp\/v2\/users\/2"}],"replies":[{"embeddable":true,"href":"https:\/\/www.europesays.com\/fr\/wp-json\/wp\/v2\/comments?post=245814"}],"version-history":[{"count":0,"href":"https:\/\/www.europesays.com\/fr\/wp-json\/wp\/v2\/posts\/245814\/revisions"}],"wp:featuredmedia":[{"embeddable":true,"href":"https:\/\/www.europesays.com\/fr\/wp-json\/wp\/v2\/media\/245815"}],"wp:attachment":[{"href":"https:\/\/www.europesays.com\/fr\/wp-json\/wp\/v2\/media?parent=245814"}],"wp:term":[{"taxonomy":"category","embeddable":true,"href":"https:\/\/www.europesays.com\/fr\/wp-json\/wp\/v2\/categories?post=245814"},{"taxonomy":"post_tag","embeddable":true,"href":"https:\/\/www.europesays.com\/fr\/wp-json\/wp\/v2\/tags?post=245814"}],"curies":[{"name":"wp","href":"https:\/\/api.w.org\/{rel}","templated":true}]}}