{"id":24582,"date":"2025-04-14T15:37:10","date_gmt":"2025-04-14T15:37:10","guid":{"rendered":"https:\/\/www.europesays.com\/fr\/24582\/"},"modified":"2025-04-14T15:37:10","modified_gmt":"2025-04-14T15:37:10","slug":"quelles-perturbations-prevoir-avec-la-ratp-et-la-sncf-cette-semaine","status":"publish","type":"post","link":"https:\/\/www.europesays.com\/fr\/24582\/","title":{"rendered":"Quelles perturbations pr\u00e9voir avec la RATP et la SNCF cette semaine\u00a0?"},"content":{"rendered":"<p>En cette semaine de vacances de P\u00e2ques, le trafic parisien va conna\u00eetre quelques perturbations dans les transports. D\u00e9couvrez les changements sur les lignes SNCF et RATP, \u00e0 Paris et en \u00cele-de-France, du lundi\u00a014 au dimanche 20\u00a0avril 2025.<\/p>\n<p>M\u00e9tro<\/p>\n<ul>\n<li>Ligne 5\u00a0: Du mardi 15\u00a0avril au dimanche 20\u00a0avril, le trafic sera interrompu entre Bastille et Place d\u2019Italie (travaux). Des bus de substitution seront disponibles.<\/li>\n<li>Ligne 10\u00a0: du lundi\u00a014 au jeudi 17\u00a0avril, d\u00e8s 22 heures, le trafic sera interrompu sur l\u2019ensemble de la ligne (travaux). Des bus de substitution seront disponibles.<\/li>\n<li>Ligne 12\u00a0: du samedi 19\u00a0avril au dimanche 20\u00a0avril, le trafic est interrompu entre Montparnasse Bienvenue et Concorde (travaux). Des bus de substitution seront disponibles.<\/li>\n<li>Ligne 14\u00a0: les lundi\u00a014 et mardi 15\u00a0avril, le trafic sera interrompu d\u00e8s 22 heures entre Maison Blanche et Saint-Denis \u2013 Pleyel (travaux). Des bus de substitution seront disponibles entre Gare de Lyon et Olympiades. Mercredi 16\u00a0avril, le trafic sera interrompu d\u00e8s 22 heures sur toute la ligne. Des bus de substitution seront disponibles.<\/li>\n<\/ul>\n<blockquote class=\"twitter-tweet\" align=\"center\" data-lang=\"fr_FR\">\n<p lang=\"fr\" dir=\"ltr\">\ud83d\ude87 La <a href=\"https:\/\/twitter.com\/Ligne14_RATP?ref_src=twsrc%5Etfw\" target=\"_blank\" rel=\"noopener\">@Ligne14_RATP<\/a> franchit une nouvelle \u00e9tape !<\/p>\n<p>\u27a1\ufe0f L\u2019intervalle est d\u00e9sormais r\u00e9duit \u00e0 85 secondes entre deux <a href=\"https:\/\/twitter.com\/hashtag\/m%C3%A9tros?src=hash&amp;ref_src=twsrc%5Etfw\" target=\"_blank\" rel=\"noopener\">#m\u00e9tros<\/a> : + fluide, + rapide !<br \/>\u27a1\ufe0f Elle devient l&rsquo;\u00e9pine dorsale du m\u00e9tro francilien, avec d\u00e9sormais plus de 800 000 voyages chaque jour.<br \/>\u27a1\ufe0f Elle relie 10 villes sur 4\u2026 <a href=\"https:\/\/t.co\/i4VTQoIrRX\">pic.twitter.com\/i4VTQoIrRX<\/a><\/p>\n<p>\u2014 IDF Mobilit\u00e9s (@IDFmobilites) <a href=\"https:\/\/twitter.com\/IDFmobilites\/status\/1909944419933163781?ref_src=twsrc%5Etfw\" target=\"_blank\" rel=\"noopener\">April 9, 2025<\/a><\/p><\/blockquote>\n<p class=\"mb-m@xs text-l@xs\">En cliquant sur\u00ab J\u2019accepte \u00bb, vous acceptez le d\u00e9p\u00f4t de cookies par des services externes et aurez ainsi acc\u00e8s aux contenus de nos partenaires.<\/p>\n<p class=\"mb-xl@xs text-s@xs\">Plus d\u2019informations sur la page<a href=\"https:\/\/www.20minutes.fr\/gestion-cookies\" class=\"mx-xxs@xs color-ultramarine\" target=\"_blank\" rel=\"noopener\">Politique de gestion des cookies<\/a><\/p>\n<p>J\u2019accepteRER<\/p>\n<ul>\n<li>RER A\u00a0: Du lundi\u00a014 au vendredi 18\u00a0avril, d\u00e8s 22h15, le trafic est interrompu entre Maisons-Laffitte et <a href=\"https:\/\/www.20minutes.fr\/dossier\/cergy\" class=\"color-ultramarine c-link\" target=\"_blank\" rel=\"noopener\">Cergy<\/a> \u2013 Le Haut (travaux). Des bus de substitution seront disponibles \u00e0 Sartrouville.<\/li>\n<li><a href=\"https:\/\/www.20minutes.fr\/dossier\/rer_b\" class=\"color-ultramarine c-link\" target=\"_blank\" rel=\"noopener\">RER B<\/a>\u00a0: du lundi\u00a014 au vendredi 18\u00a0avril, sauf ce vendredi, d\u00e8s 22h45, le trafic sera interrompu entre Ch\u00e2telet \u2013 Les Halles et Mitry \u2013 Claye\/A\u00e9roport Charles de Gaulle 2 \u2013 TGV (travaux). <\/li>\n<li>Du mardi\u00a015 au vendredi 18\u00a0avril d\u00e8s  22h45, le trafic sera interrompu entre Ch\u00e2telet \u2013 Les Halles \u200b\u200b\u200b\u200b\u200bet Mitry-Claye\/A\u00e9roport Charles de Gaulle 2 \u2013 <a href=\"https:\/\/www.20minutes.fr\/dossier\/tgv\" class=\"color-ultramarine c-link\" target=\"_blank\" rel=\"noopener\">TGV<\/a> (travaux). <\/li>\n<li>Les samedi\u00a019 et dimanche 20\u00a0avril, le trafic sera interrompu entre Aulnay-sous-Bois et A\u00e9roport CDG. L\u2019offre de transport sera r\u00e9duite.<\/li>\n<li>RER C\u00a0: la gare d\u2019Issy-les-Moulineaux ne sera plus desservie jusqu\u2019\u00e0 nouvel ordre. <\/li>\n<li>Le samedi\u00a019 et dimanche 20\u00a0avril, le trafic sera interrompu entre Massy Palaiseau et Pont de Rungis (travaux). Des bus de substitution seront disponibles. <\/li>\n<li>Dimanche 20\u00a0avril, d\u00e8s 23h45, le trafic sera interrompu entre Paris Austerlitz et Dourdan\/Saint-Martin d\u2019Etampes (travaux). <\/li>\n<li>Du lundi au vendredi 18\u00a0avril d\u00e8s 23h30, le trafic sera interrompu entre Javel et Saint Quentin en Yvelines (travaux). Du lundi au vendredi 18\u00a0avril d\u00e8s 23h30, le trafic sera interrompu entre Paris Austerlitz et Dourdan\/Saint-Martin d\u2019Etampes (travaux).<\/li>\n<li>Du lundi au vendredi 18\u00a0avril d\u00e8s 23h30, le trafic sera interrompu entre Versailles Ch\u00e2teau Rive Gauche et Javel (travaux).<\/li>\n<li> Du lundi au vendredi 18\u00a0avril d\u00e8s 23h, le trafic sera interrompu entre Paris Austerlitz et Juvisy via Choisy le Roi (travaux). <\/li>\n<li>Du lundi\u00a014 au vendredi 18\u00a0avril d\u00e8s 23h, le trafic sera interrompu entre Av Henri Martin et Montigny Beauchamp\/Pontoise (travaux). Des bus de substitution seront disponibles. <\/li>\n<li>Le samedi 19\u00a0avril, le trafic est interrompu entre Juvisy et Dourdan\/Saint-Martin d\u2019Etampes (travaux). <\/li>\n<li>Le samedi 19\u00a0avril et le dimanche 20\u00a0avril, le trafic est interrompu entre Champs de Mars et Pontoise (travaux). <\/li>\n<li>Le dimanche 20\u00a0avril le trafic est interrompu entre Paris Austerlitz et Dourdan\/Saint-Martin d\u2019Etampes (travaux). Des bus de substitution seront disponibles.<\/li>\n<li><a href=\"https:\/\/www.20minutes.fr\/dossier\/rer_d\" class=\"color-ultramarine c-link\" target=\"_blank\" rel=\"noopener\">RER D<\/a>\u00a0: Le trafic sera interrompu entre Corbeil-Essonnes et Malesherbes, du lundi\u00a014 au vendredi 18\u00a0avril entre 10h10 et 14h15 (travaux). Des bus de substitution seront disponibles. <\/li>\n<li>Du lundi\u00a014 au vendredi 18\u00a0avril d\u00e8s 23h20, le trafic sera interrompu entre Gare du Nord et Creil (travaux). <\/li>\n<li>Du lundi au vendredi 18\u00a0avril d\u00e8s 23h20, le trafic sera interrompu et entre Paris Gare du Nord et Creil d\u00e8s 23h35 (travaux). <\/li>\n<li>Du lundi\u00a014 au vendredi 18\u00a0avril, d\u00e8s 22h30 jusqu\u2019\u00e0 fin de service, les trains ne marquent pas l\u2019arr\u00eat \u00e0 Maisons-Alfort, Vert de Maisons, Cr\u00e9teil Pompadour et Villeneuve-Triage (travaux). <\/li>\n<li>Les samedi\u00a019 et dimanche 20\u00a0avril, le trafic sera interrompu entre Paris <a href=\"https:\/\/www.20minutes.fr\/dossier\/gare_de_lyon\" class=\"color-ultramarine c-link\" target=\"_blank\" rel=\"noopener\">Gare de Lyon<\/a> et Paris Gare du Nord. Les trains circulent au d\u00e9part de Paris Gare du Nord surface sur les voies 20 et 21. \u2013 La gare de Stade de France n\u2019est pas desservie (travaux) Des bus de substitution seront disponibles.<\/li>\n<li>RER E\u00a0: du lundi\u00a014 au vendredi 18\u00a0avril d\u00e8s 22h45, le trafic sera interrompu entre Nanterre-La-Folie et Chelles \u2013 Gournay en raison de travaux. <\/li>\n<li>Le samedi\u00a019 et dimanche 20\u00a0avril, d\u00e8s 22h45, le trafic sera interrompu entre Nanterre-La-Folie et Chelles \u2013 Gournay (travaux).<\/li>\n<\/ul>\n<p>Transilien<\/p>\n<ul>\n<li>Ligne H\u00a0: du lundi\u00a014 au vendredi 18\u00a0avril, le trafic sera interrompu entre Paris Gare du Nord et Persan \u2013 Beaumont via Montsoult \u2013 Maffliers, Luzarches et <a href=\"https:\/\/www.20minutes.fr\/dossier\/pontoise\" class=\"color-ultramarine c-link\" target=\"_blank\" rel=\"noopener\">Pontoise<\/a>. Des bus de substitution seront disponibles avec desserte de gares interm\u00e9diaires. <\/li>\n<li>Le samedi\u00a019 et dimanche 20\u00a0avril, le trafic sera interrompu entre Paris Nord et <a href=\"https:\/\/www.20minutes.fr\/societe\/sarcelles\/\" class=\"color-ultramarine c-link\" target=\"_blank\" rel=\"noopener\">Sarcelles<\/a> \u2013 Saint-Brice (travaux).<\/li>\n<li>Ligne K\u00a0: du lundi\u00a014 au dimanche 20\u00a0avril, le trafic sera interrompu entre Paris Gare du Nord et <a href=\"https:\/\/www.20minutes.fr\/dossier\/aulnay-sous-bois\" class=\"color-ultramarine c-link\" target=\"_blank\" rel=\"noopener\">Aulnay-sous-Bois<\/a>. Le dernier train de 18h07 partira de Cr\u00e9py-en-Valois \u00e0 18h35 le dimanche 20\u00a0avril.<\/li>\n<li>Ligne L\u00a0: du lundi\u00a014 au vendredi 18\u00a0avril, le trafic sera interrompu entre La D\u00e9fense et Versailles Rive Droite\/Saint-Nom la Bret\u00e8che. Des bus de substitution seront disponibles entre La D\u00e9fense et Versailles Rive Droite et La D\u00e9fense Saint-Nom la Bret\u00e8che (travaux). Du lundi\u00a014 au vendredi 18\u00a0avril d\u00e8s 22h. Le trafic sera interrompu entre B\u00e9con les Bruy\u00e8res et Nanterre Universit\u00e9\/Maisons-Laffitte. Des bus de substitution seront disponibles entre B\u00e9con les Bruy\u00e8res et Sartrouville.<\/li>\n<li>Ligne N\u00a0: du lundi\u00a014 au vendredi 18\u00a0avril, le trafic sera interrompu entre Paris Montparnasse et Plaisir \u2013 Grignon (travaux). Des bus de substitution seront disponibles avec desserte des gares interm\u00e9diaires. Du lundi\u00a014 au vendredi 18\u00a0avril, d\u00e8s 21 heures, le trafic est interrompu entre Paris Montparnasse et Dreux. Du lundi\u00a014 au vendredi 18\u00a0avril, d\u00e8s 22h00, le trafic est interrompu entre Paris Montparnasse et Rambouillet (travaux). Des bus de substitution seront disponibles avec desserte des gares interm\u00e9diaires. Les samedi\u00a019 et dimanche 20\u00a0avril, le trafic sera interrompu entre Paris Montparnasse et Rambouillet (travaux). Les samedi\u00a019 et dimanche 20\u00a0avril, le trafic sera interrompu entre Paris Montparnasse et Versailles Chantiers (travaux). Les samedi\u00a019 et dimanche 20\u00a0avril, le trafic sera interrompu entre Paris Montparnasse et Versailles Chantiers en raison de travaux.<\/li>\n<li>Ligne P\u00a0: le samedi\u00a019 et le dimanche 20\u00a0avril, le trafic sera interrompu entre Gare de l\u2019Est et Meaux (travaux). Le samedi\u00a019 et dimanche 20\u00a0avril, le trafic sera interrompu entre Gare de l\u2019Est et Coulommiers (travaux). Le samedi\u00a019 et le dimanche 20\u00a0avril, d\u00e8s 22h30, le trafic sera interrompu sur l\u2019ensemble de la ligne (travaux). Du lundi\u00a014 au dimanche 18\u00a0avril, d\u00e8s 22h15, le trafic sera interrompu entre Gare de l\u2019Est et Coulommiers en raison de travaux. Du lundi\u00a014 au vendredi 18\u00a0avril, \u00e0 partir de 21h45, le trafic sera interrompu entre Gare de l\u2019Est et Provins (travaux). Du lundi\u00a014 au vendredi 18\u00a0avril \u00e0 partir de 22h20, le trafic sera interrompu entre Gare de l\u2019Est et <a href=\"https:\/\/www.20minutes.fr\/dossier\/meaux\" class=\"color-ultramarine c-link\" target=\"_blank\" rel=\"noopener\">Meaux<\/a> (travaux). Le samedi\u00a019 et le dimanche 20\u00a0avril, le trafic sera interrompu d\u00e8s 22h50. Du lundi 14\u00a0avril au vendredi 18\u00a0avril \u00e0 partir de 22h, le trafic sera interrompu entre Gare de l\u2019Est et Ch\u00e2teau-Thierry (travaux). Du lundi\u00a014 au vendredi 18\u00a0avril d\u00e8s 21h45, le trafic sera interrompu entre Gare de l\u2019Est et Provins (travaux). Le dimanche 20\u00a0avril jusqu\u2019\u00e0 16h45, le trafic est interrompu entre Paris-Est et Ch\u00e2teau-Thierry (travaux).<\/li>\n<li>Ligne R\u00a0: Jusqu\u2019au vendredi 18\u00a0avril, du lundi au samedi d\u00e8s 10h25 \u00e0 15h30, le trafic sera interrompu entre Melun et Montereau via H\u00e9ricy en raison de travaux. Du lundi 14\u00a0avril au vendredi 18\u00a0avril d\u00e8s 22h44, le trafic sera interrompu entre Melun et Montereau via Moret \u2013 Veneux-les-Sablons, et entre Melun et Montargis en raison de travaux. Du lundi\u00a014 au vendredi 18\u00a0avril, le trafic sera interrompu de 10h26 \u00e0 15h30 entre Melun et Montereau via H\u00e9ricy (travaux). Des bus de substitution seront disponibles pour assurer vos d\u00e9placements.<\/li>\n<li>Ligne U\u00a0: du lundi 14\u00a0avril au vendredi 18\u00a0avril, d\u00e8s 22h, le trafic est interrompu sur l\u2019ensemble de la ligne (travaux).<\/li>\n<li>Ligne V\u00a0: le samedi\u00a019 et dimanche 19\u00a0avril, le trafic sera interrompu sur l\u2019ensemble de la ligne (travaux).<\/li>\n<\/ul>\n<p>Tramway<\/p>\n<ul>\n<li>T1\u00a0: du lundi\u00a014 au dimanche 20\u00a0avril, le trafic sera interrompu entre Asni\u00e8res \u2013 Quatre Routes et Les Courtilles en raison de travaux de modernisation. Du lundi\u00a014 au dimanche 20\u00a0avril, le trafic sera interrompu entre Gare de Noisy-le-Sec et Escadrille Normandie-Ni\u00e9men (travaux).<\/li>\n<li>T2\u00a0: du lundi 14\u00a0avril au dimanche 20\u00a0avril, le trafic sera interrompu entre Porte de Versailles et Suzanne Lenglen en raison d\u2019importants travaux de modernisation. Pour rejoindre la Porte de Versailles, depuis Suzanne Lenglen, rejoindre \u00e0 pied la station Balard du T3a.<\/li>\n<li>T14\u00a0: du lundi 14\u00a0avril au vendredi 18\u00a0avril de 10h35 \u00e0 15h35, le trafic est interrompu sur l\u2019ensemble de la ligne (travaux).<\/li>\n<\/ul>\n<p><script async src=\"https:\/\/platform.twitter.com\/widgets.js\" charset=\"utf-8\"><\/script><\/p>\n","protected":false},"excerpt":{"rendered":"En cette semaine de vacances de P\u00e2ques, le trafic parisien va conna\u00eetre quelques perturbations dans les transports. D\u00e9couvrez&hellip;\n","protected":false},"author":2,"featured_media":24583,"comment_status":"","ping_status":"","sticky":false,"template":"","format":"standard","meta":{"footnotes":""},"categories":[1592],"tags":[1111,11,1777,674,1011,27,662,12,626,625,1306,25,2215],"class_list":{"0":"post-24582","1":"post","2":"type-post","3":"status-publish","4":"format-standard","5":"has-post-thumbnail","7":"category-ile-de-france","8":"tag-actu","9":"tag-actualites","10":"tag-eu","11":"tag-europe","12":"tag-fr","13":"tag-france","14":"tag-ile-de-france","15":"tag-news","16":"tag-paris","17":"tag-ratp","18":"tag-regions","19":"tag-republique-francaise","20":"tag-sncf"},"share_on_mastodon":{"url":"https:\/\/pubeurope.com\/@fr\/114337064141552326","error":""},"_links":{"self":[{"href":"https:\/\/www.europesays.com\/fr\/wp-json\/wp\/v2\/posts\/24582","targetHints":{"allow":["GET"]}}],"collection":[{"href":"https:\/\/www.europesays.com\/fr\/wp-json\/wp\/v2\/posts"}],"about":[{"href":"https:\/\/www.europesays.com\/fr\/wp-json\/wp\/v2\/types\/post"}],"author":[{"embeddable":true,"href":"https:\/\/www.europesays.com\/fr\/wp-json\/wp\/v2\/users\/2"}],"replies":[{"embeddable":true,"href":"https:\/\/www.europesays.com\/fr\/wp-json\/wp\/v2\/comments?post=24582"}],"version-history":[{"count":0,"href":"https:\/\/www.europesays.com\/fr\/wp-json\/wp\/v2\/posts\/24582\/revisions"}],"wp:featuredmedia":[{"embeddable":true,"href":"https:\/\/www.europesays.com\/fr\/wp-json\/wp\/v2\/media\/24583"}],"wp:attachment":[{"href":"https:\/\/www.europesays.com\/fr\/wp-json\/wp\/v2\/media?parent=24582"}],"wp:term":[{"taxonomy":"category","embeddable":true,"href":"https:\/\/www.europesays.com\/fr\/wp-json\/wp\/v2\/categories?post=24582"},{"taxonomy":"post_tag","embeddable":true,"href":"https:\/\/www.europesays.com\/fr\/wp-json\/wp\/v2\/tags?post=24582"}],"curies":[{"name":"wp","href":"https:\/\/api.w.org\/{rel}","templated":true}]}}