{"id":245829,"date":"2025-07-12T22:01:18","date_gmt":"2025-07-12T22:01:18","guid":{"rendered":"https:\/\/www.europesays.com\/fr\/245829\/"},"modified":"2025-07-12T22:01:18","modified_gmt":"2025-07-12T22:01:18","slug":"marseille-veut-signer-malick-fofana","status":"publish","type":"post","link":"https:\/\/www.europesays.com\/fr\/245829\/","title":{"rendered":"Marseille veut signer Malick Fofana"},"content":{"rendered":"<p style=\"text-align: justify;\"><strong>TRANSFERTS \u2013 Selon <a href=\"https:\/\/www.footmercato.net\/a4720551347663714591-lom-fonce-sur-malick-fofana\" target=\"_blank\" rel=\"noopener\">Foot Mercato<\/a>, l\u2019Olympique de Marseille est entr\u00e9 en contact avec Lyon pour signer Malick Fofana. <\/strong><\/p>\n<p style=\"text-align: justify;\">Depuis plusieurs semaines, les Phoc\u00e9ens multiplient les pistes pour se renforcer dans le couloir gauche et venir replacer <strong>Luis Henrique<\/strong>, parti du c\u00f4t\u00e9 de l\u2019Inter Milan. <strong>Noa Lang<\/strong> a longtemps \u00e9t\u00e9 convoit\u00e9, mais il a pr\u00e9f\u00e9r\u00e9 rejoindre <strong>Naples.<\/strong> Plus r\u00e9cemment, <strong>Marseille<\/strong> n\u00e9gocie pour <strong>Igor Paixao<\/strong> mais le <strong>Feyenoord<\/strong> se montre tr\u00e8s gourmand et r\u00e9clame pas moins de 40 millions d\u2019euros.<\/p>\n<p>La tentation Malick Fofana<\/p>\n<p style=\"text-align: justify;\">Si la piste menant \u00e0 <strong>Igor Paixao<\/strong> n\u2019est pas abandonn\u00e9e, l\u2019<strong>OM<\/strong> ouvre d\u2019autres portes en cas d\u2019\u00e9chec des n\u00e9gociations avec le club n\u00e9erlandais. Le Br\u00e9silien a lui d\u00e9j\u00e0 donn\u00e9 son accord. Ces derni\u00e8res heures, <strong>Marseille<\/strong> est entr\u00e9 en contact avec <strong>Lyon<\/strong> pour <strong>Malick Fofana<\/strong>.<\/p>\n<p style=\"text-align: justify;\">L\u2019<strong>Olympique Lyonnais<\/strong> a assur\u00e9 son maintien en <strong>Ligue 1<\/strong> en appel, mais va devoir vendre des joueurs. <strong>Malick Fofana<\/strong> a la plus belle valeur marchande et l\u2019<strong>OM<\/strong> voudrait tirer profit de la situation. Les premi\u00e8res discussions entre les diff\u00e9rentes parties seraient positives et le dossier avance.<\/p>\n<p>\u00c0 ce sujet<br \/>\n<a href=\"https:\/\/dicodusport.fr\/blog\/mercato-om-2025-2026-le-tableau-complet-des-transferts-arrivees-et-departs\/\" class=\"vlp-link\" title=\"Mercato OM 2025-2026 : Le tableau complet des transferts, arriv\u00e9es et d\u00e9parts\" target=\"_blank\" rel=\"noopener\"><img loading=\"lazy\" decoding=\"async\" style=\"max-width: 792px;\" width=\"792\" height=\"445\" class=\"attachment-800x445 size-800x445 perfmatters-lazy\" alt=\"Mercato OM 2025-2026 Le tableau complet des transferts, arriv\u00e9es et d\u00e9parts\" src=\"https:\/\/www.europesays.com\/fr\/wp-content\/uploads\/2025\/06\/Mercato-OM-2025-2026-Le-tableau-complet-des-transferts-arrivees-et-departs.png\"  data-\/><\/p>\n<p>Mercato OM 2025-2026 : Le tableau complet des transferts, arriv\u00e9es et d\u00e9parts<\/p>\n<p>TRANSFERTS OM &#8211; Retrouvez tous les mouvements de l&rsquo;Olympique de Marseille pour l&rsquo;intersaison 2025 en Ligue 1. Arriv\u00e9es, d\u00e9part, pr\u00eats, transferts d\u00e9finitifs, ne ratez rien du mercato estival.\u00a0<\/p>\n<p>Lire l&rsquo;article<\/p>\n<p>dicodusport.fr<\/p>\n","protected":false},"excerpt":{"rendered":"TRANSFERTS \u2013 Selon Foot Mercato, l\u2019Olympique de Marseille est entr\u00e9 en contact avec Lyon pour signer Malick Fofana.&hellip;\n","protected":false},"author":2,"featured_media":245830,"comment_status":"","ping_status":"","sticky":false,"template":"","format":"standard","meta":{"footnotes":""},"categories":[2814],"tags":[1111,11,2113,1777,674,1011,27,884,35942,12,149,882,25],"class_list":{"0":"post-245829","1":"post","2":"type-post","3":"status-publish","4":"format-standard","5":"has-post-thumbnail","7":"category-marseille","8":"tag-actu","9":"tag-actualites","10":"tag-breve","11":"tag-eu","12":"tag-europe","13":"tag-fr","14":"tag-france","15":"tag-marseille","16":"tag-mercatom","17":"tag-news","18":"tag-om","19":"tag-provence-alpes-cote-dazur","20":"tag-republique-francaise"},"share_on_mastodon":{"url":"https:\/\/pubeurope.com\/@fr\/114842519858818889","error":""},"_links":{"self":[{"href":"https:\/\/www.europesays.com\/fr\/wp-json\/wp\/v2\/posts\/245829","targetHints":{"allow":["GET"]}}],"collection":[{"href":"https:\/\/www.europesays.com\/fr\/wp-json\/wp\/v2\/posts"}],"about":[{"href":"https:\/\/www.europesays.com\/fr\/wp-json\/wp\/v2\/types\/post"}],"author":[{"embeddable":true,"href":"https:\/\/www.europesays.com\/fr\/wp-json\/wp\/v2\/users\/2"}],"replies":[{"embeddable":true,"href":"https:\/\/www.europesays.com\/fr\/wp-json\/wp\/v2\/comments?post=245829"}],"version-history":[{"count":0,"href":"https:\/\/www.europesays.com\/fr\/wp-json\/wp\/v2\/posts\/245829\/revisions"}],"wp:featuredmedia":[{"embeddable":true,"href":"https:\/\/www.europesays.com\/fr\/wp-json\/wp\/v2\/media\/245830"}],"wp:attachment":[{"href":"https:\/\/www.europesays.com\/fr\/wp-json\/wp\/v2\/media?parent=245829"}],"wp:term":[{"taxonomy":"category","embeddable":true,"href":"https:\/\/www.europesays.com\/fr\/wp-json\/wp\/v2\/categories?post=245829"},{"taxonomy":"post_tag","embeddable":true,"href":"https:\/\/www.europesays.com\/fr\/wp-json\/wp\/v2\/tags?post=245829"}],"curies":[{"name":"wp","href":"https:\/\/api.w.org\/{rel}","templated":true}]}}