{"id":245831,"date":"2025-07-12T22:02:29","date_gmt":"2025-07-12T22:02:29","guid":{"rendered":"https:\/\/www.europesays.com\/fr\/245831\/"},"modified":"2025-07-12T22:02:29","modified_gmt":"2025-07-12T22:02:29","slug":"la-sante-sexuelle-et-les-droits-des-femmes-en-peril-a-lyon","status":"publish","type":"post","link":"https:\/\/www.europesays.com\/fr\/245831\/","title":{"rendered":"la sant\u00e9 sexuelle et les droits des femmes en p\u00e9ril \u00e0 Lyon"},"content":{"rendered":"<p class=\"wp-block-post-excerpt__excerpt\">Face aux incertitudes des prochains financements, des centres d\u2019information sur les droits des femmes ou de sant\u00e9 sexuelle pourraient \u00eatre contraints de licencier leurs personnels et r\u00e9duire l\u2019accompagnement aupr\u00e8s des publics vuln\u00e9rables. <\/p>\n<p><a href=\"https:\/\/www.rue89lyon.fr\/actu\/\" rel=\"tag noopener\" target=\"_blank\">Actualit\u00e9<\/a>, <a href=\"https:\/\/www.rue89lyon.fr\/edition-abonnes\/\" rel=\"tag noopener\" target=\"_blank\">\u00c9dition abonn\u00e9s<\/a><\/p>\n<p>Marine Farrugia<\/p>\n<p>Publi\u00e9 le 12 juillet 2025\u00a0\u00a0\u00b7\u00a0\u00a0<\/p>\n<p>Imprim\u00e9 le 13 juillet 2025 \u00e0 00h02\u00a0\u00a0\u00b7\u00a0\u00a0<\/p>\n<p>\t\t\t\t\t4\u00a0minutes\n<\/p>\n<p>\u00ab Subventions non vers\u00e9es, droits des femmes en danger ! \u00bb Le slogan est soigneusement choisi par les centres d\u2019information sur les droits des femmes et des familles (CIDFF), pour alerter sur le retard de versement de subventions de la part de l\u2019\u00c9tat.<\/p>\n<p>Ces associations font un travail essentiel sur le territoire pour informer les personnes les plus vuln\u00e9rables \u2014 en particulier les femmes \u2014 sur leurs droits. Elles sont inqui\u00e8tes de leur devenir. \u00ab L\u2019\u00c9tat n\u2019assume pas son r\u00f4le. Le retard de son engagement nous met dans de grandes difficult\u00e9s \u00bb, d\u00e9nonce Anne-Marie Gourgand, pr\u00e9sidente du CIDFF Rh\u00f4ne Arc-Alpin.<\/p>\n<p>Face \u00e0 une situation financi\u00e8re in\u00e9dite, les CIDFF se sont mobilis\u00e9s pendant une semaine du 23 au 27 juin. Le CIDFF Rh\u00f4ne Arc-Alpin (Savoie, Haute-Savoie, Rh\u00f4ne et Is\u00e8re) a ferm\u00e9 ses portes le 26 juin pour lancer un cri d\u2019alerte. <\/p>\n<p>\u00ab C\u2019est urgent. Il y aura des ruptures de tr\u00e9sorerie et des non-versement des salaires au mois d\u2019ao\u00fbt, si les subventions ne sont pas arriv\u00e9es d\u2019ici l\u00e0 \u00bb, exprime-t-elle. Et les CIDFF ne sont pas les seules associations touch\u00e9es : le Planning Familial 69 et les centres de sant\u00e9 et d\u2019\u00e9ducation sexuelle (CSS) sont aussi dans le rouge. <\/p>\n<p>Lisez la suite pour 1\u20ac<\/p>\n<p>En profitant de notre offre d\u2019essai, r\u00e9siliable en ligne \u00e0 tout moment.<\/p>\n<p><strong>Pour acc\u00e9der \u00e0 cet article, il faut \u00eatre abonn\u00e9. Pourquoi\u00a0?<\/strong><\/p>\n<p>Les informations exclusives, les enqu\u00eates et certains reportages constituent l\u2019\u00e9dition abonn\u00e9s de Rue89Lyon. En tant que m\u00e9dia ind\u00e9pendant, nos ressources proviennent de nos lectrices et lecteurs abonn\u00e9s, aucun milliardaire ni groupe bancaire ne nous finance.<\/p>\n<p>Nous demandons \u00e0 nos lecteurs une faible contribution pour disposer \u00e0 Lyon d\u2019un m\u00e9dia vigie des pouvoirs locaux, capable d\u2019enqu\u00eater et de traiter les enjeux locaux en profondeur et dans la dur\u00e9e.<\/p>\n<p>Chaque abonnement compte. Toutes nos recettes sont investies dans un journalisme local ind\u00e9pendant, dont la force et la r\u00e9activit\u00e9 d\u00e9pend directement du nombre d\u2019abonn\u00e9s actifs.<\/p>\n<p class=\"has-text-align-right\"><strong><a href=\"https:\/\/www.rue89lyon.fr\/abonnement\/\" data-type=\"page\" data-id=\"0\" target=\"_blank\" rel=\"noopener\">Je m\u2019abonne\u00a0 <\/a><\/strong><\/p>\n<p>\t\t\t<a href=\"https:\/\/www.rue89lyon.fr\/\" class=\"custom-logo-link\" rel=\"home noopener\" target=\"_blank\"><img loading=\"lazy\" decoding=\"async\" width=\"290\" height=\"89\" src=\"https:\/\/www.europesays.com\/fr\/wp-content\/uploads\/2025\/04\/1745556146_356_logo.png\" class=\"custom-logo\" alt=\"Rue89Lyon Infos, enqu\u00eates \u00e0 Lyon et dans la r\u00e9gion\"  \/><\/a><\/p>\n<p>\n\t\t\t\tAbonnez-vous maintenant pour suivre l\u2019actualit\u00e9 locale.\t\t\t<\/p>\n<p class=\"font-bold font-serif-heading mb-2 text-4xl\">\n\t\t\t\t\t\tL\u2019investigation locale \u00e0 port\u00e9e de main.\n\t\t\t\t\t<\/p>\n<p>\n\t\t\t\t\t\tAbonnez-vous et profitez d\u2019un acc\u00e8s illimit\u00e9 \u00e0 Rue89 Lyon. Annulez quand vous voulez.\n\t\t\t\t\t<\/p>\n<p class=\"xl:text-sm\">\n\t\t\t\t\tD\u00e9j\u00e0 abonn\u00e9\u00a0?<br \/>\n\t\t\t\t\t<a class=\"border border-transparent text-center transition-colors duration-instant focus:border-info focus:rounded focus:shadow-focus cursor-pointer text-black hover:text-gray-700 active:bg-black-700 font-semibold inline-block\" href=\"https:\/\/www.rue89lyon.fr\/user\/login\/?redirect=\/2025\/07\/12\/mise-en-peril-associations-sante-sexuelle-dacces-droits-femmes\/\" target=\"_blank\" rel=\"noopener\">Connectez-vous<\/a>\t\t\t\t<\/p>\n<p>\n\t\t\t\tChoisissez votre formule\u00a0:\n\t\t\t<\/p>\n<p>\t\t\t\tFermer<\/p>\n","protected":false},"excerpt":{"rendered":"Face aux incertitudes des prochains financements, des centres d\u2019information sur les droits des femmes ou de sant\u00e9 sexuelle&hellip;\n","protected":false},"author":2,"featured_media":245832,"comment_status":"","ping_status":"","sticky":false,"template":"","format":"standard","meta":{"footnotes":""},"categories":[1889],"tags":[1111,11,2430,6121,1777,674,1011,27,2428,12,25,104],"class_list":{"0":"post-245831","1":"post","2":"type-post","3":"status-publish","4":"format-standard","5":"has-post-thumbnail","7":"category-lyon","8":"tag-actu","9":"tag-actualites","10":"tag-auvergne-rhone-alpes","11":"tag-droits-des-femmes","12":"tag-eu","13":"tag-europe","14":"tag-fr","15":"tag-france","16":"tag-lyon","17":"tag-news","18":"tag-republique-francaise","19":"tag-societe"},"share_on_mastodon":{"url":"https:\/\/pubeurope.com\/@fr\/114842523757032121","error":""},"_links":{"self":[{"href":"https:\/\/www.europesays.com\/fr\/wp-json\/wp\/v2\/posts\/245831","targetHints":{"allow":["GET"]}}],"collection":[{"href":"https:\/\/www.europesays.com\/fr\/wp-json\/wp\/v2\/posts"}],"about":[{"href":"https:\/\/www.europesays.com\/fr\/wp-json\/wp\/v2\/types\/post"}],"author":[{"embeddable":true,"href":"https:\/\/www.europesays.com\/fr\/wp-json\/wp\/v2\/users\/2"}],"replies":[{"embeddable":true,"href":"https:\/\/www.europesays.com\/fr\/wp-json\/wp\/v2\/comments?post=245831"}],"version-history":[{"count":0,"href":"https:\/\/www.europesays.com\/fr\/wp-json\/wp\/v2\/posts\/245831\/revisions"}],"wp:featuredmedia":[{"embeddable":true,"href":"https:\/\/www.europesays.com\/fr\/wp-json\/wp\/v2\/media\/245832"}],"wp:attachment":[{"href":"https:\/\/www.europesays.com\/fr\/wp-json\/wp\/v2\/media?parent=245831"}],"wp:term":[{"taxonomy":"category","embeddable":true,"href":"https:\/\/www.europesays.com\/fr\/wp-json\/wp\/v2\/categories?post=245831"},{"taxonomy":"post_tag","embeddable":true,"href":"https:\/\/www.europesays.com\/fr\/wp-json\/wp\/v2\/tags?post=245831"}],"curies":[{"name":"wp","href":"https:\/\/api.w.org\/{rel}","templated":true}]}}