{"id":245846,"date":"2025-07-12T22:12:16","date_gmt":"2025-07-12T22:12:16","guid":{"rendered":"https:\/\/www.europesays.com\/fr\/245846\/"},"modified":"2025-07-12T22:12:16","modified_gmt":"2025-07-12T22:12:16","slug":"trump-surencherit-avec-30-de-droits-de-douane-pour-lue-et-le-mexique-12-07-2025-a-2237","status":"publish","type":"post","link":"https:\/\/www.europesays.com\/fr\/245846\/","title":{"rendered":"Trump surench\u00e9rit avec 30% de droits de douane pour l&rsquo;UE et le Mexique &#8211; 12\/07\/2025 \u00e0 22:37"},"content":{"rendered":"<p>        <img fetchpriority=\"high\" decoding=\"async\" src=\"https:\/\/www.europesays.com\/fr\/wp-content\/uploads\/2025\/07\/1113b97be05b567344d34d2c884b1deb-760x475.jpg\" alt=\"Image compos\u00e9e d'Ursula von der Leyen  \u00e0 Bruxelles en mai 2023 et de Donald Trump \u00e0 Washington en juin 2017 ( AFP \/ JOHN THYS )\" loading=\"eager\" width=\"760\" height=\"475\" style=\"max-width: 100%!important; height: auto;\"\/><\/p>\n<p class=\"c-image-news__legend\">Image compos\u00e9e d&rsquo;Ursula von der Leyen  \u00e0 Bruxelles en mai 2023 et de Donald Trump \u00e0 Washington en juin 2017 ( AFP \/ JOHN THYS )<\/p>\n<p>\n Donald Trump a annonc\u00e9 samedi l&rsquo;imposition de droits de douane de 30% pour les produits de l&rsquo;Union europ\u00e9enne et du Mexique import\u00e9s aux Etats-Unis, une nouvelle surench\u00e8re sur fond de n\u00e9gociations avant l&rsquo;\u00e9ch\u00e9ance du 1er ao\u00fbt qui s\u00e8me l&rsquo;inqui\u00e9tude en Europe.\n<\/p>\n<p>\n Le pr\u00e9sident am\u00e9ricain a justifi\u00e9, dans une nouvelle lettre publi\u00e9e sur sa plateforme Truth Social, cette d\u00e9cision en se plaignant du d\u00e9ficit commercial am\u00e9ricain avec les 27 pays de l&rsquo;UE.\n<\/p>\n<p>\n Cette charge a aussit\u00f4t suscit\u00e9 de vives r\u00e9actions en Europe, o\u00f9, des voitures aux m\u00e9dicaments, des avions aux vins, des secteurs essentiels de l&rsquo;\u00e9conomie du continent pourraient \u00eatre frapp\u00e9s.\n<\/p>\n<p>\n La pr\u00e9sidente de la Commission europ\u00e9enne Ursula von der Leyen a averti sur X que de telles mesures \u00ab\u00a0(perturberaient) les cha\u00eenes d&rsquo;approvisionnement transatlantiques essentielles\u00a0\u00bb.\n<\/p>\n<p>\n Si elle se dit \u00ab\u00a0pr\u00eate \u00e0 poursuivre le travail\u00a0\u00bb pour trouver un accord avec Washington d&rsquo;ici \u00e0 l&rsquo;\u00e9ch\u00e9ance du 1er ao\u00fbt, Ursula von der Leyen menace d&rsquo;adopter des \u00ab\u00a0contre-mesures proportionn\u00e9es si cela s&rsquo;av\u00e8re n\u00e9cessaire\u00a0\u00bb. Bruxelles avait d\u00e9j\u00e0 pr\u00e9par\u00e9, sans l&rsquo;appliquer, un train de surtaxes sur des produits am\u00e9ricains.\n<\/p>\n<p>\n \u00ab\u00a0D\u00e8s lundi \u00e0 Bruxelles avec mes 26 homologues, je serai au travail pour soutenir la Commission dans ses n\u00e9gociations avec les Etats-Unis jusqu&rsquo;au 1er ao\u00fbt\u00a0\u00bb, a annonc\u00e9, sur X, le ministre fran\u00e7ais d\u00e9l\u00e9gu\u00e9 au Commerce ext\u00e9rieur, Laurent Saint-Martin.\n<\/p>\n<p>\n Donald Trump a pr\u00e9venu qu&rsquo;en cas de mesures de r\u00e9torsion, il augmenterait d&rsquo;autant ses droits de douane sur les produits europ\u00e9ens entrant aux Etats-Unis, en plus des 30%.\n<\/p>\n<p> &#8211; D\u00e9ficit commercial &#8211;<\/p>\n<p>\n D\u00e9but avril d\u00e9j\u00e0, le chef de l&rsquo;Etat am\u00e9ricain avait menac\u00e9 l&rsquo;UE d&rsquo;infliger 20% de droits de douane aux produits europ\u00e9ens export\u00e9s aux Etats-Unis. Fin mai, frustr\u00e9 par le manque d&rsquo;avanc\u00e9e dans les n\u00e9gociations, il avait relev\u00e9 ce taux \u00e0 50%, avec effet annonc\u00e9 au 1er juin, finalement repouss\u00e9 au 1er ao\u00fbt, jusqu&rsquo;\u00e0 sa lettre de samedi.\n<\/p>\n<p>\n Selon des sources diplomatiques, les discussions men\u00e9es jusqu&rsquo;ici se faisaient sur la base de droits de douane am\u00e9ricains de 10%, avec exceptions.\n<\/p>\n<p>\n Donald Trump laisse la porte ouverte \u00e0 une ren\u00e9gociation.\n<\/p>\n<p>\n \u00ab\u00a0Si vous \u00eates pr\u00eats \u00e0 ouvrir aux Etats-Unis votre march\u00e9 ferm\u00e9, \u00e0 \u00e9liminer vos droits de douane, vos mesures protectionnistes et les obstacles aux \u00e9changes, nous envisagerons, \u00e9ventuellement, des ajustements\u00a0\u00bb, a \u00e9crit samedi le pr\u00e9sident am\u00e9ricain \u00e0 Ursula von der Leyen.\n<\/p>\n<p>\n En 2024, les Etats-Unis ont affich\u00e9 un d\u00e9ficit commercial de 236 milliards de dollars avec l&rsquo;UE (+13% sur un an), qui a export\u00e9 606 milliards de biens sur le territoire de la premi\u00e8re \u00e9conomie mondiale, selon des chiffres du bureau du repr\u00e9sentant am\u00e9ricain au commerce.\n<\/p>\n<p>\n La mesure annonc\u00e9e par Donald Trump, uniforme sur les 27, toucherait chacun d&rsquo;entre eux diff\u00e9remment.\n<\/p>\n<p>\n L&rsquo;Irlande, avec son industrie pharmaceutique, et l&rsquo;Allemagne, avec ses automobiles et son industrie lourde, seraient plus expos\u00e9s que la France, m\u00eame si la fili\u00e8re viticole hexagonale craint d\u00e9j\u00e0 d&rsquo;une \u00ab\u00a0catastrophe\u00a0\u00bb.\n<\/p>\n<p>\n Le pr\u00e9sident fran\u00e7ais Emmanuel Macron, exprimant sa \u00ab\u00a0tr\u00e8s vive d\u00e9sapprobation\u00a0\u00bb, a appel\u00e9 Bruxelles \u00e0 \u00ab\u00a0d\u00e9fendre r\u00e9solument les int\u00e9r\u00eats europ\u00e9ens\u00a0\u00bb, en l&rsquo;invitant \u00e0 \u00ab\u00a0acc\u00e9l\u00e9rer la pr\u00e9paration de contre-mesures cr\u00e9dibles\u00a0\u00bb.\n<\/p>\n<p>\n De son c\u00f4t\u00e9, la ministre allemande de l&rsquo;Economie Katherina Reiche a appel\u00e9 l&rsquo;UE \u00e0 n\u00e9gocier de \u00ab\u00a0mani\u00e8re pragmatique une solution avec les Etats-Unis qui se concentre sur les principaux points de conflit\u00a0\u00bb.\n<\/p>\n<p> &#8211; \u00ab\u00a0Arr\u00eater les cartels\u00a0\u00bb &#8211;<\/p>\n<p>\n Au Mexique, l&rsquo;imposition d&rsquo;une surtaxe de 30%, contre annonc\u00e9s 25% jusqu&rsquo;ici, a \u00e9t\u00e9 qualifi\u00e9e d'\u00a0\u00bbinjuste\u00a0\u00bb par le gouvernement. Mais la pr\u00e9sidente du Mexique Claudia Sheinbaum s&rsquo;est dite confiante samedi dans le fait de \u00ab\u00a0parvenir\u00a0\u00bb in fine \u00e0 un accord.\n<\/p>\n<p>\n Cette surtaxe ne devrait pas s&rsquo;appliquer aux produits, largement majoritaires, entrant dans le cadre de l&rsquo;accord Canada\/Etats-Unis\/Mexique (ACEUM), a pr\u00e9cis\u00e9 un responsable am\u00e9ricain \u00e0 l&rsquo;AFP, ajoutant cependant que la question n&rsquo;a pas encore \u00e9t\u00e9 d\u00e9finitivement tranch\u00e9e par le pr\u00e9sident.\n<\/p>\n<p>\n Le Mexique est particuli\u00e8rement vuln\u00e9rable: 80% de ses exportations ont pour destination les \u00c9tats-Unis. Mais Donald Trump a une nouvelle fois accus\u00e9 samedi Mexico de ne pas lutter suffisamment contre l&rsquo;immigration ill\u00e9gale et le narcotrafic.\n<\/p>\n<p>\n Depuis lundi, le gouvernement Trump a pr\u00e9cis\u00e9 \u00e0 une vingtaine de partenaires commerciaux, principalement asiatiques, les taux qui seront d\u00e9sormais appliqu\u00e9s, de 20% \u00e0 50%.\n<\/p>\n<p>\n Une soixantaine de nations devraient, sauf accord commercial avant la date limite du 1er ao\u00fbt, se voir infliger des surtaxes sup\u00e9rieures \u00e0 10%, niveau plancher qui sera appliqu\u00e9 aux autres.\n<\/p>\n<p>\n L&rsquo;ancienne vedette de t\u00e9l\u00e9r\u00e9alit\u00e9 a fait des droits de douane un axe fort de sa politique \u00e9conomique. Ils sont, pour lui, un moyen de r\u00e9duire le d\u00e9ficit commercial am\u00e9ricain et de r\u00e9industrialiser les Etats-Unis.\n<\/p>\n<p>\n De nombreux \u00e9conomistes y voient un frein pour la croissance mondiale et un facteur inflationniste aux Etats-Unis.<\/p>\n","protected":false},"excerpt":{"rendered":"Image compos\u00e9e d&rsquo;Ursula von der Leyen \u00e0 Bruxelles en mai 2023 et de Donald Trump \u00e0 Washington en&hellip;\n","protected":false},"author":2,"featured_media":245847,"comment_status":"","ping_status":"","sticky":false,"template":"","format":"standard","meta":{"footnotes":""},"categories":[1589],"tags":[400,11,398,408,405,73,1866,403,402,399,404,12,401,406,1864,1865,1863,308,407],"class_list":{"0":"post-245846","1":"post","2":"type-post","3":"status-publish","4":"format-standard","5":"has-post-thumbnail","7":"category-etats-unis","8":"tag-action-cac-40","9":"tag-actualites","10":"tag-bourse-de-paris","11":"tag-boursorama","12":"tag-cotations","13":"tag-etats-unis","14":"tag-etats-unis-damerique","15":"tag-indices-devises","16":"tag-investir","17":"tag-investissement","18":"tag-marche-boursier","19":"tag-news","20":"tag-sicav","21":"tag-trackers","22":"tag-united-states","23":"tag-united-states-of-america","24":"tag-us","25":"tag-usa","26":"tag-warrants"},"share_on_mastodon":{"url":"https:\/\/pubeurope.com\/@fr\/114842563025391832","error":""},"_links":{"self":[{"href":"https:\/\/www.europesays.com\/fr\/wp-json\/wp\/v2\/posts\/245846","targetHints":{"allow":["GET"]}}],"collection":[{"href":"https:\/\/www.europesays.com\/fr\/wp-json\/wp\/v2\/posts"}],"about":[{"href":"https:\/\/www.europesays.com\/fr\/wp-json\/wp\/v2\/types\/post"}],"author":[{"embeddable":true,"href":"https:\/\/www.europesays.com\/fr\/wp-json\/wp\/v2\/users\/2"}],"replies":[{"embeddable":true,"href":"https:\/\/www.europesays.com\/fr\/wp-json\/wp\/v2\/comments?post=245846"}],"version-history":[{"count":0,"href":"https:\/\/www.europesays.com\/fr\/wp-json\/wp\/v2\/posts\/245846\/revisions"}],"wp:featuredmedia":[{"embeddable":true,"href":"https:\/\/www.europesays.com\/fr\/wp-json\/wp\/v2\/media\/245847"}],"wp:attachment":[{"href":"https:\/\/www.europesays.com\/fr\/wp-json\/wp\/v2\/media?parent=245846"}],"wp:term":[{"taxonomy":"category","embeddable":true,"href":"https:\/\/www.europesays.com\/fr\/wp-json\/wp\/v2\/categories?post=245846"},{"taxonomy":"post_tag","embeddable":true,"href":"https:\/\/www.europesays.com\/fr\/wp-json\/wp\/v2\/tags?post=245846"}],"curies":[{"name":"wp","href":"https:\/\/api.w.org\/{rel}","templated":true}]}}