{"id":245850,"date":"2025-07-12T22:14:12","date_gmt":"2025-07-12T22:14:12","guid":{"rendered":"https:\/\/www.europesays.com\/fr\/245850\/"},"modified":"2025-07-12T22:14:12","modified_gmt":"2025-07-12T22:14:12","slug":"la-suede-balaye-lallemagne-et-finit-en-tete-du-groupe-c-qui-croise-avec-la-poule-de-la-france","status":"publish","type":"post","link":"https:\/\/www.europesays.com\/fr\/245850\/","title":{"rendered":"la Su\u00e8de balaye l&rsquo;Allemagne et finit en t\u00eate du groupe C, qui croise avec la poule de la France"},"content":{"rendered":"<p>R\u00e9duite \u00e0 10, l&rsquo;Allemagne n&rsquo;a rien pu faire face aux assauts offensifs de la Su\u00e8de (4-1). Les joueuses de Peter Gerhardsson n&rsquo;ont fait qu&rsquo;une bouch\u00e9e des Allemandes et filent en quart de finale, en t\u00eate du groupe C.<\/p>\n<p>Apr\u00e8s leur succ\u00e8s face \u00e0 l&rsquo;Allemagne r\u00e9duite \u00e0 10 ce samedi soir \u00e0 Zurich (4-1), les Su\u00e9doises terminent en t\u00eate du groupe C de l&rsquo;<a href=\"https:\/\/rmcsport.bfmtv.com\/football\/feminin\/euro\/euro-feminin-2025-le-coach-des-pays-bas-croit-a-un-miracle-de-bale-contre-les-bleues_AD-202507120309.html\" title=\"Euro f\u00e9minin 2025: le coach des Pays-Bas croit \u00e0 &quot;un miracle de B\u00e2le&quot; contre les Bleues\" class=\"internal_link\" rel=\"nofollow noopener\" target=\"_blank\">Euro f\u00e9minin<\/a>, en attendant les quarts de finale o\u00f9 l&rsquo;une des deux \u00e9quipes devrait croiser les Bleues.<\/p>\n<p>Les m\u00e9daill\u00e9es de bronze des <a href=\"https:\/\/rmcsport.bfmtv.com\/jeux-olympiques\/jo-2024-je-sais-qu-ils-ont-doute-plusieurs-fois-yabusele-revient-sur-la-finale-contre-team-usa_AV-202507030716.html\" title=\"JO 2024: &quot;Je sais qu&#039;ils ont dout\u00e9 plusieurs fois&quot;, Yabusele revient sur la finale contre Team USA\" class=\"internal_link\" rel=\"nofollow noopener\" target=\"_blank\">JO 2024<\/a> ont id\u00e9alement d\u00e9marr\u00e9 la rencontre, par un but de Jule Brand lanc\u00e9e par Carlotta Wamser (7e), avant l&rsquo;\u00e9galisation de Stina Blackstenius (12e) puis le premier but en s\u00e9lection de la jeune Su\u00e9doise Smilla Holmberg, 18 ans (25e). Les Su\u00e9doises, submergeant de plus en plus la d\u00e9fense allemande par leur vitesse et leur pr\u00e9cision, ont obtenu un p\u00e9nalty pour une main volontaire de Carlotta Wamser, expuls\u00e9e: Fridolina Rolf\u00f6 l&rsquo;a transform\u00e9 (34e), avant que Lina Hurtig n&rsquo;inscrive un ultime but en deuxi\u00e8me p\u00e9riode (80e). Les joueuses de Peter Gerhardsson, qui faisaient jusque-l\u00e0 figure de discr\u00e8tes outsiders derri\u00e8re les superstars espagnoles et anglaises, encha\u00eenent un troisi\u00e8me succ\u00e8s en trois matches et postulent un peu plus \u00e0 la victoire finale le 23 juillet prochain.<\/p>\n<p>Quel adversaire pour la France en cas de qualification en quart de finale ?<\/p>\n<p>En quart de finale, les Su\u00e9doises rencontreront jeudi \u00e0 Zurich les deuxi\u00e8mes du groupe D, actuellement men\u00e9 par la France devant l&rsquo;Angleterre, en attendant les deux derni\u00e8res rencontres dimanche. Les Allemandes devront elles dig\u00e9rer leur premier revers du tournoi, apr\u00e8s deux succ\u00e8s contre la Pologne (2-0) et le Danemark (2-1), avant d&rsquo;affronter les premi\u00e8res du groupe D samedi prochain \u00e0 B\u00e2le.<\/p>\n<p>Pour conna\u00eetre officiellement l&rsquo;adversaire des Fran\u00e7aises, il faudra attendre la rencontre des Bleues contre les Pays-Bas ce dimanche \u00e0 21h \u00e0 B\u00e2le. Seul un match nul leur permettrait une qualification en quart de finale et leur position dans le groupe D d\u00e9pendra du r\u00e9sultat des Anglaises conre les Galloises, qui joueront \u00e0 la m\u00eame heure \u00e0 Saint-Gall.<\/p>\n","protected":false},"excerpt":{"rendered":"R\u00e9duite \u00e0 10, l&rsquo;Allemagne n&rsquo;a rien pu faire face aux assauts offensifs de la Su\u00e8de (4-1). Les joueuses&hellip;\n","protected":false},"author":2,"featured_media":245851,"comment_status":"","ping_status":"","sticky":false,"template":"","format":"standard","meta":{"footnotes":""},"categories":[1587],"tags":[11,672,1804,1805,1803,1777,674,1801,12,1802],"class_list":{"0":"post-245850","1":"post","2":"type-post","3":"status-publish","4":"format-standard","5":"has-post-thumbnail","7":"category-allemagne","8":"tag-actualites","9":"tag-allemagne","10":"tag-bundesrepublik-deutschland","11":"tag-de","12":"tag-deutschland","13":"tag-eu","14":"tag-europe","15":"tag-germany","16":"tag-news","17":"tag-republique-federale-dallemagne"},"share_on_mastodon":{"url":"https:\/\/pubeurope.com\/@fr\/114842574758855417","error":""},"_links":{"self":[{"href":"https:\/\/www.europesays.com\/fr\/wp-json\/wp\/v2\/posts\/245850","targetHints":{"allow":["GET"]}}],"collection":[{"href":"https:\/\/www.europesays.com\/fr\/wp-json\/wp\/v2\/posts"}],"about":[{"href":"https:\/\/www.europesays.com\/fr\/wp-json\/wp\/v2\/types\/post"}],"author":[{"embeddable":true,"href":"https:\/\/www.europesays.com\/fr\/wp-json\/wp\/v2\/users\/2"}],"replies":[{"embeddable":true,"href":"https:\/\/www.europesays.com\/fr\/wp-json\/wp\/v2\/comments?post=245850"}],"version-history":[{"count":0,"href":"https:\/\/www.europesays.com\/fr\/wp-json\/wp\/v2\/posts\/245850\/revisions"}],"wp:featuredmedia":[{"embeddable":true,"href":"https:\/\/www.europesays.com\/fr\/wp-json\/wp\/v2\/media\/245851"}],"wp:attachment":[{"href":"https:\/\/www.europesays.com\/fr\/wp-json\/wp\/v2\/media?parent=245850"}],"wp:term":[{"taxonomy":"category","embeddable":true,"href":"https:\/\/www.europesays.com\/fr\/wp-json\/wp\/v2\/categories?post=245850"},{"taxonomy":"post_tag","embeddable":true,"href":"https:\/\/www.europesays.com\/fr\/wp-json\/wp\/v2\/tags?post=245850"}],"curies":[{"name":"wp","href":"https:\/\/api.w.org\/{rel}","templated":true}]}}