{"id":245854,"date":"2025-07-12T22:16:15","date_gmt":"2025-07-12T22:16:15","guid":{"rendered":"https:\/\/www.europesays.com\/fr\/245854\/"},"modified":"2025-07-12T22:16:15","modified_gmt":"2025-07-12T22:16:15","slug":"une-journee-festive-pour-les-40-ans-des-jeunes-sapeurs-pompiers-de-eu","status":"publish","type":"post","link":"https:\/\/www.europesays.com\/fr\/245854\/","title":{"rendered":"Une journ\u00e9e festive pour les 40 ans des Jeunes Sapeurs-Pompiers de Eu"},"content":{"rendered":"<p>            Par<br \/>\n        <strong><br \/>\n            <a href=\"https:\/\/actu.fr\/auteur\/redaction-informateur\" title=\"Consulter tous les articles de R\u00e9daction Eu\" target=\"_blank\" rel=\"noopener\">R\u00e9daction Eu<\/a><br \/>\n        <\/strong><\/p>\n<p>        Publi\u00e9 le<\/p>\n<p>            12 juil. 2025 \u00e0 21h36        <\/p>\n<p>Samedi 5 juillet 2025, la caserne des Pr\u00e9s Sal\u00e9s <a href=\"https:\/\/actu.fr\/normandie\/eu_76255\" target=\"_blank\" rel=\"noopener\">\u00e0 Eu<\/a> (Seine-Maritime) a accueilli un large public \u00e0 l\u2019occasion d\u2019une <b>journ\u00e9e portes ouvertes exceptionnelle<\/b>, organis\u00e9e pour c\u00e9l\u00e9brer les 40 ans de la section locale des <b>Jeunes Sapeurs-Pompiers<\/b> (JSP). De 10h \u00e0 18h, les visiteurs de tous \u00e2ges ont pu d\u00e9couvrir le quotidien des sapeurs-pompiers, saluer l\u2019engagement des jeunes volontaires et participer \u00e0 des animations p\u00e9dagogiques.<\/p>\n<p>Une c\u00e9r\u00e9monie officielle pleine de symboles<\/p>\n<p class=\" wall-content\">D\u00e8s 10h30, la c\u00e9r\u00e9monie de mise \u00e0 l\u2019honneur des JSP a donn\u00e9 le ton. Le\u00a0capitaine\u00a0Olivier\u00a0Quesnel a salu\u00e9 \u00ab un parcours exemplaire \u00bb pour cette promotion 2024, avec la r\u00e9ussite de l\u2019examen le 14\u00a0juin dernier. Trois d\u2019entre eux rejoignent d\u00e8s \u00e0 pr\u00e9sent les rangs de la caserne des Pr\u00e9s Sal\u00e9s. Il a \u00e9galement soulign\u00e9\u00a0l\u2019importance du volontariat\u00a0et de la transmission, en mettant en lumi\u00e8re\u00a0plusieurs anciens JSP ayant poursuivi une carri\u00e8re chez les pompiers.<\/p>\n<p class=\" wall-content\">\u00ab Vous \u00eates l\u2019avenir \u00bb, a-t-il rappel\u00e9 devant les familles, \u00e9lus, et coll\u00e8gues venus en nombre pour f\u00e9liciter ces jeunes engag\u00e9s. Le recrutement 2025\u00a0est d\u2019ores et d\u00e9j\u00e0 lanc\u00e9, visant 6 \u00e0 8 nouveaux JSP, \u00e2g\u00e9s de 12 \u00e0 14\u00a0ans. Le capitaine a aussi insist\u00e9 sur la\u00a0valeur \u00e9ducative de cette formation qu\u2019il qualifie \u00ab d\u2019\u00e9cole de la vie \u00bb, qui apprend \u00ab savoir-faire et savoir- vivre \u00bb.<\/p>\n<p>    <img   decoding=\"async\" loading=\"lazy\" class=\"size-large\" src=\"https:\/\/www.europesays.com\/fr\/wp-content\/uploads\/2025\/07\/e56540741d686409540741d68c4954v-960x640.jpeg\" alt=\"La caserne des pr\u00e9s-sal\u00e9s est n\u00e9e d'un regroupement des centres de Eu, du Tr\u00e9port et d'\u00c9talondes. Les maires des trois communes \u00e9taient pr\u00e9sents.\" width=\"960\" height=\"640\"\/><br \/>\n    La caserne des pr\u00e9s-sal\u00e9s est n\u00e9e d\u2019un regroupement des centres de Eu, du\u00a0Tr\u00e9port et d\u2019\u00c9talondes. Les maires des trois communes \u00e9taient pr\u00e9sents. \u00a9L\u2019InformateurL\u2019engagement des JSP salu\u00e9 par la ville<\/p>\n<p class=\" wall-content\">Le\u00a0maire de la ville d\u2019Eu, Michel Barbier, a tenu \u00e0 f\u00e9liciter ces jeunes citoyens engag\u00e9s : \u00ab Vous faites honneur \u00e0 notre ville \u00bb Il a rappel\u00e9 leur pr\u00e9sence active lors des c\u00e9r\u00e9monies officielles (11\u00a0novembre, 14\u00a0juillet\u2026) et leur implication dans les comp\u00e9titions inter-JSP, comme celle de Saint-Val\u00e9ry.<\/p>\n<p>Vid\u00e9os : en ce moment sur Actu<\/p>\n<p class=\" wall-content\">Avec\u00a021 JSP actifs (8 filles et 13 gar\u00e7ons), la section locale participe aussi \u00e0 la\u00a0f\u00e9minisation du m\u00e9tier, une \u00e9volution salu\u00e9e par les intervenants.<\/p>\n<p>D\u00e9couvertes, d\u00e9monstrations et animations<\/p>\n<p class=\" wall-content\">Le capitaine Quesnel a \u00e9galement tenu \u00e0 remercier\u00a0les \u00e9lus et les partenaires locaux\u00a0pour leur soutien. Il a rappel\u00e9 que le d\u00e9partement compte actuellement\u00a0420 JSP, et que la\u00a0pr\u00e9sence d\u2019une \u00e9cole de formation sur le territoire\u00a0est un atout majeur pour favoriser l\u2019engagement local.<\/p>\n<p class=\" wall-content\">Tout au long de la journ\u00e9e, les visiteurs ont pu manipuler des\u00a0lances \u00e0 incendie adapt\u00e9es aux enfants, d\u00e9couvrir la\u00a0cellule de reconnaissance, un outil de simulation impressionnant, assister \u00e0 une\u00a0man\u0153uvre de d\u00e9sincarc\u00e9ration, explorer une\u00a0exposition de v\u00e9hicules anciens, pr\u00e9sent\u00e9e par le\u00a0Mus\u00e9e des Sapeurs-Pompiers de Montville ou encore s\u2019initier aux\u00a0gestes de premiers secours.<\/p>\n<p class=\" wall-content\">Cette journ\u00e9e \u00e9tait par ailleurs l\u2019occasion d\u2019\u00e9changer avec les professionnels, sur le recrutement des pompiers volontaires ou d\u2019autres sujets. Une\u00a0journ\u00e9e a su\u00a0allier fiert\u00e9 et transmission, c\u00e9l\u00e9brant\u00a0quarante ann\u00e9es d\u2019engagement\u00a0et de passion. Un\u00a0\u00e2ge qui inspire le respect, comme l\u2019a rappel\u00e9 le capitaine Quesnel, pour une section qui n\u2019a cess\u00e9 de former des jeunes au service de tous.<\/p>\n<p class=\" wall-content\">Suivez toute l\u2019actualit\u00e9 de vos villes et m\u00e9dias favoris en vous inscrivant \u00e0 <a href=\"https:\/\/moncompte.actu.fr\" title=\"D\u00e9couvez Mon Actu\" rel=\"nofollow noopener\" data-trk=\"{&quot;cta&quot;:{&quot;action&quot;:&quot;https:\\\/\\\/moncompte.actu.fr&quot;,&quot;category&quot;:&quot;mon compte&quot;,&quot;from&quot;:&quot;article footer&quot;,&quot;name&quot;:&quot;Mon actu&quot;,&quot;type&quot;:&quot;cta&quot;}}\" target=\"_blank\">Mon Actu<\/a>.<\/p>\n","protected":false},"excerpt":{"rendered":"Par R\u00e9daction Eu Publi\u00e9 le 12 juil. 2025 \u00e0 21h36 Samedi 5 juillet 2025, la caserne des Pr\u00e9s&hellip;\n","protected":false},"author":2,"featured_media":245855,"comment_status":"","ping_status":"","sticky":false,"template":"","format":"standard","meta":{"footnotes":""},"categories":[1586],"tags":[11,1777,674,1779,1011,27,12,25,104,1778,364,3587],"class_list":{"0":"post-245854","1":"post","2":"type-post","3":"status-publish","4":"format-standard","5":"has-post-thumbnail","7":"category-europe","8":"tag-actualites","9":"tag-eu","10":"tag-europe","11":"tag-european-union","12":"tag-fr","13":"tag-france","14":"tag-news","15":"tag-republique-francaise","16":"tag-societe","17":"tag-ue","18":"tag-union-europeenne","19":"tag-villes-soeurs"},"share_on_mastodon":{"url":"https:\/\/pubeurope.com\/@fr\/114842578748198475","error":""},"_links":{"self":[{"href":"https:\/\/www.europesays.com\/fr\/wp-json\/wp\/v2\/posts\/245854","targetHints":{"allow":["GET"]}}],"collection":[{"href":"https:\/\/www.europesays.com\/fr\/wp-json\/wp\/v2\/posts"}],"about":[{"href":"https:\/\/www.europesays.com\/fr\/wp-json\/wp\/v2\/types\/post"}],"author":[{"embeddable":true,"href":"https:\/\/www.europesays.com\/fr\/wp-json\/wp\/v2\/users\/2"}],"replies":[{"embeddable":true,"href":"https:\/\/www.europesays.com\/fr\/wp-json\/wp\/v2\/comments?post=245854"}],"version-history":[{"count":0,"href":"https:\/\/www.europesays.com\/fr\/wp-json\/wp\/v2\/posts\/245854\/revisions"}],"wp:featuredmedia":[{"embeddable":true,"href":"https:\/\/www.europesays.com\/fr\/wp-json\/wp\/v2\/media\/245855"}],"wp:attachment":[{"href":"https:\/\/www.europesays.com\/fr\/wp-json\/wp\/v2\/media?parent=245854"}],"wp:term":[{"taxonomy":"category","embeddable":true,"href":"https:\/\/www.europesays.com\/fr\/wp-json\/wp\/v2\/categories?post=245854"},{"taxonomy":"post_tag","embeddable":true,"href":"https:\/\/www.europesays.com\/fr\/wp-json\/wp\/v2\/tags?post=245854"}],"curies":[{"name":"wp","href":"https:\/\/api.w.org\/{rel}","templated":true}]}}