{"id":245858,"date":"2025-07-12T22:18:11","date_gmt":"2025-07-12T22:18:11","guid":{"rendered":"https:\/\/www.europesays.com\/fr\/245858\/"},"modified":"2025-07-12T22:18:11","modified_gmt":"2025-07-12T22:18:11","slug":"en-video-les-combinaisons-surrealistes-de-lafrique-du-sud-contre-litalie","status":"publish","type":"post","link":"https:\/\/www.europesays.com\/fr\/245858\/","title":{"rendered":"en vid\u00e9o, les combinaisons surr\u00e9alistes de l\u2019Afrique du Sud contre l\u2019Italie"},"content":{"rendered":"<p><strong>SCAN SPORT &#8211; <\/strong>Larges vainqueurs de l\u2019Italie ce samedi, en test-match, les champions du monde sud-africains ont r\u00e9alis\u00e9 des combinaisons aussi \u00e9tonnantes qu\u2019efficaces.<\/p>\n<p class=\"fig-paragraph\">R\u00e9duite \u00e0 14 apr\u00e8s un carton rouge contre Wiese, l\u2019Afrique du Sud a fait qu\u2019une bouch\u00e9e de l\u2019Italie ce samedi (45-0), \u00e0 Gqeberha. Une victoire en forme de d\u00e9monstration, lors de laquelle Rassie Erasmus, le coach des champions du monde, a fait parler sa cr\u00e9ativit\u00e9, avec des combinaisons surr\u00e9alistes. Les Springboks ont d\u00e9j\u00e0 surpris leur monde en provoquant intentionnellement une m\u00eal\u00e9e sur&#8230; le coup d\u2019envoi. Pourquoi pas\u00a0?\u00a0Les Boks ont ensuite surpris leur monde avec ce ballon port\u00e9 en pleine action, dans les derni\u00e8res minutes avant la mi-temps.<\/p>\n<p class=\"fig-paragraph\">\u00c9tant une des \u00e9quipes les plus redoutables du monde dans le secteur des ballons port\u00e9s, l\u2019Afrique du Sud a d\u00e9sormais d\u00e9cid\u00e9 d\u2019int\u00e9grer le secteur de la touche dans le jeu courant. Et le moins que l\u2019on puisse dire, c\u2019est que cela marche plut\u00f4t bien puisque cette combinaison a permis d\u2019inscrire deux essais, par Canan Moodie et Malcolm Marx, lors de cette balade.<\/p>\n","protected":false},"excerpt":{"rendered":"SCAN SPORT &#8211; Larges vainqueurs de l\u2019Italie ce samedi, en test-match, les champions du monde sud-africains ont r\u00e9alis\u00e9&hellip;\n","protected":false},"author":2,"featured_media":245859,"comment_status":"","ping_status":"","sticky":false,"template":"","format":"standard","meta":{"footnotes":""},"categories":[2],"tags":[11,1011,27,4977,12,25,21067],"class_list":{"0":"post-245858","1":"post","2":"type-post","3":"status-publish","4":"format-standard","5":"has-post-thumbnail","7":"category-actualites","8":"tag-actualites","9":"tag-fr","10":"tag-france","11":"tag-le-scan-sport","12":"tag-news","13":"tag-republique-francaise","14":"tag-springboks"},"share_on_mastodon":{"url":"https:\/\/pubeurope.com\/@fr\/114842586557051360","error":""},"_links":{"self":[{"href":"https:\/\/www.europesays.com\/fr\/wp-json\/wp\/v2\/posts\/245858","targetHints":{"allow":["GET"]}}],"collection":[{"href":"https:\/\/www.europesays.com\/fr\/wp-json\/wp\/v2\/posts"}],"about":[{"href":"https:\/\/www.europesays.com\/fr\/wp-json\/wp\/v2\/types\/post"}],"author":[{"embeddable":true,"href":"https:\/\/www.europesays.com\/fr\/wp-json\/wp\/v2\/users\/2"}],"replies":[{"embeddable":true,"href":"https:\/\/www.europesays.com\/fr\/wp-json\/wp\/v2\/comments?post=245858"}],"version-history":[{"count":0,"href":"https:\/\/www.europesays.com\/fr\/wp-json\/wp\/v2\/posts\/245858\/revisions"}],"wp:featuredmedia":[{"embeddable":true,"href":"https:\/\/www.europesays.com\/fr\/wp-json\/wp\/v2\/media\/245859"}],"wp:attachment":[{"href":"https:\/\/www.europesays.com\/fr\/wp-json\/wp\/v2\/media?parent=245858"}],"wp:term":[{"taxonomy":"category","embeddable":true,"href":"https:\/\/www.europesays.com\/fr\/wp-json\/wp\/v2\/categories?post=245858"},{"taxonomy":"post_tag","embeddable":true,"href":"https:\/\/www.europesays.com\/fr\/wp-json\/wp\/v2\/tags?post=245858"}],"curies":[{"name":"wp","href":"https:\/\/api.w.org\/{rel}","templated":true}]}}