{"id":245866,"date":"2025-07-12T22:23:11","date_gmt":"2025-07-12T22:23:11","guid":{"rendered":"https:\/\/www.europesays.com\/fr\/245866\/"},"modified":"2025-07-12T22:23:11","modified_gmt":"2025-07-12T22:23:11","slug":"wimbledon-2025-iga-swiatek-triomphe-sans-partage-avec-un-6-0-6-0-face-a-amanda-anisimova","status":"publish","type":"post","link":"https:\/\/www.europesays.com\/fr\/245866\/","title":{"rendered":"Wimbledon 2025 : Iga Swiatek triomphe sans partage avec un 6-0, 6-0 face \u00e0 Amanda Anisimova"},"content":{"rendered":"<p class=\"ap-StoryElement ap-StoryElement--mb ap-StoryText\">C&rsquo;est la premi\u00e8re fois de l&rsquo;\u00e8re Open que la finale de Wimbledon se conclut sur un double 6-0. En Grand Chelem, il n&rsquo;existait qu&rsquo;un pr\u00e9c\u00e9dent, en 1988 \u00e0 Roland-Garros avec la victoire de Steffi Graf sur Natasha Zvereva. Avant l&rsquo;\u00e8re Open, la finale de Wimbledon en 1911 s&rsquo;\u00e9tait achev\u00e9e sur ce score.<\/p>\n<p><a href=\"https:\/\/www.lalibre.be\/sports\/tennis\/2025\/07\/10\/quand-wimbledon-bug-cest-comme-si-les-robots-dirigeaient-WPVAS4F3HVCNFCPTTPZX6C4DL4\/\" target=\"_blank\" rel=\"noopener noreferrer\" class=\"ap-StoryInterstitialLink ap-StoryElement ap-StoryElement--mb\">Quand Wimbledon bug: \u00ab\u00a0C&rsquo;est comme si les robots dirigeaient\u00a0\u00bb<\/a><\/p>\n<p class=\"ap-StoryElement ap-StoryElement--mb ap-StoryText\">Swiatek, 24 ans, s&rsquo;offre un sixi\u00e8me sacre en Grand Chelem, apr\u00e8s ses quatre victoires \u00e0 Roland-Garros (2020, 2022, 2023 et 2024) et son succ\u00e8s \u00e0 l&rsquo;US Open 2022. La Polonaise a remport\u00e9 toutes les finales qu&rsquo;elle a disput\u00e9es dans un tournoi majeur. Elle ajoute un 23e titre sur le circuit principal \u00e0 son palmar\u00e8s, en 28 finales, et d\u00e9bloque son compteur cette ann\u00e9e. Swiatek gagne au passage son premier tournoi sur gazon. A Wimbledon, les quarts de finale atteints en 2023 constituaient son meilleur r\u00e9sultat.<\/p>\n<p class=\"ap-StoryElement ap-StoryElement--mb ap-StoryText\">Anisimova, 23 ans, visait un quatri\u00e8me titre WTA, le deuxi\u00e8me de la saison apr\u00e8s son succ\u00e8s \u00e0 Doha, pour sa septi\u00e8me finale. Demi-finaliste \u00e0 Roland-Garros \u00e0 seulement 17 ans, Anisimova avait mis sa carri\u00e8re entre parenth\u00e8se pendant six mois en mai 2023 en raison d&rsquo;un \u00e9puisement mental.<\/p>\n<p class=\"ap-StoryElement ap-StoryElement--mb ap-StoryText\">Swiatek succ\u00e8de au palmar\u00e8s \u00e0 la Tch\u00e8que Barbora Krejcikova.<\/p>\n<p><a href=\"https:\/\/www.lalibre.be\/sports\/tennis\/2025\/07\/09\/wimbledon-swiatek-se-qualifie-pour-la-premiere-fois-en-demi-finales-apres-avoir-battu-samsonova-ZUG7ZETTJFGFVKD2PQ3X75ZJIQ\/\" target=\"_blank\" rel=\"noopener noreferrer\" class=\"ap-StoryInterstitialLink ap-StoryElement ap-StoryElement--mb\">Wimbledon : Swiatek se qualifie pour la premi\u00e8re fois en demi-finales apr\u00e8s avoir battu Samsonova<\/a><\/p>\n","protected":false},"excerpt":{"rendered":"C&rsquo;est la premi\u00e8re fois de l&rsquo;\u00e8re Open que la finale de Wimbledon se conclut sur un double 6-0.&hellip;\n","protected":false},"author":2,"featured_media":245867,"comment_status":"","ping_status":"","sticky":false,"template":"","format":"standard","meta":{"footnotes":""},"categories":[1415],"tags":[17,38550,1011,27,2200,38549,60,1467,308,4173],"class_list":{"0":"post-245866","1":"post","2":"type-post","3":"status-publish","4":"format-standard","5":"has-post-thumbnail","7":"category-tennis","8":"tag-17","9":"tag-amanda-anisimova","10":"tag-fr","11":"tag-france","12":"tag-iga-swiatek","13":"tag-pol","14":"tag-sports","15":"tag-tennis","16":"tag-usa","17":"tag-wimbledon"},"share_on_mastodon":{"url":"https:\/\/pubeurope.com\/@fr\/114842606126655487","error":""},"_links":{"self":[{"href":"https:\/\/www.europesays.com\/fr\/wp-json\/wp\/v2\/posts\/245866","targetHints":{"allow":["GET"]}}],"collection":[{"href":"https:\/\/www.europesays.com\/fr\/wp-json\/wp\/v2\/posts"}],"about":[{"href":"https:\/\/www.europesays.com\/fr\/wp-json\/wp\/v2\/types\/post"}],"author":[{"embeddable":true,"href":"https:\/\/www.europesays.com\/fr\/wp-json\/wp\/v2\/users\/2"}],"replies":[{"embeddable":true,"href":"https:\/\/www.europesays.com\/fr\/wp-json\/wp\/v2\/comments?post=245866"}],"version-history":[{"count":0,"href":"https:\/\/www.europesays.com\/fr\/wp-json\/wp\/v2\/posts\/245866\/revisions"}],"wp:featuredmedia":[{"embeddable":true,"href":"https:\/\/www.europesays.com\/fr\/wp-json\/wp\/v2\/media\/245867"}],"wp:attachment":[{"href":"https:\/\/www.europesays.com\/fr\/wp-json\/wp\/v2\/media?parent=245866"}],"wp:term":[{"taxonomy":"category","embeddable":true,"href":"https:\/\/www.europesays.com\/fr\/wp-json\/wp\/v2\/categories?post=245866"},{"taxonomy":"post_tag","embeddable":true,"href":"https:\/\/www.europesays.com\/fr\/wp-json\/wp\/v2\/tags?post=245866"}],"curies":[{"name":"wp","href":"https:\/\/api.w.org\/{rel}","templated":true}]}}