{"id":245871,"date":"2025-07-12T22:27:13","date_gmt":"2025-07-12T22:27:13","guid":{"rendered":"https:\/\/www.europesays.com\/fr\/245871\/"},"modified":"2025-07-12T22:27:13","modified_gmt":"2025-07-12T22:27:13","slug":"tdf-tour-de-france-stephane-heulot-cest-le-arnaud-de-lie-que-lon-aime","status":"publish","type":"post","link":"https:\/\/www.europesays.com\/fr\/245871\/","title":{"rendered":"TDF. Tour de France &#8211; Ste\u0301phane Heulot : \u00abC\u2019est le Arnaud De Lie que l\u2019on aime&#8230;\u00bb"},"content":{"rendered":"<p>Ce samedi 12 juillet a marqu\u00e9 la fin de la disette des victoires italiennes sur le <strong><a href=\"https:\/\/www.cyclismactu.net\/..\/news-tdf-route-tour-de-france-jonathan-milan-8e-etape-en-patron-wout-van-aert-impuissant-88901.html\" target=\"_blank\" rel=\"nofollow noopener\">Tour de France<\/a><\/strong> avec la victoire au sprint du meilleur sprinteur de cette Grande Boucle, <strong>Jonathan Milan<\/strong> (Lidl-Trek), qui s&rsquo;est impos\u00e9 au sprint devant <strong>Wout Van Aert<\/strong> (Team Visma | Lease a Bike) et l\u2019Australien <strong>Kaden Groves <\/strong>(Alpecin-Deceuninck). Pour ce deuxi\u00e8me vrai sprint massif de ce<strong> Tour de France<\/strong>, le Belge <strong><a href=\"https:\/\/www.cyclismactu.net\/..\/news-tdf-route-tour-de-france-arnaud-de-lie-pas-encore-arnaud-de-lie-qu-on-aime-88905.html\" target=\"_blank\" rel=\"nofollow noopener\">Arnaud De Lie<\/a><\/strong> (Lotto) retrouve de la confiance et se classe 5e de ce sprint. Le manager g\u00e9n\u00e9ral de la formation belge, <strong>Ste\u0301phane Heulot<\/strong>, s&rsquo;est exprim\u00e9 \u00e0 notre micro de <strong>Cyclism&rsquo;Actu<\/strong> sur la performance de son jeune coureur, qui participe pour la deuxi\u00e8me fois \u00e0 la Grande Boucle.<\/p>\n<p>Vid\u00e9o &#8211; Ste\u0301phane Heulot au micro de Cyclism&rsquo;Actu ! Lire la suite de l&rsquo;article&#13;<\/p>\n<p>\u00a0<\/p>\n<p>&#13;<br \/>\n\u00ab\u00a0C\u2019\u00e9tait souhait\u00e9, c\u2019\u00e9tait esp\u00e9r\u00e9&#8230;\u00a0\u00bb&#13;<\/p>\n<p>\u00ab\u00a0C\u2019\u00e9tait souhait\u00e9, c\u2019\u00e9tait esp\u00e9r\u00e9. On va dire que ce n\u2019est \u00ab\u00a0qu\u2019un\u00a0\u00bb top 5, mais on revient de loin\u00a0\u00bb, explique-t-il soulag\u00e9. \u00ab\u00a0C\u2019est vrai que ce d\u00e9but de Tour n\u2019a pas \u00e9t\u00e9 \u00e9vident pour Arnaud et pour l\u2019\u00e9quipe. Il y a eu pas mal de p\u00e9pins, mais voil\u00e0 : il a montr\u00e9 qu\u2019il avait du caract\u00e8re. Un petit top 5, c\u2019est sympathique, \u00e7a redonne un peu de baume au c\u0153ur. \u00c7a va mieux. Je dirais qu\u2019il progresse un peu chaque jour. \u00c7a reste un sprinteur. Encore une fois, on \u00e9tait tr\u00e8s justes dans la pr\u00e9paration, dans l\u2019approche du Tour. On a pris ce risque-l\u00e0 de le mettre au d\u00e9part. Donc on savait que \u00e7a allait \u00eatre compliqu\u00e9, \u00e7a va l\u2019\u00eatre encore, mais l\u2019important, c\u2019est qu\u2019il puisse saisir les occasions.<\/p>\n<p>&#13;<\/p>\n<p>Il n\u2019a pas su le faire lorsqu\u2019il est tomb\u00e9, le jour o\u00f9 Tim Merlier a gagn\u00e9. C\u2019\u00e9tait frustrant pour lui, mais en m\u00eame temps, j\u2019aime bien le voir frustr\u00e9 de temps en temps. \u00c7a montre qu\u2019il en veut. Il a montr\u00e9 du caract\u00e8re. Chaque jour suffit sa peine, pour l\u2019instant. Je vais voir comment il a v\u00e9cu sa journ\u00e9e. L\u2019\u00e9quipe a tr\u00e8s bien travaill\u00e9, m\u00eame s\u2019il manquait Jasper [De Buyst] pour le piloter. Il s\u2019est fait un peu \u00ab\u00a0boxer\u00a0\u00bb dans les 500 derniers m\u00e8tres, il perd la roue de Milan, c\u2019est dommage, mais il n\u2019a pas l\u00e2ch\u00e9, et \u00e7a, c\u2019est le plus important. On essaie de lui apporter un maximum de soutien. C\u2019est le v\u00e9lo, il y a des hauts et des bas. Il a connu des moments compliqu\u00e9s, mais on a toujours \u00e9t\u00e9 l\u00e0 pour le soutenir. Et c\u2019est vrai que \u00e7a fait du bien de voir ces petits signes positifs, m\u00eame si ce n\u2019est pas une victoire. C\u2019est important. Moi, je suis content de le voir reprendre le moral, ne rien l\u00e2cher et se battre jusqu\u2019au bout. C\u2019est le Arnaud [De Lie] qu\u2019on aime\u00a0\u00bb, conclut <strong>St\u00e9phane Heulot<\/strong> \u00e0 notre micro de <strong>Cyclism&rsquo;Actu<\/strong>.<\/p>\n<p>Tour de France &#8211; Classement de la 8\u00e8 \u00e9tape Tour de France &#8211; Classement g\u00e9n\u00e9ral provisoire apr\u00e8s la 8\u00e8 \u00e9tape<\/p>\n","protected":false},"excerpt":{"rendered":"Ce samedi 12 juillet a marqu\u00e9 la fin de la disette des victoires italiennes sur le Tour de&hellip;\n","protected":false},"author":2,"featured_media":245872,"comment_status":"","ping_status":"","sticky":false,"template":"","format":"standard","meta":{"footnotes":""},"categories":[1411],"tags":[1154,207,211,1011,27,209,60,210,212,208,213],"class_list":{"0":"post-245871","1":"post","2":"type-post","3":"status-publish","4":"format-standard","5":"has-post-thumbnail","7":"category-cyclisme","8":"tag-cycling","9":"tag-cyclisme","10":"tag-ffc","11":"tag-fr","12":"tag-france","13":"tag-route","14":"tag-sports","15":"tag-tour-de-france","16":"tag-uci","17":"tag-velo","18":"tag-world-tour"},"share_on_mastodon":{"url":"https:\/\/pubeurope.com\/@fr\/114842621918149040","error":""},"_links":{"self":[{"href":"https:\/\/www.europesays.com\/fr\/wp-json\/wp\/v2\/posts\/245871","targetHints":{"allow":["GET"]}}],"collection":[{"href":"https:\/\/www.europesays.com\/fr\/wp-json\/wp\/v2\/posts"}],"about":[{"href":"https:\/\/www.europesays.com\/fr\/wp-json\/wp\/v2\/types\/post"}],"author":[{"embeddable":true,"href":"https:\/\/www.europesays.com\/fr\/wp-json\/wp\/v2\/users\/2"}],"replies":[{"embeddable":true,"href":"https:\/\/www.europesays.com\/fr\/wp-json\/wp\/v2\/comments?post=245871"}],"version-history":[{"count":0,"href":"https:\/\/www.europesays.com\/fr\/wp-json\/wp\/v2\/posts\/245871\/revisions"}],"wp:featuredmedia":[{"embeddable":true,"href":"https:\/\/www.europesays.com\/fr\/wp-json\/wp\/v2\/media\/245872"}],"wp:attachment":[{"href":"https:\/\/www.europesays.com\/fr\/wp-json\/wp\/v2\/media?parent=245871"}],"wp:term":[{"taxonomy":"category","embeddable":true,"href":"https:\/\/www.europesays.com\/fr\/wp-json\/wp\/v2\/categories?post=245871"},{"taxonomy":"post_tag","embeddable":true,"href":"https:\/\/www.europesays.com\/fr\/wp-json\/wp\/v2\/tags?post=245871"}],"curies":[{"name":"wp","href":"https:\/\/api.w.org\/{rel}","templated":true}]}}