{"id":245881,"date":"2025-07-12T22:32:15","date_gmt":"2025-07-12T22:32:15","guid":{"rendered":"https:\/\/www.europesays.com\/fr\/245881\/"},"modified":"2025-07-12T22:32:15","modified_gmt":"2025-07-12T22:32:15","slug":"qui-a-gagne-le-prime-special-des-12-coups-de-midi","status":"publish","type":"post","link":"https:\/\/www.europesays.com\/fr\/245881\/","title":{"rendered":"Qui a gagn\u00e9 le prime sp\u00e9cial des 12 coups de midi ?"},"content":{"rendered":"<p>Un duel au sommet a eu lieu ce samedi 12 juillet 2025 sur les antennes de TF1. Pour une \u00e9dition sp\u00e9ciale du Combat des Ma\u00eetres, la cha\u00eene a fait s&rsquo;affronter deux des plus grands champions des 12 coups de midi. Une joute de culture g\u00e9n\u00e9rale qui fut de tr\u00e8s haut niveau mais qui n&rsquo;a pu couronner qu&rsquo;un seul vainqueur.<\/p>\n<p>L&rsquo;affrontement tant attendu a enfin eu lieu. Ce que r\u00e9clamaient de nombreux fans de jeux t\u00e9l\u00e9vis\u00e9s s&rsquo;est d\u00e9roul\u00e9 ce samedi 12 juillet sur TF1. Dans un d\u00e9riv\u00e9 des <a href=\"https:\/\/www.programme-tv.net\/news\/tv\/92511-qui-sont-les-dix-plus-grands-gagnants-des-12-coups-de-midi-sur-tf1\/\" data-api-deeplink=\"teleloisirs:\/\/news\/92511\" target=\"_blank\" rel=\"noopener\">12 coups de midi<\/a>, appel\u00e9 Le Combat des Ma\u00eetres, le plus grand champion de l&rsquo;histoire tous jeux confondus en France, \u00c9milien, \u00e9tait oppos\u00e9 \u00e0 la l\u00e9gende de l&rsquo;\u00e9mission de TF1, <a href=\"https:\/\/www.programme-tv.net\/news\/tv\/382373-ca-m-aurait-retire-mon-seul-fait-de-gloire-xavier-les-12-coups-de-midi-explique-ce-qu-il-redoutait-concernant-l-elimination-d-emilien\/\" data-api-deeplink=\"teleloisirs:\/\/news\/382373\" target=\"_blank\" rel=\"noopener\">celui qui n&rsquo;a jamais perdu son titre<\/a>, Xavier. Sous la direction de Jean-Luc Reichmann, les deux hommes avaient pour but de mener chacun leur \u00e9quipe \u00e0 la victoire finale. Dans une joute de culture g\u00e9n\u00e9rale, les candidats ont offert une soir\u00e9e pleine d&rsquo;humour et de camaraderie.<\/p>\n<p>Xavier et \u00c9milien se sont affront\u00e9s dans une finale pleine de rebondissements dans Le Combat des ma\u00eetres<\/p>\n<p>Dans ce combat, <a href=\"https:\/\/www.programme-tv.net\/news\/tv\/380656-on-va-enfin-savoir-qui-de-xavier-ou-emilien-les-12-coups-de-midi-est-le-plus-fort-jean-luc-reichmann-revele-quils-vont-bientot-saffronter-sur-tf1\/\" data-api-deeplink=\"teleloisirs:\/\/news\/380656\" target=\"_blank\" rel=\"noopener\">chaque champion dirigeait sa propre \u00e9quipe<\/a>. \u00c9milien jouait aux c\u00f4t\u00e9s de l&rsquo;humoriste et ventriloque <a href=\"https:\/\/www.programme-tv.net\/biographie\/182555-panacloc-jeff\/\" data-link-people=\"847ce349-bac9-43dc-8f73-061f0f7291da\" target=\"_blank\" rel=\"noopener\">Jeff Panacloc<\/a> accompagn\u00e9 de son acolyte Jean-Marc, de la chanteuse et r\u00e9cente participante de Danse avec les stars <a href=\"https:\/\/www.programme-tv.net\/biographie\/9997-zenatti-julie\/\" data-link-people=\"14f5519b-e68c-4b8e-bef8-aa099db17341\" target=\"_blank\" rel=\"noopener\">Julie Zenatti<\/a> et enfin de l&rsquo;animatrice <a href=\"https:\/\/www.programme-tv.net\/biographie\/352429-grangerac-anais\/\" data-link-people=\"e889a8ab-4dfb-4a41-9e2d-9685f520c502\" target=\"_blank\" rel=\"noopener\">Ana\u00efs Grangerac<\/a>. De son c\u00f4t\u00e9, Xavier \u00e9tait associ\u00e9 \u00e0 l&rsquo;humoriste Az, la chanteuse <a href=\"https:\/\/www.programme-tv.net\/biographie\/46035-bent-amel\/\" data-link-people=\"b7eb1b90-651e-4c0c-b591-4e98a32341a0\" target=\"_blank\" rel=\"noopener\">Amel Bent<\/a> et le finaliste de la Star Academy 2023, Julien Lieb. Si les premi\u00e8res manches se font en \u00e9quipe, la derni\u00e8re opposait uniquement les deux mastodontes des 12 coups de midi. Pour la premi\u00e8re fois, \u00c9milien et Xavier s&rsquo;affrontaient en face \u00e0 face. Cette manche finale n&rsquo;\u00e9tait pas un \u00ab\u00a0Coup Fatal\u00a0\u00bb mais un quiz dans lequel il fallait buzzer en premier pour donner la r\u00e9ponse. Et \u00e0 ce jeu-l\u00e0, les deux anciens champions n&rsquo;ont pas d\u00e9\u00e7u les t\u00e9l\u00e9spectateurs. \u00ab\u00a0<b>Je pense qu&rsquo;on a \u00e9crit \u00e0 tous les deux un sc\u00e9nario que personne n&rsquo;aurait imagin\u00e9 dans ses r\u00eaves<\/b>\u00ab\u00a0, a confi\u00e9 Xavier \u00e0 T\u00e9l\u00e9-Loisirs.<\/p>\n<p>                        \u00ab\u00a0C&rsquo;\u00e9tait intense\u00a0\u00bb : le gagnant du Combat des Ma\u00eetres, \u00c9milien vs Xavier livre son ressenti apr\u00e8s sa victoire sur TF1<\/p>\n<p>\u00ab\u00a0C&rsquo;\u00e9tait int\u00e9ressant \u00e0 faire, parce que chacun a eu son moment. Il y a eu des d\u00e9montadas et des remontadas. C&rsquo;\u00e9tait intense\u00a0\u00bb, raconte Xavier, vainqueur de ce duel au sommet. Il s&rsquo;\u00e9tend plus sur l&rsquo;honneur que lui a procur\u00e9 de battre le plus grand champion t\u00e9l\u00e9visuel fran\u00e7ais : \u00ab\u00a0Battre \u00c9milien, c&rsquo;est plut\u00f4t satisfaisant, parce que c&rsquo;est un adversaire que je respecte \u00e9norm\u00e9ment.<b> C&rsquo;est un immense champion et en plus c&rsquo;est vraiment un mec bien<\/b>.\u00a0\u00bb Une grande ligne ajout\u00e9e au palmar\u00e8s de Xavier.<\/p>\n","protected":false},"excerpt":{"rendered":"Un duel au sommet a eu lieu ce samedi 12 juillet 2025 sur les antennes de TF1. Pour&hellip;\n","protected":false},"author":2,"featured_media":245882,"comment_status":"","ping_status":"","sticky":false,"template":"","format":"standard","meta":{"footnotes":""},"categories":[1356],"tags":[244,58,8049,59,1011,27,2173,465,38552,8050,252,1364,29527,1630],"class_list":{"0":"post-245881","1":"post","2":"type-post","3":"status-publish","4":"format-standard","5":"has-post-thumbnail","7":"category-television","8":"tag-commentaire","9":"tag-divertissement","10":"tag-emilien-les-12-coups-de-midi","11":"tag-entertainment","12":"tag-fr","13":"tag-france","14":"tag-interview","15":"tag-jean-luc-reichmann","16":"tag-les-douze-coups-le-combat-des-mau00eetres","17":"tag-les-douze-coups-de-midi","18":"tag-television","19":"tag-tv","20":"tag-xavier-les-12-coups-de-midi","21":"tag-zapping"},"share_on_mastodon":{"url":"https:\/\/pubeurope.com\/@fr\/114842641787721235","error":""},"_links":{"self":[{"href":"https:\/\/www.europesays.com\/fr\/wp-json\/wp\/v2\/posts\/245881","targetHints":{"allow":["GET"]}}],"collection":[{"href":"https:\/\/www.europesays.com\/fr\/wp-json\/wp\/v2\/posts"}],"about":[{"href":"https:\/\/www.europesays.com\/fr\/wp-json\/wp\/v2\/types\/post"}],"author":[{"embeddable":true,"href":"https:\/\/www.europesays.com\/fr\/wp-json\/wp\/v2\/users\/2"}],"replies":[{"embeddable":true,"href":"https:\/\/www.europesays.com\/fr\/wp-json\/wp\/v2\/comments?post=245881"}],"version-history":[{"count":0,"href":"https:\/\/www.europesays.com\/fr\/wp-json\/wp\/v2\/posts\/245881\/revisions"}],"wp:featuredmedia":[{"embeddable":true,"href":"https:\/\/www.europesays.com\/fr\/wp-json\/wp\/v2\/media\/245882"}],"wp:attachment":[{"href":"https:\/\/www.europesays.com\/fr\/wp-json\/wp\/v2\/media?parent=245881"}],"wp:term":[{"taxonomy":"category","embeddable":true,"href":"https:\/\/www.europesays.com\/fr\/wp-json\/wp\/v2\/categories?post=245881"},{"taxonomy":"post_tag","embeddable":true,"href":"https:\/\/www.europesays.com\/fr\/wp-json\/wp\/v2\/tags?post=245881"}],"curies":[{"name":"wp","href":"https:\/\/api.w.org\/{rel}","templated":true}]}}