{"id":245887,"date":"2025-07-12T22:35:10","date_gmt":"2025-07-12T22:35:10","guid":{"rendered":"https:\/\/www.europesays.com\/fr\/245887\/"},"modified":"2025-07-12T22:35:10","modified_gmt":"2025-07-12T22:35:10","slug":"la-vaccination-durgence-reduit-le-nombre-de-deces-de-60","status":"publish","type":"post","link":"https:\/\/www.europesays.com\/fr\/245887\/","title":{"rendered":"la vaccination d&rsquo;urgence r\u00e9duit le nombre de d\u00e9c\u00e8s de 60%"},"content":{"rendered":"<p>                             Par Le Figaro avec AFP<\/p>\n<p>                Le 12 juillet 2025 \u00e0 14h19<\/p>\n<p>    L\u2019\u00e9tude a examin\u00e9 210 \u00e9pid\u00e9mies de cinq maladies infectieuses (chol\u00e9ra, Ebola, rougeole, m\u00e9ningite et fi\u00e8vre jaune) dans 49 pays \u00e0 faible revenu.<br \/>\n                Prostock-studio &#8211; stock.adobe.co<\/p>\n<p>Selon une \u00e9tude, les efforts de vaccination d\u00e9ploy\u00e9s au cours des 210 \u00e9pid\u00e9mies ont g\u00e9n\u00e9r\u00e9 environ 27 milliards d\u2019euros de b\u00e9n\u00e9fices \u00e9conomiques, en \u00e9vitant des d\u00e9c\u00e8s et des handicaps.<\/p>\n<p class=\"fig-paragraph\">La\u00a0<a href=\"http:\/\/sante.lefigaro.fr\/social\/enfance-famille\/faut-il-vraiment-vacciner-tous-les-plus-de-65-ans-apres-le-zona-20250703\" data-fig-type=\"Article\" data-gtm-custom-categorie=\"navigation\" data-gtm-custom-action=\"crossclick\" data-gtm-custom-label=\"Contextuel\" data-gtm-event=\"customEventSPE\" data-fig-domain=\"SANTE\" target=\"_blank\" rel=\"noopener\">vaccination\u00a0<\/a>d&rsquo;urgence lors d&rsquo;\u00e9pid\u00e9mies de maladies comme le\u00a0<a href=\"http:\/\/www.lefigaro.fr\/flash-actu\/soudan-au-moins-70-morts-du-cholera-en-deux-jours-a-khartoum-20250529\" data-fig-type=\"NewsFlash\" data-gtm-custom-categorie=\"navigation\" data-gtm-custom-action=\"crossclick\" data-gtm-custom-label=\"Contextuel\" data-gtm-event=\"customEventSPE\" data-fig-domain=\"LEFIGARO\" target=\"_blank\" rel=\"noopener\">chol\u00e9ra<\/a>,\u00a0<a href=\"http:\/\/sante.lefigaro.fr\/social\/sante-publique\/en-republique-democratique-du-congo-le-spectre-de-la-dissemination-d-ebola-depuis-un-laboratoire-20250128\" data-fig-type=\"Article\" data-gtm-custom-categorie=\"navigation\" data-gtm-custom-action=\"crossclick\" data-gtm-custom-label=\"Contextuel\" data-gtm-event=\"customEventSPE\" data-fig-domain=\"SANTE\" target=\"_blank\" rel=\"noopener\">Ebola\u00a0<\/a>et la\u00a0<a href=\"http:\/\/sante.lefigaro.fr\/epidemie-de-rougeole-deux-morts-et-pres-de-700-cas-depuis-debut-2025-le-nord-particulierement-touche-20250623\" data-fig-type=\"NewsFlash\" data-gtm-custom-categorie=\"navigation\" data-gtm-custom-action=\"crossclick\" data-gtm-custom-label=\"Contextuel\" data-gtm-event=\"customEventSPE\" data-fig-domain=\"SANTE\" target=\"_blank\" rel=\"noopener\">rougeole\u00a0<\/a>a permis de r\u00e9duire de pr\u00e8s de 60% le nombre de d\u00e9c\u00e8s dus \u00e0 ces pathologies au cours des 25 derni\u00e8res ann\u00e9es, d\u00e9montre une nouvelle \u00e9tude.<\/p>\n<p class=\"fig-paragraph\">Un nombre similaire d&rsquo;infections a \u00e9t\u00e9 \u00e9vit\u00e9, et les b\u00e9n\u00e9fices \u00e9conomiques li\u00e9s \u00e0 la vaccination sont estim\u00e9s \u00e0 des milliards d&rsquo;euros, selon cette \u00e9tude publi\u00e9e cette semaine dans le British Medical Journal (BMJ) Global Health. L&rsquo;\u00e9tude est soutenue par\u00a0<a href=\"http:\/\/www.lefigaro.fr\/sciences\/les-etats-unis-lachent-gavi-l-alliance-mondiale-du-vaccin-qui-a-sauve-la-vie-de-millions-d-enfants-20250626\" data-fig-type=\"Article\" data-gtm-custom-categorie=\"navigation\" data-gtm-custom-action=\"crossclick\" data-gtm-custom-label=\"Contextuel\" data-gtm-event=\"customEventSPE\" data-fig-domain=\"LEFIGARO\" target=\"_blank\" rel=\"noopener\">Gavi<\/a>, l&rsquo;Alliance du vaccin, une organisation internationale qui, s&rsquo;appuyant sur des financements publics et priv\u00e9s, aide \u00e0 vacciner les enfants dans les pays les plus pauvres du monde.<\/p>\n<p>                                    <a class=\"fig-a11y-skip a11y-hidden\" href=\"#fig-a11y-skip-main-inarticle\"><br \/>\n        Passer la publicit\u00e9<br \/>\n    <\/a><\/p>\n<p>Une r\u00e9ponse \u00abrentable face au risque croissant d\u2019\u00e9pid\u00e9mies\u00bb<\/p>\n<p class=\"fig-paragraph\">L&rsquo;organisation a collabor\u00e9 avec des chercheurs du Burnet Institute, en Australie, pour produire ce premier aper\u00e7u au monde de l&rsquo;impact des efforts de vaccination d&rsquo;urgence sur la sant\u00e9 publique et la s\u00e9curit\u00e9 sanitaire mondiale. \u00abPour la premi\u00e8re fois, nous sommes en mesure de quantifier de mani\u00e8re exhaustive les avantages, en termes humains et \u00e9conomiques, du d\u00e9ploiement de vaccins contre les \u00e9pid\u00e9mies de certaines des maladies infectieuses les plus meurtri\u00e8res\u00bb, s&rsquo;est f\u00e9licit\u00e9 Sania Nishtar, la cheffe de Gavi, dans un communiqu\u00e9. \u00abCette \u00e9tude d\u00e9montre clairement le pouvoir des vaccins comme r\u00e9ponse rentable face au risque croissant d&rsquo;\u00e9pid\u00e9mies auquel le monde est confront\u00e9\u00bb, a-t-elle ajout\u00e9.<\/p>\n<p class=\"fig-paragraph\">L&rsquo;\u00e9tude a examin\u00e9 210 \u00e9pid\u00e9mies de cinq maladies infectieuses (chol\u00e9ra, Ebola, rougeole,\u00a0<a href=\"http:\/\/sante.lefigaro.fr\/medecine\/comment-un-vaccin-contre-la-meningite-protege-aussi-contre-la-gonorrhee-20250521\" data-fig-type=\"Article\" data-gtm-custom-categorie=\"navigation\" data-gtm-custom-action=\"crossclick\" data-gtm-custom-label=\"Contextuel\" data-gtm-event=\"customEventSPE\" data-fig-domain=\"SANTE\" target=\"_blank\" rel=\"noopener\">m\u00e9ningite\u00a0<\/a>et\u00a0<a href=\"http:\/\/www.lefigaro.fr\/voyages\/conseils\/vaccin-fievre-jaune-pour-voyager-attention-galere-surtout-si-vous-n-etes-pas-parisien-20241022\" data-fig-type=\"Article\" data-gtm-custom-categorie=\"navigation\" data-gtm-custom-action=\"crossclick\" data-gtm-custom-label=\"Contextuel\" data-gtm-event=\"customEventSPE\" data-fig-domain=\"LEFIGARO\" target=\"_blank\" rel=\"noopener\">fi\u00e8vre jaune<\/a>) dans 49 pays \u00e0 faible revenu entre 2000 et 2023. Elle montre que le d\u00e9ploiement des vaccins dans ces conditions a permis de r\u00e9duire le nombre d&rsquo;infections et de d\u00e9c\u00e8s de pr\u00e8s de 60% pour les cinq maladies.<\/p>\n<p>Le nombre de morts r\u00e9duit de 99% pour la fi\u00e8vre jaune<\/p>\n<p class=\"fig-paragraph\">Et l&rsquo;effet est encore plus spectaculaire pour certaines pathologies. La vaccination a permis de r\u00e9duire de 99% le nombre de morts lors des \u00e9pid\u00e9mies de fi\u00e8vre jaune et de 76% le nombre de d\u00e9c\u00e8s dus \u00e0 Ebola. Dans le m\u00eame temps, la vaccination d&rsquo;urgence a permis de r\u00e9duire consid\u00e9rablement le risque qu&rsquo;une \u00e9pid\u00e9mie ne s&rsquo;\u00e9tende.<\/p>\n<p class=\"fig-paragraph\">L&rsquo;\u00e9tude estime \u00e9galement que les efforts de vaccination d\u00e9ploy\u00e9s au cours des 210 \u00e9pid\u00e9mies ont g\u00e9n\u00e9r\u00e9 environ 27 milliards d&rsquo;euros de b\u00e9n\u00e9fices \u00e9conomiques, en \u00e9vitant des d\u00e9c\u00e8s et des handicaps. Ce montant est probablement sous-estim\u00e9, pointe le rapport, car il ne prend pas en compte les co\u00fbts de r\u00e9ponse aux \u00e9pid\u00e9mies, ni les impacts sociaux et macro-\u00e9conomiques des perturbations engendr\u00e9es par les grandes \u00e9pid\u00e9mies.<\/p>\n<p class=\"fig-paragraph\">Par exemple, on estime que l&rsquo;\u00e9pid\u00e9mie massive d&rsquo;Ebola qui a frapp\u00e9 l&rsquo;Afrique de l&rsquo;Ouest en 2014, avant l&rsquo;existence de vaccins valid\u00e9s, puis a vu des cas appara\u00eetre dans le monde entier, a co\u00fbt\u00e9 plus de 45 milliards d&rsquo;euros aux seuls pays d&rsquo;Afrique de l&rsquo;Ouest.<\/p>\n<p>                                    <a class=\"fig-a11y-skip a11y-hidden\" href=\"#fig-a11y-skip-main-inarticle_mtf\"><br \/>\n        Passer la publicit\u00e9<br \/>\n    <\/a><\/p>\n<p class=\"fig-paragraph\">Cette \u00e9tude intervient apr\u00e8s que l&rsquo;Organisation mondiale de la sant\u00e9 (OMS) a averti en avril que les \u00e9pid\u00e9mies de maladies \u00e9vitables par la vaccination, telles que la rougeole, la m\u00e9ningite et la fi\u00e8vre jaune, \u00e9taient en augmentation dans le monde entier en raison de la d\u00e9sinformation et de la r\u00e9duction de l&rsquo;aide internationale. Gavi s&rsquo;efforce de consolider de nouveaux financements face aux r\u00e9ductions de l&rsquo;aide internationale. Washington a annonc\u00e9 le mois dernier qu&rsquo;il cesserait de soutenir le groupe.<\/p>\n","protected":false},"excerpt":{"rendered":"Par Le Figaro avec AFP Le 12 juillet 2025 \u00e0 14h19 L\u2019\u00e9tude a examin\u00e9 210 \u00e9pid\u00e9mies de cinq&hellip;\n","protected":false},"author":2,"featured_media":245888,"comment_status":"","ping_status":"","sticky":false,"template":"","format":"standard","meta":{"footnotes":""},"categories":[10],"tags":[1011,27,72,38553,71,773],"class_list":{"0":"post-245887","1":"post","2":"type-post","3":"status-publish","4":"format-standard","5":"has-post-thumbnail","7":"category-sante","8":"tag-fr","9":"tag-france","10":"tag-health","11":"tag-la-vaccination","12":"tag-sante","13":"tag-vaccin"},"share_on_mastodon":{"url":"https:\/\/pubeurope.com\/@fr\/114842653387703380","error":""},"_links":{"self":[{"href":"https:\/\/www.europesays.com\/fr\/wp-json\/wp\/v2\/posts\/245887","targetHints":{"allow":["GET"]}}],"collection":[{"href":"https:\/\/www.europesays.com\/fr\/wp-json\/wp\/v2\/posts"}],"about":[{"href":"https:\/\/www.europesays.com\/fr\/wp-json\/wp\/v2\/types\/post"}],"author":[{"embeddable":true,"href":"https:\/\/www.europesays.com\/fr\/wp-json\/wp\/v2\/users\/2"}],"replies":[{"embeddable":true,"href":"https:\/\/www.europesays.com\/fr\/wp-json\/wp\/v2\/comments?post=245887"}],"version-history":[{"count":0,"href":"https:\/\/www.europesays.com\/fr\/wp-json\/wp\/v2\/posts\/245887\/revisions"}],"wp:featuredmedia":[{"embeddable":true,"href":"https:\/\/www.europesays.com\/fr\/wp-json\/wp\/v2\/media\/245888"}],"wp:attachment":[{"href":"https:\/\/www.europesays.com\/fr\/wp-json\/wp\/v2\/media?parent=245887"}],"wp:term":[{"taxonomy":"category","embeddable":true,"href":"https:\/\/www.europesays.com\/fr\/wp-json\/wp\/v2\/categories?post=245887"},{"taxonomy":"post_tag","embeddable":true,"href":"https:\/\/www.europesays.com\/fr\/wp-json\/wp\/v2\/tags?post=245887"}],"curies":[{"name":"wp","href":"https:\/\/api.w.org\/{rel}","templated":true}]}}