{"id":245891,"date":"2025-07-12T22:37:10","date_gmt":"2025-07-12T22:37:10","guid":{"rendered":"https:\/\/www.europesays.com\/fr\/245891\/"},"modified":"2025-07-12T22:37:10","modified_gmt":"2025-07-12T22:37:10","slug":"claude-lelouch-destabilise-dans-les-rencontres-du-papotin-sur-france-2","status":"publish","type":"post","link":"https:\/\/www.europesays.com\/fr\/245891\/","title":{"rendered":"Claude Lelouch d\u00e9stabilis\u00e9 dans \u00abLes rencontres du Papotin\u00bb sur France 2"},"content":{"rendered":"<p>    Claude Lelouch d\u00e9stabilis\u00e9 dans \u00abLes rencontres du Papotin\u00bb.<br \/>\n                Capture \u00e9cran France 2.<\/p>\n<p>Le r\u00e9alisateur est revenu sur la relation qu\u2019il entretient avec ses sept enfants devant les journalistes porteurs de troubles autistiques.<\/p>\n<p class=\"fig-paragraph\">\u00abMais c\u2019est une belle question\u00bb, reconna\u00eet\u00a0<a href=\"http:\/\/tvmag.lefigaro.fr\/programme-tv\/actu-tele\/je-demande-pardon-le-mea-culpa-de-claude-lelouch-apres-ses-propos-polemiques-chez-pascal-praud-20241115\" target=\"_blank\" data-fig-type=\"Article\" rel=\"noopener\" data-gtm-custom-categorie=\"navigation\" data-gtm-custom-action=\"crossclick\" data-gtm-custom-label=\"Contextuel\" data-gtm-event=\"customEventSPE\" data-fig-domain=\"TVMAG\">Claude Lelouch<\/a>\u00a0ce samedi 12 juillet. Le r\u00e9alisateur s\u2019est pr\u00eat\u00e9 \u00e0 l\u2019exercice atypique des\u00a0<a href=\"http:\/\/tvmag.lefigaro.fr\/programme-tv\/ce-soir-tele\/dans-les-coulisses-des-rencontres-du-papotin-avec-charlotte-gainsbourg-20250405\" target=\"_blank\" data-fig-type=\"Article\" rel=\"noopener\" data-gtm-custom-categorie=\"navigation\" data-gtm-custom-action=\"crossclick\" data-gtm-custom-label=\"Contextuel\" data-gtm-event=\"customEventSPE\" data-fig-domain=\"TVMAG\">\u00abRencontres du Papotin\u00bb<\/a>, connues pour la franchise sans filtre de ses journalistes.<\/p>\n<p class=\"fig-paragraph\">Quelques minutes plus t\u00f4t, Claude Lelouch a compar\u00e9 ses films, comme Un homme et une femme (1966), L\u2019Aventure, c\u2019est l\u2019aventure (1972) ou encore Itin\u00e9raire d\u2019un enfant g\u00e2t\u00e9 (1988) avec le regrett\u00e9 Jean-Paul Belmondo, \u00e0 ses enfants.<\/p>\n<p>                                    <a class=\"fig-a11y-skip a11y-hidden\" href=\"#fig-a11y-skip-main-inarticle\"><br \/>\n        Passer la publicit\u00e9<br \/>\n    <\/a><\/p>\n<p class=\"fig-paragraph\">Une analogie soulign\u00e9e par Julien, l\u2019un des intervenants\u00a0: \u00abDans votre vie, vous diriez que vous vous \u00eates plus occup\u00e9 de vos enfants m\u00e9taphoriques ou de vos v\u00e9ritables enfants\u00a0?\u00bb. En effet, Claude Lelouch est le p\u00e8re de sept enfants. Simon, Salom\u00e9, Sarah\u2026 L\u2019anecdote amusante est que chacun de leurs pr\u00e9noms, m\u00eame s\u2019ils sont issus d\u2019unions diff\u00e9rentes, commence par la lettre S.<\/p>\n<blockquote class=\"fig-quote&#10;    \">\n<p class=\"fig-quote__text\">Je me suis peut-\u00eatre un peu trop occup\u00e9 de mes films et pas assez de mes enfants.<\/p>\n<p>            Claude Lelouch dans \u00abLes rencontres du Papotin\u00bb\n    <\/p><\/blockquote>\n<p class=\"fig-paragraph\">\u00abC\u2019est une question cruelle\u00bb, estime le cin\u00e9aste dans un premier temps avant de jouer la carte de l\u2019honn\u00eatet\u00e9\u00a0: \u00abc\u2019est vrai que je me suis peut-\u00eatre un peu trop occup\u00e9 de mes films et pas assez de mes enfants\u00bb.<\/p>\n<p class=\"fig-paragraph\">L\u00e0 encore, Claude Lelouch appelle le 7e Art \u00e0 la rescousse. \u00abJ\u2019ai fait un film qui s\u2019appelle Salaud, on t\u2019aime (avec Johnny Hallyday) pour demander presque pardon \u00e0 mes enfants d\u2019avoir consacr\u00e9 plus de temps au cin\u00e9ma qu\u2019\u00e0 eux\u00bb, explique-t-il.<\/p>\n<p class=\"fig-paragraph\">\u00abMais \u00e0 chaque fois qu\u2019ils ont eu besoin de moi, j\u2019ai \u00e9t\u00e9 l\u00e0. Pour mes enfants, je suis le Samu, je suis le 15. \u00c0 chaque fois qu\u2019il y a un probl\u00e8me, ils peuvent compter sur moi. Et c\u2019est vrai qu\u2019\u00e0 l\u2019\u00e2ge que j\u2019ai, je tourne un petit moins qu\u2019avant donc je peux m\u2019occuper d\u2019eux un petit peu plus\u00bb, conclut le r\u00e9alisateur de 87 ans.<\/p>\n","protected":false},"excerpt":{"rendered":"Claude Lelouch d\u00e9stabilis\u00e9 dans \u00abLes rencontres du Papotin\u00bb. Capture \u00e9cran France 2. Le r\u00e9alisateur est revenu sur la&hellip;\n","protected":false},"author":2,"featured_media":245892,"comment_status":"","ping_status":"","sticky":false,"template":"","format":"standard","meta":{"footnotes":""},"categories":[8],"tags":[6943,58,59,1011,27],"class_list":{"0":"post-245891","1":"post","2":"type-post","3":"status-publish","4":"format-standard","5":"has-post-thumbnail","7":"category-divertissement","8":"tag-claude-lelouch","9":"tag-divertissement","10":"tag-entertainment","11":"tag-fr","12":"tag-france"},"share_on_mastodon":{"url":"https:\/\/pubeurope.com\/@fr\/114842661516559795","error":""},"_links":{"self":[{"href":"https:\/\/www.europesays.com\/fr\/wp-json\/wp\/v2\/posts\/245891","targetHints":{"allow":["GET"]}}],"collection":[{"href":"https:\/\/www.europesays.com\/fr\/wp-json\/wp\/v2\/posts"}],"about":[{"href":"https:\/\/www.europesays.com\/fr\/wp-json\/wp\/v2\/types\/post"}],"author":[{"embeddable":true,"href":"https:\/\/www.europesays.com\/fr\/wp-json\/wp\/v2\/users\/2"}],"replies":[{"embeddable":true,"href":"https:\/\/www.europesays.com\/fr\/wp-json\/wp\/v2\/comments?post=245891"}],"version-history":[{"count":0,"href":"https:\/\/www.europesays.com\/fr\/wp-json\/wp\/v2\/posts\/245891\/revisions"}],"wp:featuredmedia":[{"embeddable":true,"href":"https:\/\/www.europesays.com\/fr\/wp-json\/wp\/v2\/media\/245892"}],"wp:attachment":[{"href":"https:\/\/www.europesays.com\/fr\/wp-json\/wp\/v2\/media?parent=245891"}],"wp:term":[{"taxonomy":"category","embeddable":true,"href":"https:\/\/www.europesays.com\/fr\/wp-json\/wp\/v2\/categories?post=245891"},{"taxonomy":"post_tag","embeddable":true,"href":"https:\/\/www.europesays.com\/fr\/wp-json\/wp\/v2\/tags?post=245891"}],"curies":[{"name":"wp","href":"https:\/\/api.w.org\/{rel}","templated":true}]}}