{"id":245893,"date":"2025-07-12T22:38:15","date_gmt":"2025-07-12T22:38:15","guid":{"rendered":"https:\/\/www.europesays.com\/fr\/245893\/"},"modified":"2025-07-12T22:38:15","modified_gmt":"2025-07-12T22:38:15","slug":"la-revelation-qui-divise-les-scientifiques","status":"publish","type":"post","link":"https:\/\/www.europesays.com\/fr\/245893\/","title":{"rendered":"la r\u00e9v\u00e9lation qui divise les scientifiques"},"content":{"rendered":"<p><img fetchpriority=\"high\" decoding=\"async\" width=\"1024\" height=\"559\" src=\"https:\/\/www.europesays.com\/fr\/wp-content\/uploads\/2025\/07\/galaxie-voie-lactee-1024x559.webp.webp\" alt=\"Illustration artistique montrant la Voie lact\u00e9e entour\u00e9e de mati\u00e8re clairsem\u00e9e dans l\u2019espace, avec un halo lumineux central et un fond \u00e9toil\u00e9\" class=\"wp-image-982714\"  \/>La Voie lact\u00e9e dans le vide ? Une illustration de notre galaxie plong\u00e9e dans une r\u00e9gion sous-dense de l\u2019Univers.<\/p>\n<p><strong>Et si notre <a href=\"https:\/\/dailygeekshow.com\/10-millions-de-galaxies-revelees-un-coup-telescope-pulverise-frontiere-espace\/\" rel=\"nofollow noopener\" target=\"_blank\">galaxie<\/a> flottait dans une immense bulle de vide cosmique ?<\/strong> Une r\u00e9gion gigantesque, deux milliards d\u2019ann\u00e9es-lumi\u00e8re de diam\u00e8tre, quasiment vide. Une \u00e9quipe de chercheurs britanniques avance cette id\u00e9e \u00e9tonnante pour expliquer la fameuse tension de Hubble. Il s\u2019agit d\u2019un d\u00e9saccord persistant entre ce que l\u2019on observe aujourd\u2019hui\u2026 et ce que la th\u00e9orie pr\u00e9dit.<\/p>\n<p>Depuis plusieurs ann\u00e9es, les scientifiques tentent de mesurer la vitesse \u00e0 laquelle l\u2019<a href=\"https:\/\/dailygeekshow.com\/cette-decouverte-sur-lenergie-noire-qui-bouleverse-notre-vision-de-lunivers\/\" rel=\"nofollow noopener\" target=\"_blank\">Univers<\/a> s\u2019\u00e9tend. Pourtant, selon la m\u00e9thode utilis\u00e9e, les r\u00e9sultats ne co\u00efncident pas. Ce d\u00e9calage trouble les cosmologistes. Mais selon cette nouvelle hypoth\u00e8se, il pourrait s\u2019expliquer plus simplement qu\u2019on ne l\u2019imaginait.<\/p>\n<p>Lire aussi <a href=\"https:\/\/dailygeekshow.com\/phenomene-lunaire-rarissime-un-evenement-observe-tous-les-5-000-ans-pourrait-secouer-notre-ciel\/\" rel=\"nofollow noopener\" target=\"_blank\">Ph\u00e9nom\u00e8ne lunaire rarissime : un \u00e9v\u00e9nement observ\u00e9 tous les 5 000 ans pourrait secouer notre ciel<\/a><\/p>\n<p>Un gigantesque vide autour de la Voie lact\u00e9e pourrait expliquer pourquoi l\u2019Univers semble s\u2019\u00e9tendre plus vite pr\u00e8s de nous<\/p>\n<p><img loading=\"lazy\" decoding=\"async\" width=\"1024\" height=\"576\" src=\"https:\/\/www.europesays.com\/fr\/wp-content\/uploads\/2025\/07\/une-voie-lactee-1024x576.jpg\" alt=\"Illustration artistique r\u00e9aliste de la Voie lact\u00e9e vue de l\u2019ext\u00e9rieur, inspir\u00e9e des donn\u00e9es astronomiques de la NASA.\" class=\"wp-image-945898\"  \/>Une vue bas\u00e9e sur les donn\u00e9es de la NASA \u2013 Source Pablo Carlos Budassi \/ Wikimedia Commons<\/p>\n<p>D\u2019apr\u00e8s le chercheur <strong>Indranil Banik<\/strong>, notre galaxie ne se trouverait pas dans une zone \u201cbanale\u201d de l\u2019Univers. Au contraire, elle serait nich\u00e9e au centre d\u2019un immense <strong>vide<\/strong>, baptis\u00e9 <strong>KBC Void<\/strong>. Cette r\u00e9gion, d\u2019un diam\u00e8tre de deux milliards d\u2019ann\u00e9es-lumi\u00e8re, serait <strong>environ 20\u202f% moins dense que la moyenne<\/strong>.<\/p>\n<p>Dans ce type de configuration, la mati\u00e8re environnante est attir\u00e9e vers l\u2019ext\u00e9rieur. Ce ph\u00e9nom\u00e8ne provoque une expansion locale plus rapide. D\u00e8s lors, <strong>nous pourrions croire que l\u2019Univers acc\u00e9l\u00e8re<\/strong>, alors que ce n\u2019est qu\u2019une illusion li\u00e9e \u00e0 notre emplacement particulier.<\/p>\n<p>Par cons\u00e9quent, cette id\u00e9e expliquerait pourquoi les deux m\u00e9thodes de mesure de l\u2019expansion donnent des r\u00e9sultats divergents. Non parce que l\u2019une est fausse, mais parce que <strong>nous mesurons depuis un coin de l\u2019Univers peu repr\u00e9sentatif<\/strong>.<\/p>\n<p>Lire aussi <a href=\"https:\/\/dailygeekshow.com\/decouverte-alarmante-un-reservoir-deau-colossal-menace-lequilibre-de-lunivers-140-000-milliards-de-fois-plus-que-la-terre\/\" rel=\"nofollow noopener\" target=\"_blank\">D\u00e9couverte alarmante : un r\u00e9servoir d\u2019eau colossal menace l\u2019\u00e9quilibre de l\u2019Univers, 140 000 milliards de fois plus que la Terre<\/a><\/p>\n<p>Des ondes fossiles du Big Bang confirment que notre r\u00e9gion est moins dense que la moyenne<\/p>\n<p><img loading=\"lazy\" decoding=\"async\" width=\"1024\" height=\"683\" src=\"https:\/\/www.europesays.com\/fr\/wp-content\/uploads\/2025\/05\/le-big-bang-remis-en-cause-par-un-scientifique-1024x683.webp.webp\" alt=\"Illustration artistique d\u2019une explosion lumineuse symbolisant le Big Bang dans l\u2019espace, avec des filaments de mati\u00e8re rouge et bleue s\u2019\u00e9tendant dans l\u2019obscurit\u00e9\" class=\"wp-image-973525\"  \/>Le Big Bang en image \u2014 Une vision artistique de l\u2019instant o\u00f9 tout aurait commenc\u00e9. <\/p>\n<p>Pour tester cette id\u00e9e, les chercheurs se sont appuy\u00e9s sur un outil aussi fascinant que pr\u00e9cis : les <strong>oscillations acoustiques baryoniques<\/strong>. Ces \u201condes sonores\u201d du <a href=\"https:\/\/dailygeekshow.com\/et-si-le-big-bang-navait-jamais-eu-lieu-une-theorie-de-ce-scientifique-renverse-nos-idees-sur-lorigine-de-lunivers\/\" rel=\"nofollow noopener\" target=\"_blank\">Big Bang<\/a> sont rest\u00e9es fig\u00e9es dans la mati\u00e8re d\u00e8s les premiers instants de l\u2019Univers. Aujourd\u2019hui encore, elles influencent la r\u00e9partition des galaxies.<\/p>\n<p>En analysant <strong>20 ans de donn\u00e9es<\/strong> issues de ces oscillations, l\u2019\u00e9quipe de Portsmouth est parvenue \u00e0 une conclusion \u00e9tonnante : il est <strong>100 fois plus probable que nous vivions dans une r\u00e9gion sous-dense<\/strong> que dans une zone uniforme. Autrement dit, <strong>notre perception cosmique est tr\u00e8s probablement biais\u00e9e<\/strong>.<\/p>\n<p>De plus, ces r\u00e9sultats s\u2019ajoutent \u00e0 une autre anomalie connue depuis les ann\u00e9es 1990 : <strong>notre r\u00e9gion contient moins de galaxies<\/strong> que pr\u00e9vu. Ce d\u00e9ficit est observable. Il n\u2019est pas seulement th\u00e9orique.<\/p>\n<p>Lire aussi <a href=\"https:\/\/dailygeekshow.com\/jeff-bezos-satellite\/\" rel=\"nofollow noopener\" target=\"_blank\">Un satellite de Jeff Bezos \u00e0 100 millions de dollars s\u2019est perdu dans l\u2019espace<\/a><\/p>\n<p>Cependant, certains scientifiques restent sceptiques. Pour eux, des objets invisibles \u2014 comme la mati\u00e8re noire ou les neutrinos \u2014 pourraient se dissimuler dans cette zone et fausser les mesures. D\u2019autres rappellent que <strong>le mod\u00e8le standard repose sur une distribution homog\u00e8ne de la mati\u00e8re<\/strong>, ce que cette hypoth\u00e8se remet clairement en cause.<\/p>\n<p>Cette hypoth\u00e8se pourrait bouleverser notre place dans le cosmos et forcer les scientifiques \u00e0 revoir leur mod\u00e8le<\/p>\n<p>Depuis toujours, la science moderne nous enseigne l\u2019humilit\u00e9 : <strong>nous ne sommes pas au centre de l\u2019Univers<\/strong>. Mais cette th\u00e9orie du vide cosmique renverse cette perspective. Et si, cette fois, <strong>notre position \u00e9tait r\u00e9ellement exceptionnelle<\/strong> ?<\/p>\n<p>En effet, vivre dans une bulle aussi vaste pourrait fausser l\u2019ensemble de nos mesures : l\u2019expansion, la densit\u00e9, voire l\u2019\u00e2ge de l\u2019Univers. Ce n\u2019est pas rien. Cela signifierait que <strong>ce que l\u2019on prend pour une v\u00e9rit\u00e9 universelle serait peut-\u00eatre une simple illusion locale<\/strong>.<\/p>\n<p>Lire aussi <a href=\"https:\/\/dailygeekshow.com\/changement-de-cible-pour-lasteroide-la-nasa-surveille-un-point-inattendu-du-systeme-solaire\/\" rel=\"nofollow noopener\" target=\"_blank\">Changement de cible pour l\u2019ast\u00e9ro\u00efde : la NASA surveille un point inattendu du Syst\u00e8me solaire<\/a><\/p>\n<p>Pour aller plus loin, les chercheurs veulent confronter leur mod\u00e8le \u00e0 d\u2019autres hypoth\u00e8ses. Ils pr\u00e9voient d\u2019utiliser <strong>des chronom\u00e8tres <a href=\"https:\/\/dailygeekshow.com\/ce-que-les-astronomes-croyaient-etre-un-trou-noir-seffondre-un-nouvel-objet-cosmique-remet-le-modele-en-question\/\" rel=\"nofollow noopener\" target=\"_blank\">cosmiques<\/a><\/strong>, des <strong>cartographies de flux gravitationnels<\/strong> et des <strong>simulations de l\u2019\u00e9volution de la mati\u00e8re<\/strong>. Ainsi, ils esp\u00e8rent d\u00e9terminer si cette bulle est bien r\u00e9elle, ou si un autre ph\u00e9nom\u00e8ne pourrait mieux expliquer les \u00e9carts observ\u00e9s.<\/p>\n<p>Si cette hypoth\u00e8se est confirm\u00e9e, alors <strong>la cosmologie devra s\u2019adapter<\/strong>. Elle devra int\u00e9grer cette id\u00e9e d\u2019un Univers in\u00e9gal, variable, localement perturb\u00e9. Ce serait un changement majeur.<\/p>\n<p>Et si notre Univers n\u2019\u00e9tait pas si homog\u00e8ne qu\u2019on ne l\u2019imaginait ?<\/p>\n<p>Cette hypoth\u00e8se, aussi vertigineuse soit-elle, souligne un principe fondamental : <strong>la science avance gr\u00e2ce au doute<\/strong>. Ce que nous croyons stable peut, en r\u00e9alit\u00e9, d\u00e9pendre de l\u2019endroit d\u2019o\u00f9 nous regardons.<\/p>\n<p>Lire aussi <a href=\"https:\/\/dailygeekshow.com\/climat-une-etoile-aurait-declenche-un-bouleversement-planetaire-il-y-a-56-millions-dannees-et-si-cela-pouvait-recommencer\/\" rel=\"nofollow noopener\" target=\"_blank\">Climat : une \u00e9toile aurait d\u00e9clench\u00e9 un bouleversement plan\u00e9taire il y a 56 millions d\u2019ann\u00e9es\u2026 et si cela pouvait recommencer ?<\/a><\/p>\n<p>Peut-\u00eatre que nous vivons dans un immense vide. Peut-\u00eatre que tout ce que nous observons est d\u00e9j\u00e0 partiellement d\u00e9form\u00e9. Mais ce vide n\u2019est pas un manque. <strong>C\u2019est un indice. Une possibilit\u00e9. Une ouverture.<\/strong><\/p>\n<p>Et s\u2019il nous aide \u00e0 comprendre enfin pourquoi l\u2019Univers ne se comporte pas comme pr\u00e9vu, alors <strong>ce vide pourrait bien devenir l\u2019une des plus grandes r\u00e9v\u00e9lations cosmologiques du si\u00e8cle<\/strong>.<\/p>\n","protected":false},"excerpt":{"rendered":"La Voie lact\u00e9e dans le vide ? Une illustration de notre galaxie plong\u00e9e dans une r\u00e9gion sous-dense de&hellip;\n","protected":false},"author":2,"featured_media":245894,"comment_status":"","ping_status":"","sticky":false,"template":"","format":"standard","meta":{"footnotes":""},"categories":[7],"tags":[1011,27,43,40,41,39,42,44],"class_list":{"0":"post-245893","1":"post","2":"type-post","3":"status-publish","4":"format-standard","5":"has-post-thumbnail","7":"category-sciences-et-technologies","8":"tag-fr","9":"tag-france","10":"tag-science","11":"tag-science-and-technology","12":"tag-sciences","13":"tag-sciences-et-technologies","14":"tag-technologies","15":"tag-technology"},"share_on_mastodon":{"url":"https:\/\/pubeurope.com\/@fr\/114842665348007781","error":""},"_links":{"self":[{"href":"https:\/\/www.europesays.com\/fr\/wp-json\/wp\/v2\/posts\/245893","targetHints":{"allow":["GET"]}}],"collection":[{"href":"https:\/\/www.europesays.com\/fr\/wp-json\/wp\/v2\/posts"}],"about":[{"href":"https:\/\/www.europesays.com\/fr\/wp-json\/wp\/v2\/types\/post"}],"author":[{"embeddable":true,"href":"https:\/\/www.europesays.com\/fr\/wp-json\/wp\/v2\/users\/2"}],"replies":[{"embeddable":true,"href":"https:\/\/www.europesays.com\/fr\/wp-json\/wp\/v2\/comments?post=245893"}],"version-history":[{"count":0,"href":"https:\/\/www.europesays.com\/fr\/wp-json\/wp\/v2\/posts\/245893\/revisions"}],"wp:featuredmedia":[{"embeddable":true,"href":"https:\/\/www.europesays.com\/fr\/wp-json\/wp\/v2\/media\/245894"}],"wp:attachment":[{"href":"https:\/\/www.europesays.com\/fr\/wp-json\/wp\/v2\/media?parent=245893"}],"wp:term":[{"taxonomy":"category","embeddable":true,"href":"https:\/\/www.europesays.com\/fr\/wp-json\/wp\/v2\/categories?post=245893"},{"taxonomy":"post_tag","embeddable":true,"href":"https:\/\/www.europesays.com\/fr\/wp-json\/wp\/v2\/tags?post=245893"}],"curies":[{"name":"wp","href":"https:\/\/api.w.org\/{rel}","templated":true}]}}