{"id":245899,"date":"2025-07-12T22:41:10","date_gmt":"2025-07-12T22:41:10","guid":{"rendered":"https:\/\/www.europesays.com\/fr\/245899\/"},"modified":"2025-07-12T22:41:10","modified_gmt":"2025-07-12T22:41:10","slug":"dans-le-finistere-plus-de-15-hectares-de-champs-detruits-par-des-incendies","status":"publish","type":"post","link":"https:\/\/www.europesays.com\/fr\/245899\/","title":{"rendered":"Dans le Finist\u00e8re, plus de 15 hectares de champs d\u00e9truits par des incendies"},"content":{"rendered":"<p>Au vu des conditions m\u00e9t\u00e9orologiques de ces derni\u00e8res semaines, il fallait malheureusement s\u2019y attendre. Ce samedi 12 juillet 2025, le nord et le centre du Finist\u00e8re ont \u00e9t\u00e9 touch\u00e9s par de nombreux feux de v\u00e9g\u00e9tation. Au total, 250\u00a0sapeurs-pompiers sont intervenus un peu partout dans le territoire. En d\u00e9but de soir\u00e9e, les incendies avaient d\u00e9j\u00e0 d\u00e9vast\u00e9 onze hectares. Et les interventions se poursuivaient puisque peu apr\u00e8s 19 h 30, un autre feu se d\u00e9clarait \u00e0 Bannalec, d\u00e9truisant au moins six hectares d\u2019un champ de c\u00e9r\u00e9ales.<\/p>\n<p>\u00c0 Telgruc, un hameau \u00e9vacu\u00e9<\/p>\n<p>Plus t\u00f4t dans l\u2019apr\u00e8s-midi, <a href=\"https:\/\/www.letelegramme.fr\/finistere\/taule-29670\/un-incendie-se-declare-dans-un-champ-a-taule-3-000-poules-sauvees-6854279.php\" target=\"_blank\" rel=\"noopener\">\u00e0 Taul\u00e9, deux hectares ont br\u00fbl\u00e9<\/a> dans un feu de r\u00e9coltes sur pied sur lequel 32 sapeurs-pompiers sont intervenus. Le sinistre n\u2019a pas fait de bless\u00e9 mais il a n\u00e9cessit\u00e9 l\u2019intervention de <a href=\"https:\/\/www.letelegramme.fr\/bretagne\/incendies-dans-le-finistere-bientot-des-cameras-pour-epauler-lhelicoptere-bombardier-deau-6594072.php\" target=\"_blank\" rel=\"noopener\">l\u2019h\u00e9licopt\u00e8re bombardier d&rsquo;eau Morane 29<\/a>, financ\u00e9 par le conseil d\u00e9partemental et l\u2019\u00c9tat.<\/p>\n<p>Il s\u2019est aussi rendu \u00e0 Scrignac, o\u00f9 <a href=\"https:\/\/www.letelegramme.fr\/finistere\/scrignac-29640\/a-scrignac-un-important-dispositif-deploye-apres-un-feu-6854329.php\" target=\"_blank\" rel=\"noopener\">50 sapeurs-pompiers \u00e9taient mobilis\u00e9s<\/a> pour un feu de cultures moissonn\u00e9es qui a ravag\u00e9 pr\u00e8s de quatre hectares. L\u00e0 non plus, aucun bless\u00e9, mais cinq personnes ont d\u00fb \u00eatre confin\u00e9es dans une maison \u00e0 la demande de la mairie.<\/p>\n<p>\u00c0 Saint-Thonan, un feu de broussailles sur 300 m\u00b2 a mobilis\u00e9 dix pompiers. \u00c0 Saint-Thurien, 1 000 m\u00b2 de broussailles ont pris feu. Dix-huit pompiers sont intervenus et une ligne de 20 000 volts a \u00e9t\u00e9 coup\u00e9e par Enedis, provoquant des perturbations dans les habitations alentour.<\/p>\n<p>\u00ab Une action efficace sur le terrain \u00bb<\/p>\n<p>Dans un communiqu\u00e9 cosign\u00e9, le pr\u00e9sident du D\u00e9partement, Ma\u00ebl de Calan, et le pr\u00e9fet du Finist\u00e8re, Louis Le Franc, pr\u00e9cisent que \u00ab le <a href=\"https:\/\/www.letelegramme.fr\/bretagne\/de-nouveaux-outils-pour-mieux-lutter-contre-les-feux-de-foret-dans-le-finistere-6625511.php\" target=\"_blank\" rel=\"noopener\">syst\u00e8me de t\u00e9l\u00e9d\u00e9tection des feux naissants<\/a>, qui permet une r\u00e9activit\u00e9 et une action pr\u00e9coce sur les d\u00e9parts de feux, conjugu\u00e9 \u00e0 l\u2019intervention de l\u2019h\u00e9licopt\u00e8re bombardier d&rsquo;eau et \u00e0 la mobilisation des sapeurs-pompiers, ont permis de ma\u00eetriser et de circonscrire ces foyers rapidement, \u00e9vitant ainsi des d\u00e9g\u00e2ts trop importants et des drames humains \u00bb.<\/p>\n<p>Les deux hommes insistent aussi sur le fait que \u00ab la prudence et la vigilance ne doivent pas \u00eatre rel\u00e2ch\u00e9es pour autant, tout particuli\u00e8rement au regard des pr\u00e9visions m\u00e9t\u00e9orologiques, avec des temp\u00e9ratures \u00e9lev\u00e9es, du vent soutenu et des taux d\u2019humidit\u00e9 faibles \u00bb. D\u2019ajouter : \u00ab La lutte contre les incendies est une priorit\u00e9 d\u00e9partementale : ces moyens mis \u00e0 disposition du Sdis 29 par l\u2019\u00c9tat et le D\u00e9partement ont montr\u00e9 aujourd\u2019hui toute leur efficacit\u00e9 \u00bb. Ils saluent aussi \u00ab la coordination de l\u2019ensemble des services de l\u2019\u00c9tat qui a permis de conduire une action efficace sur le terrain et l\u2019engagement de tous les sapeurs-pompiers pour leur engagement \u00bb. Enfin, Ma\u00ebl de Calan et Louis Le Franc assurent que \u00ab la pr\u00e9vention des feux est l\u2019affaire de chacun \u00bb, incitant \u00e0 \u00ab adopter les bons r\u00e9flexes pour prot\u00e9ger notre environnement \u00bb et \u00ab assurer la s\u00e9curit\u00e9 de tous \u00bb. En cas de d\u00e9part de feu, il convient d\u2019appeler le 18 ou le 112 imm\u00e9diatement.<\/p>\n","protected":false},"excerpt":{"rendered":"Au vu des conditions m\u00e9t\u00e9orologiques de ces derni\u00e8res semaines, il fallait malheureusement s\u2019y attendre. Ce samedi 12 juillet&hellip;\n","protected":false},"author":2,"featured_media":245900,"comment_status":"","ping_status":"","sticky":false,"template":"","format":"standard","meta":{"footnotes":""},"categories":[4],"tags":[11,829,765,436,118,3321,1011,27,5383,12,25],"class_list":{"0":"post-245899","1":"post","2":"type-post","3":"status-publish","4":"format-standard","5":"has-post-thumbnail","7":"category-france","8":"tag-actualites","9":"tag-bretagne","10":"tag-en-continu","11":"tag-environnement","12":"tag-faits-divers","13":"tag-finistere","14":"tag-fr","15":"tag-france","16":"tag-incendies","17":"tag-news","18":"tag-republique-francaise"},"share_on_mastodon":{"url":"https:\/\/pubeurope.com\/@fr\/114842676996507351","error":""},"_links":{"self":[{"href":"https:\/\/www.europesays.com\/fr\/wp-json\/wp\/v2\/posts\/245899","targetHints":{"allow":["GET"]}}],"collection":[{"href":"https:\/\/www.europesays.com\/fr\/wp-json\/wp\/v2\/posts"}],"about":[{"href":"https:\/\/www.europesays.com\/fr\/wp-json\/wp\/v2\/types\/post"}],"author":[{"embeddable":true,"href":"https:\/\/www.europesays.com\/fr\/wp-json\/wp\/v2\/users\/2"}],"replies":[{"embeddable":true,"href":"https:\/\/www.europesays.com\/fr\/wp-json\/wp\/v2\/comments?post=245899"}],"version-history":[{"count":0,"href":"https:\/\/www.europesays.com\/fr\/wp-json\/wp\/v2\/posts\/245899\/revisions"}],"wp:featuredmedia":[{"embeddable":true,"href":"https:\/\/www.europesays.com\/fr\/wp-json\/wp\/v2\/media\/245900"}],"wp:attachment":[{"href":"https:\/\/www.europesays.com\/fr\/wp-json\/wp\/v2\/media?parent=245899"}],"wp:term":[{"taxonomy":"category","embeddable":true,"href":"https:\/\/www.europesays.com\/fr\/wp-json\/wp\/v2\/categories?post=245899"},{"taxonomy":"post_tag","embeddable":true,"href":"https:\/\/www.europesays.com\/fr\/wp-json\/wp\/v2\/tags?post=245899"}],"curies":[{"name":"wp","href":"https:\/\/api.w.org\/{rel}","templated":true}]}}