{"id":245903,"date":"2025-07-12T22:43:42","date_gmt":"2025-07-12T22:43:42","guid":{"rendered":"https:\/\/www.europesays.com\/fr\/245903\/"},"modified":"2025-07-12T22:43:42","modified_gmt":"2025-07-12T22:43:42","slug":"une-renovation-econome-et-ecologique","status":"publish","type":"post","link":"https:\/\/www.europesays.com\/fr\/245903\/","title":{"rendered":"une r\u00e9novation \u00e9conome et \u00e9cologique"},"content":{"rendered":"<p>C\u2019est en pr\u00e9sence du pr\u00e9fet de la Loire, Alexandre Rochatte, des responsables des associations utilisatrices, des entreprises ayant contribu\u00e9 aux travaux et des diff\u00e9rents \u00e9lus que le maire d\u2019Unieux, Christophe Faverjon, a coup\u00e9 symboliquement le ruban inaugural de la toute nouvelle maison des associations sportives.<\/p>\n<p>\u00ab\u00a0C\u2019est bon pour le climat, et le budget communal\u00a0\u00bb<\/p>\n<p>Quelques minutes auparavant, il est revenu sur ce projet de r\u00e9novation qui aujourd\u2019hui est arriv\u00e9 \u00e0 son terme. \u00ab\u00a0La&#8230;<\/p>\n","protected":false},"excerpt":{"rendered":"C\u2019est en pr\u00e9sence du pr\u00e9fet de la Loire, Alexandre Rochatte, des responsables des associations utilisatrices, des entreprises ayant&hellip;\n","protected":false},"author":2,"featured_media":245904,"comment_status":"","ping_status":"","sticky":false,"template":"","format":"standard","meta":{"footnotes":""},"categories":[9653],"tags":[1111,11,2430,7539,1777,674,1011,27,12,25,4001,104,14024,14025,1631],"class_list":{"0":"post-245903","1":"post","2":"type-post","3":"status-publish","4":"format-standard","5":"has-post-thumbnail","7":"category-saint-etienne","8":"tag-actu","9":"tag-actualites","10":"tag-auvergne-rhone-alpes","11":"tag-edition-loire-sud","12":"tag-eu","13":"tag-europe","14":"tag-fr","15":"tag-france","16":"tag-news","17":"tag-republique-francaise","18":"tag-saint-etienne","19":"tag-societe","20":"tag-unieux","21":"tag-unieux-bassin","22":"tag-vie-associative"},"share_on_mastodon":{"url":"https:\/\/pubeurope.com\/@fr\/114842684828081735","error":""},"_links":{"self":[{"href":"https:\/\/www.europesays.com\/fr\/wp-json\/wp\/v2\/posts\/245903","targetHints":{"allow":["GET"]}}],"collection":[{"href":"https:\/\/www.europesays.com\/fr\/wp-json\/wp\/v2\/posts"}],"about":[{"href":"https:\/\/www.europesays.com\/fr\/wp-json\/wp\/v2\/types\/post"}],"author":[{"embeddable":true,"href":"https:\/\/www.europesays.com\/fr\/wp-json\/wp\/v2\/users\/2"}],"replies":[{"embeddable":true,"href":"https:\/\/www.europesays.com\/fr\/wp-json\/wp\/v2\/comments?post=245903"}],"version-history":[{"count":0,"href":"https:\/\/www.europesays.com\/fr\/wp-json\/wp\/v2\/posts\/245903\/revisions"}],"wp:featuredmedia":[{"embeddable":true,"href":"https:\/\/www.europesays.com\/fr\/wp-json\/wp\/v2\/media\/245904"}],"wp:attachment":[{"href":"https:\/\/www.europesays.com\/fr\/wp-json\/wp\/v2\/media?parent=245903"}],"wp:term":[{"taxonomy":"category","embeddable":true,"href":"https:\/\/www.europesays.com\/fr\/wp-json\/wp\/v2\/categories?post=245903"},{"taxonomy":"post_tag","embeddable":true,"href":"https:\/\/www.europesays.com\/fr\/wp-json\/wp\/v2\/tags?post=245903"}],"curies":[{"name":"wp","href":"https:\/\/api.w.org\/{rel}","templated":true}]}}