{"id":245905,"date":"2025-07-12T22:44:33","date_gmt":"2025-07-12T22:44:33","guid":{"rendered":"https:\/\/www.europesays.com\/fr\/245905\/"},"modified":"2025-07-12T22:44:33","modified_gmt":"2025-07-12T22:44:33","slug":"voici-ou-et-quand-ils-vont-frapper","status":"publish","type":"post","link":"https:\/\/www.europesays.com\/fr\/245905\/","title":{"rendered":"voici o\u00f9 et quand ils vont frapper"},"content":{"rendered":"<p>            Par<br \/>\n        <strong><br \/>\n            <a href=\"https:\/\/actu.fr\/auteur\/julien-sournies\" title=\"Consulter tous les articles de Julien Sournies\" rel=\"nofollow noopener\" target=\"_blank\">Julien Sournies<\/a><br \/>\n        <\/strong><\/p>\n<p>        Publi\u00e9 le<\/p>\n<p>            11 juil. 2025 \u00e0 17h30        <\/p>\n<p>La m\u00e9t\u00e9o pourrait bien s\u2019av\u00e9rer <strong>capricieuse<\/strong> au cours de ce week-end du 14\u00a0juillet dans la <a href=\"https:\/\/actu.fr\/auvergne-rhone-alpes\/loire_42\" rel=\"nofollow noopener\" target=\"_blank\">Loire<\/a>. Selon les derni\u00e8res pr\u00e9visions de <a href=\"https:\/\/actu.fr\/tag\/meteo-france\" rel=\"nofollow noopener\" target=\"_blank\">M\u00e9t\u00e9o-France<\/a>, des d\u00e9gradations orageuses sont attendues dans les prochains jours dans le d\u00e9partement lig\u00e9rien. Voici \u00e0 quoi s\u2019attendre.<\/p>\n<p>Des orages dans le sud de la Loire<\/p>\n<p class=\" wall-content\">Apr\u00e8s une semaine globalement ensoleill\u00e9e sur l\u2019ensemble du territoire, les cumulonimbus devraient en effet prendre forme dans le ciel \u00e0 partir de l\u2019apr\u00e8s-midi du samedi 12 juillet.<\/p>\n<p class=\" wall-content\">Selon M\u00e9t\u00e9o-France, ces derniers devraient plut\u00f4t \u00e9clater dans le <strong>sud du d\u00e9partement<\/strong>, en particulier sur les secteurs de Saint-Pierre-de-B\u0153uf, <a href=\"https:\/\/actu.fr\/saint-etienne\/\" rel=\"nofollow noopener\" target=\"_blank\">Saint-\u00c9tienne<\/a>, Saint-Bonnet-le-Ch\u00e2teau et du Bourg-Argental.<\/p>\n<p class=\" wall-content\">C\u00f4t\u00e9 temp\u00e9ratures, comptez jusqu\u2019\u00e0 <strong>33\u00b0C<\/strong> au maximum \u00e0 Saint-Pierre-de-Boeuf, Roanne et Tartaras. L\u2019\u00e9pisode orageux, quant \u00e0 lui, devrait se poursuivre durant une bonne partie de la soir\u00e9e.<\/p>\n<p>Un ph\u00e9nom\u00e8ne g\u00e9n\u00e9ralis\u00e9 dimanche<\/p>\n<p class=\" wall-content\">Le lendemain, dimanche 13\u00a0juillet, les orages devraient se <strong>g\u00e9n\u00e9raliser<\/strong> sur la totalit\u00e9 du territoire lig\u00e9rien. Les temp\u00e9ratures, elles, seront plus ou moins identiques \u00e0 celles affich\u00e9es la veille.<\/p>\n<p>Vid\u00e9os : en ce moment sur Actu<\/p>\n<p class=\" wall-content\">Si une accalmie est pr\u00e9vue en d\u00e9but de soir\u00e9e dimanche, les orages devraient se manifester \u00e0 nouveau ce lundi 14\u00a0juillet. Toujours d\u2019apr\u00e8s M\u00e9t\u00e9o-France, seuls les secteurs de Roanne, La Pacaudi\u00e8re et Charlieu devraient \u00eatre \u00e9pargn\u00e9s par la foudre.<\/p>\n<p class=\" wall-content\">L\u2019\u00e9pisode orageux devrait d\u00e9finitivement prendre fin en d\u00e9but de soir\u00e9e, avant de laisser la place \u00e0 quelques averses nuageuses ce mardi 15\u00a0juillet.<\/p>\n<p class=\" wall-content\">Suivez toute l\u2019actualit\u00e9 de vos villes et m\u00e9dias favoris en vous inscrivant \u00e0 <a href=\"https:\/\/moncompte.actu.fr\" title=\"D\u00e9couvez Mon Actu\" rel=\"nofollow noopener\" data-trk=\"{&quot;cta&quot;:{&quot;action&quot;:&quot;https:\\\/\\\/moncompte.actu.fr&quot;,&quot;category&quot;:&quot;mon compte&quot;,&quot;from&quot;:&quot;article footer&quot;,&quot;name&quot;:&quot;Mon actu&quot;,&quot;type&quot;:&quot;cta&quot;}}\" target=\"_blank\">Mon Actu<\/a>.<\/p>\n","protected":false},"excerpt":{"rendered":"Par Julien Sournies Publi\u00e9 le 11 juil. 2025 \u00e0 17h30 La m\u00e9t\u00e9o pourrait bien s\u2019av\u00e9rer capricieuse au cours&hellip;\n","protected":false},"author":2,"featured_media":245906,"comment_status":"","ping_status":"","sticky":false,"template":"","format":"standard","meta":{"footnotes":""},"categories":[9653],"tags":[1111,11,2430,1777,674,1011,27,2487,2357,12,4594,25,4001],"class_list":{"0":"post-245905","1":"post","2":"type-post","3":"status-publish","4":"format-standard","5":"has-post-thumbnail","7":"category-saint-etienne","8":"tag-actu","9":"tag-actualites","10":"tag-auvergne-rhone-alpes","11":"tag-eu","12":"tag-europe","13":"tag-fr","14":"tag-france","15":"tag-meteo","16":"tag-meteo-france","17":"tag-news","18":"tag-orages","19":"tag-republique-francaise","20":"tag-saint-etienne"},"share_on_mastodon":{"url":"https:\/\/pubeurope.com\/@fr\/114842688756581923","error":""},"_links":{"self":[{"href":"https:\/\/www.europesays.com\/fr\/wp-json\/wp\/v2\/posts\/245905","targetHints":{"allow":["GET"]}}],"collection":[{"href":"https:\/\/www.europesays.com\/fr\/wp-json\/wp\/v2\/posts"}],"about":[{"href":"https:\/\/www.europesays.com\/fr\/wp-json\/wp\/v2\/types\/post"}],"author":[{"embeddable":true,"href":"https:\/\/www.europesays.com\/fr\/wp-json\/wp\/v2\/users\/2"}],"replies":[{"embeddable":true,"href":"https:\/\/www.europesays.com\/fr\/wp-json\/wp\/v2\/comments?post=245905"}],"version-history":[{"count":0,"href":"https:\/\/www.europesays.com\/fr\/wp-json\/wp\/v2\/posts\/245905\/revisions"}],"wp:featuredmedia":[{"embeddable":true,"href":"https:\/\/www.europesays.com\/fr\/wp-json\/wp\/v2\/media\/245906"}],"wp:attachment":[{"href":"https:\/\/www.europesays.com\/fr\/wp-json\/wp\/v2\/media?parent=245905"}],"wp:term":[{"taxonomy":"category","embeddable":true,"href":"https:\/\/www.europesays.com\/fr\/wp-json\/wp\/v2\/categories?post=245905"},{"taxonomy":"post_tag","embeddable":true,"href":"https:\/\/www.europesays.com\/fr\/wp-json\/wp\/v2\/tags?post=245905"}],"curies":[{"name":"wp","href":"https:\/\/api.w.org\/{rel}","templated":true}]}}