{"id":245919,"date":"2025-07-12T23:00:15","date_gmt":"2025-07-12T23:00:15","guid":{"rendered":"https:\/\/www.europesays.com\/fr\/245919\/"},"modified":"2025-07-12T23:00:15","modified_gmt":"2025-07-12T23:00:15","slug":"ligue-1-un-espoir-de-chelsea-signe-au-rc-strasbourg","status":"publish","type":"post","link":"https:\/\/www.europesays.com\/fr\/245919\/","title":{"rendered":"Ligue 1. Un espoir de Chelsea signe au RC Strasbourg"},"content":{"rendered":"<p>Mathis Amougou va retrouver la Ligue 1. Le milieu de terrain, form\u00e9 \u00e0 l<a href=\"https:\/\/www.ledauphine.com\/sport\/asse-as-saint-etienne\" target=\"_blank\" rel=\"noopener\">\u2019AS Saint-\u00c9tienne<\/a>, est la troisi\u00e8me recrue du RC Strasbourg. Avant un bref passage \u00e0 Chelsea, l\u2019espoir de 19 ans avait fait ses preuves avec les Verts en jouant 17 matchs en Ligue 1 lors de la saison 2024-2025.<\/p>\n<p>Recrut\u00e9 15 millions d\u2019euros par <a href=\"https:\/\/www.ledauphine.com\/sport\/2025\/07\/08\/mondial-des-clubs-grace-a-un-double-de-joao-pedro-chelsea-domine-fluminense-et-rejoint-la-finale\" target=\"_blank\" rel=\"noopener\">Chelsea<\/a> \u00e0 l\u2019hiver 2025, il n\u2019a disput\u00e9 que deux rencontres avec les Blues. Il revient donc dans l\u2019Hexagone cinq mois apr\u00e8s son d\u00e9part pour l&rsquo;Angleterre, m\u00eame s&rsquo;il est encore indirectement dans le giron de club londonien, car le RC Strasbourg poss\u00e8de le m\u00eame actionnaire que Chelsea.<\/p>\n<p>Selon <a href=\"https:\/\/www.lequipe.fr\/Football\/Actualites\/Strasbourg-officialise-l-arrivee-de-mathis-amougou-en-provenance-de-chelsea\/1577507\" target=\"_blank\" rel=\"noopener\">L&rsquo;\u00c9quipe<\/a>, les Blues d\u00e9tiennent une clause de rachat sur le contrat de l&rsquo;international fran\u00e7ais U19, dont le bail en Alsace court jusqu&rsquo;en 2030.<\/p>\n","protected":false},"excerpt":{"rendered":"Mathis Amougou va retrouver la Ligue 1. Le milieu de terrain, form\u00e9 \u00e0 l\u2019AS Saint-\u00c9tienne, est la troisi\u00e8me&hellip;\n","protected":false},"author":2,"featured_media":245920,"comment_status":"","ping_status":"","sticky":false,"template":"","format":"standard","meta":{"footnotes":""},"categories":[2820],"tags":[1111,11,9443,112,1777,674,1701,63,1011,27,775,7020,3367,12,25,517,640],"class_list":{"0":"post-245919","1":"post","2":"type-post","3":"status-publish","4":"format-standard","5":"has-post-thumbnail","7":"category-strasbourg","8":"tag-actu","9":"tag-actualites","10":"tag-asse-as-saint-etienne","11":"tag-edition-grenoble-agglomeration","12":"tag-eu","13":"tag-europe","14":"tag-fil-info-sport","15":"tag-football","16":"tag-fr","17":"tag-france","18":"tag-grand-est","19":"tag-ligue-1-football","20":"tag-loire","21":"tag-news","22":"tag-republique-francaise","23":"tag-sport","24":"tag-strasbourg"},"share_on_mastodon":{"url":"https:\/\/pubeurope.com\/@fr\/114842751644040029","error":""},"_links":{"self":[{"href":"https:\/\/www.europesays.com\/fr\/wp-json\/wp\/v2\/posts\/245919","targetHints":{"allow":["GET"]}}],"collection":[{"href":"https:\/\/www.europesays.com\/fr\/wp-json\/wp\/v2\/posts"}],"about":[{"href":"https:\/\/www.europesays.com\/fr\/wp-json\/wp\/v2\/types\/post"}],"author":[{"embeddable":true,"href":"https:\/\/www.europesays.com\/fr\/wp-json\/wp\/v2\/users\/2"}],"replies":[{"embeddable":true,"href":"https:\/\/www.europesays.com\/fr\/wp-json\/wp\/v2\/comments?post=245919"}],"version-history":[{"count":0,"href":"https:\/\/www.europesays.com\/fr\/wp-json\/wp\/v2\/posts\/245919\/revisions"}],"wp:featuredmedia":[{"embeddable":true,"href":"https:\/\/www.europesays.com\/fr\/wp-json\/wp\/v2\/media\/245920"}],"wp:attachment":[{"href":"https:\/\/www.europesays.com\/fr\/wp-json\/wp\/v2\/media?parent=245919"}],"wp:term":[{"taxonomy":"category","embeddable":true,"href":"https:\/\/www.europesays.com\/fr\/wp-json\/wp\/v2\/categories?post=245919"},{"taxonomy":"post_tag","embeddable":true,"href":"https:\/\/www.europesays.com\/fr\/wp-json\/wp\/v2\/tags?post=245919"}],"curies":[{"name":"wp","href":"https:\/\/api.w.org\/{rel}","templated":true}]}}