{"id":245921,"date":"2025-07-12T23:01:11","date_gmt":"2025-07-12T23:01:11","guid":{"rendered":"https:\/\/www.europesays.com\/fr\/245921\/"},"modified":"2025-07-12T23:01:11","modified_gmt":"2025-07-12T23:01:11","slug":"sensations-fortes-et-rafraichissement-nos-suggestions-dactivites-dans-larriere-pays-de-nice-pour-lete-2025","status":"publish","type":"post","link":"https:\/\/www.europesays.com\/fr\/245921\/","title":{"rendered":"Sensations fortes et rafra\u00eechissement: nos suggestions d\u2019activit\u00e9s dans l\u2019arri\u00e8re-pays de Nice pour l\u2019\u00e9t\u00e9 2025"},"content":{"rendered":"<p>Un \u00e9t\u00e9 qui prend de la hauteur, tant au niveau des paysages que du ressenti. Des sensations fortes. C\u2019est la promesse de l\u2019offre estivale du Syndicat Mixte pour le d\u00e9veloppement de la vall\u00e9e de la V\u00e9subie et du Valdeblore (Pure Montagne) en juillet-ao\u00fbt (1). Voici quelques suggestions.<\/p>\n<p><strong>1. \u00c0 pas de loup dans le Bor\u00e9on<\/strong><\/p>\n<p>Le parc Alpha f\u00eate ses vingt ans d\u2019existence. Une belle surprise attend les visiteurs: une nouvelle meute de loups blancs vient d\u2019arriver. Au programme de ce site unique: observation des loups, mais aussi bouquetins et animaux de la petite ferme p\u00e9dagogique, ateliers et animations, spectacle de chiens de berger, possibilit\u00e9 de devenir \u00ab\u00a0soigneur d\u2019un jour\u00a0\u00bb le week-end\u2026<\/p>\n<p>Visite libre tous les jours, de 10 \u00e0 17h.<\/p>\n<p><strong>2. On prend de la hauteur \u00e0 La Colmiane<\/strong><\/p>\n<p>La tyrolienne g\u00e9ante va donner des ailes aux amateurs de voltige \u00e0 La Colmiane. Avec, en plus, la fameuse luge d\u2019\u00e9t\u00e9, la via ferrata, l\u2019accrobranche, le minigolf, la piscine de la Bolline\u2026 Le plus: on peut immortaliser son passage sur la plus grande tyrolienne de France et sur la luge d\u2019\u00e9t\u00e9 slalomeuse gr\u00e2ce au nouveau syst\u00e8me de photo automatique et des bornes d\u2019impression install\u00e9es \u00e0 l\u2019arriv\u00e9e des activit\u00e9s.<\/p>\n<p>Tous les jours, de 10 \u00e0 17h.<\/p>\n<p><strong>3. \u00c0 l\u2019eau et dans l\u2019air \u00e0 Saint-Martin-V\u00e9subie<\/strong><\/p>\n<p>Le Ves\u00fabia Mountain Park propose tous les jours, de 9 \u00e0 20h, canyoning, escalade, grimpe ludique, parcours acrobatique en hauteur, piscine, sauna, hammam\u2026 Int\u00e9ressant: des stages de natation et de natation-escalade organis\u00e9s jusqu\u2019\u00e0 la fin ao\u00fbt (initiation et perfectionnement).<\/p>\n<p>Ouvert tous les jours de 10 \u00e0 20h.<\/p>\n<p>              <img ci-src=\"https:\/\/www.nicematin.com\/detente\/protec\/DATA_ART_15893028-PmHXSyj1.jpg?vh=61bb60&amp;ci_seal=be3dc87d7c\" alt=\"\"\/><br \/>\n        La tyrolienne de La Colmiane. Photo Pure Montagne <strong>Nice Matin.<\/strong> <\/p>\n<p>                                <strong>4. Baignade bio \u00e0 Roquebilli\u00e8re<\/strong><\/p>\n<p>Le nouveau bassin de baignade biologique attend les baigneurs avec une eau naturellement filtr\u00e9e, des jeux d\u2019eaux tout neufs, des espaces de d\u00e9tente ombrag\u00e9s.<\/p>\n<p>Ouvert tous les jours de 10 \u00e0 20h.<\/p>\n<p><strong>5. Ailleurs aussi, \u00e7a pulse<\/strong><\/p>\n<p>La panoplie tonique de Pure Montagne se compl\u00e8te avec des activit\u00e9s \u00e0 Turini Camp d\u2019Argent (luge tubing, karting, trottinette sur herbe, trampoline, jeux d\u2019enfants, location de v\u00e9los \u00e0 assistance \u00e9lectrique tous les jours de 13h30\u00e0 18h), Berthemont-les-Bains<b> <\/b>(spa du centre thermal tous les jours de 13h30\u00e0 18h30 avec piscines thermales, jacuzzi, hammam thermal, cabines de soins, salle de sport, cures tous les matins, sessions nocturnes avec d\u00eener inclus), \u00e0 Lantosque<b> <\/b>(via ferrata des canyons, tous les jours avec 3h30 de progression plus parcours adapt\u00e9 aux moins de 12 ans) ou encore \u00e0 Rimplas<b> <\/b>(escape game et jeu d\u2019aventure virtuel tous les jours, de 9h30\u00e0 17h, au c\u0153ur du fort de la Madeleine).<\/p>\n<p>\u00a0<\/p>\n<p>Pour profiter de l\u2019ensemble des 8 sites \u00e0 prix r\u00e9duit, le pass Pure Montagne est de retour permettant d\u2019acc\u00e9der \u00e0 huit activit\u00e9s avec une r\u00e9duction de plus de 40%. Toutes les informations sur Puremontagne.fr et les r\u00e9seaux sociaux @puremontagne.<\/p>\n","protected":false},"excerpt":{"rendered":"Un \u00e9t\u00e9 qui prend de la hauteur, tant au niveau des paysages que du ressenti. Des sensations fortes.&hellip;\n","protected":false},"author":2,"featured_media":245922,"comment_status":"","ping_status":"","sticky":false,"template":"","format":"standard","meta":{"footnotes":""},"categories":[2819],"tags":[1111,11,1777,674,1011,27,1393,12,2401,882,25],"class_list":{"0":"post-245921","1":"post","2":"type-post","3":"status-publish","4":"format-standard","5":"has-post-thumbnail","7":"category-nice","8":"tag-actu","9":"tag-actualites","10":"tag-eu","11":"tag-europe","12":"tag-fr","13":"tag-france","14":"tag-loisirs","15":"tag-news","16":"tag-nice","17":"tag-provence-alpes-cote-dazur","18":"tag-republique-francaise"},"share_on_mastodon":{"url":"https:\/\/pubeurope.com\/@fr\/114842755586494999","error":""},"_links":{"self":[{"href":"https:\/\/www.europesays.com\/fr\/wp-json\/wp\/v2\/posts\/245921","targetHints":{"allow":["GET"]}}],"collection":[{"href":"https:\/\/www.europesays.com\/fr\/wp-json\/wp\/v2\/posts"}],"about":[{"href":"https:\/\/www.europesays.com\/fr\/wp-json\/wp\/v2\/types\/post"}],"author":[{"embeddable":true,"href":"https:\/\/www.europesays.com\/fr\/wp-json\/wp\/v2\/users\/2"}],"replies":[{"embeddable":true,"href":"https:\/\/www.europesays.com\/fr\/wp-json\/wp\/v2\/comments?post=245921"}],"version-history":[{"count":0,"href":"https:\/\/www.europesays.com\/fr\/wp-json\/wp\/v2\/posts\/245921\/revisions"}],"wp:featuredmedia":[{"embeddable":true,"href":"https:\/\/www.europesays.com\/fr\/wp-json\/wp\/v2\/media\/245922"}],"wp:attachment":[{"href":"https:\/\/www.europesays.com\/fr\/wp-json\/wp\/v2\/media?parent=245921"}],"wp:term":[{"taxonomy":"category","embeddable":true,"href":"https:\/\/www.europesays.com\/fr\/wp-json\/wp\/v2\/categories?post=245921"},{"taxonomy":"post_tag","embeddable":true,"href":"https:\/\/www.europesays.com\/fr\/wp-json\/wp\/v2\/tags?post=245921"}],"curies":[{"name":"wp","href":"https:\/\/api.w.org\/{rel}","templated":true}]}}