{"id":245925,"date":"2025-07-12T23:05:13","date_gmt":"2025-07-12T23:05:13","guid":{"rendered":"https:\/\/www.europesays.com\/fr\/245925\/"},"modified":"2025-07-12T23:05:13","modified_gmt":"2025-07-12T23:05:13","slug":"previsions-du-dimanche-13-juillet-2025","status":"publish","type":"post","link":"https:\/\/www.europesays.com\/fr\/245925\/","title":{"rendered":"pr\u00e9visions du dimanche 13 juillet 2025"},"content":{"rendered":"<p>Aujourd&rsquo;hui, les valeurs s&rsquo;\u00e9chelonneront entre 17 et 32\u00b0C \u00e0 Nantes, un temps bel et bien de saison. Un vent de sud-ouest soufflera un peu, avec 18 km\/h. Des \u00e9claircies sont attendues : on passera une matin\u00e9e cl\u00e9mente. Les temp\u00e9ratures \u00e9volueront entre 22 et 31\u2009\u00b0C. L&rsquo;apr\u00e8s-midi qui s&rsquo;annonce, promet d&rsquo;\u00eatre beau et ensoleill\u00e9 ! Les importantes chaleurs sont pr\u00e9sentes. Avec des valeurs situ\u00e9es entre 23 et 32\u00b0C. L&rsquo;\u00e9t\u00e9 s&rsquo;est d\u00e9finitivement install\u00e9 puisque les temp\u00e9ratures iront de 23 \u00e0 32\u00b0C. Il fera environ 21\u00b0C, le soir. Le ciel sera limpide dans la nuit de dimanche \u00e0 lundi.<\/p>\n<p>C&rsquo;est un soleil splendide qui va briller demain sur Nantes. Les temp\u00e9ratures vont baisser de plusieurs degr\u00e9s. On anticipe des valeurs avoisinant 20\u00b0C. Un vent de sud-ouest, enregistrant 22 km\/h, soufflera. Il va faire 22\u00b0C en moyenne le matin. Il va faire chaud avec des temp\u00e9ratures qui afficheront entre 23 et 25\u00b0C pendant l&rsquo;apr\u00e8s-midi. Demain soir, la m\u00e9t\u00e9o sera ponctu\u00e9e par des pluies \u00e9parses.<\/p>\n<p>Le temps restera stable les prochains jours. Il fera 26\u00b0C en moyenne pour des journ\u00e9es avec une m\u00e9t\u00e9o ensoleill\u00e9e.<\/p>\n<p>Demain c&rsquo;est la c\u00e9l\u00e9bration de la f\u00eate nationale en France.<\/p>\n","protected":false},"excerpt":{"rendered":"Aujourd&rsquo;hui, les valeurs s&rsquo;\u00e9chelonneront entre 17 et 32\u00b0C \u00e0 Nantes, un temps bel et bien de saison. Un&hellip;\n","protected":false},"author":2,"featured_media":245926,"comment_status":"","ping_status":"","sticky":false,"template":"","format":"standard","meta":{"footnotes":""},"categories":[2818],"tags":[1111,11,1777,674,1011,27,3047,766,12,2636,2119,25],"class_list":{"0":"post-245925","1":"post","2":"type-post","3":"status-publish","4":"format-standard","5":"has-post-thumbnail","7":"category-nantes","8":"tag-actu","9":"tag-actualites","10":"tag-eu","11":"tag-europe","12":"tag-fr","13":"tag-france","14":"tag-loire-atlantique","15":"tag-nantes","16":"tag-news","17":"tag-pays-de-la-loire","18":"tag-previsions-meteo","19":"tag-republique-francaise"},"share_on_mastodon":{"url":"https:\/\/pubeurope.com\/@fr\/114842771289874945","error":""},"_links":{"self":[{"href":"https:\/\/www.europesays.com\/fr\/wp-json\/wp\/v2\/posts\/245925","targetHints":{"allow":["GET"]}}],"collection":[{"href":"https:\/\/www.europesays.com\/fr\/wp-json\/wp\/v2\/posts"}],"about":[{"href":"https:\/\/www.europesays.com\/fr\/wp-json\/wp\/v2\/types\/post"}],"author":[{"embeddable":true,"href":"https:\/\/www.europesays.com\/fr\/wp-json\/wp\/v2\/users\/2"}],"replies":[{"embeddable":true,"href":"https:\/\/www.europesays.com\/fr\/wp-json\/wp\/v2\/comments?post=245925"}],"version-history":[{"count":0,"href":"https:\/\/www.europesays.com\/fr\/wp-json\/wp\/v2\/posts\/245925\/revisions"}],"wp:featuredmedia":[{"embeddable":true,"href":"https:\/\/www.europesays.com\/fr\/wp-json\/wp\/v2\/media\/245926"}],"wp:attachment":[{"href":"https:\/\/www.europesays.com\/fr\/wp-json\/wp\/v2\/media?parent=245925"}],"wp:term":[{"taxonomy":"category","embeddable":true,"href":"https:\/\/www.europesays.com\/fr\/wp-json\/wp\/v2\/categories?post=245925"},{"taxonomy":"post_tag","embeddable":true,"href":"https:\/\/www.europesays.com\/fr\/wp-json\/wp\/v2\/tags?post=245925"}],"curies":[{"name":"wp","href":"https:\/\/api.w.org\/{rel}","templated":true}]}}