{"id":245927,"date":"2025-07-12T23:06:10","date_gmt":"2025-07-12T23:06:10","guid":{"rendered":"https:\/\/www.europesays.com\/fr\/245927\/"},"modified":"2025-07-12T23:06:10","modified_gmt":"2025-07-12T23:06:10","slug":"previsions-du-dimanche-13-juillet-2025-2","status":"publish","type":"post","link":"https:\/\/www.europesays.com\/fr\/245927\/","title":{"rendered":"pr\u00e9visions du dimanche 13 juillet 2025"},"content":{"rendered":"<p>Cette journ\u00e9e rimera avec beau soleil pour Bordeaux. Les temp\u00e9ratures s&rsquo;\u00e9chelonneront entre 18\u00b0C et 30\u00b0C. Les valeurs tourneront autour des 25\u00b0C dans la matin\u00e9e. Un vent de sud-ouest rafra\u00eechira l\u00e9g\u00e8rement l&rsquo;atmosph\u00e8re. L&rsquo;apr\u00e8s-midi, c&rsquo;est une hausse de quelques degr\u00e9s que vont enregistrer les temp\u00e9ratures. La ville va conna\u00eetre une vague de grosses chaleurs avec des temp\u00e9ratures qui atteindront parfois les 30\u00b0C. Les valeurs afficheront entre 27 et 30\u00b0C. Un vent d&rsquo;ouest est pr\u00e9vu : il soufflera \u00e0 20 km\/h. La soir\u00e9e sera marqu\u00e9e par des pluies \u00e9parses. Le ciel sera clair dans la nuit de dimanche \u00e0 lundi.<\/p>\n<p>Les nuages seront visibles demain \u00e0 Bordeaux. Une baisse des temp\u00e9ratures est attendue. Les valeurs seront comprises entre 17 et 28\u00b0C. Une l\u00e9g\u00e8re brise de nord-ouest sera ressentie par les habitants. Dans la matin\u00e9e, des pluies \u00e9parses sont attendues. Le soleil aura du mal \u00e0 percer au milieu de petits nuages qui persisteront dans l&rsquo;apr\u00e8s-midi. D&rsquo;un autre c\u00f4t\u00e9, les temp\u00e9ratures vont conna\u00eetre une augmentation de plusieurs degr\u00e9s. Les valeurs s&rsquo;\u00e9chelonneront entre 26 et 28\u00b0C. Il fera 22\u00b0C en moyenne demain soir.<\/p>\n<p>Les conditions m\u00e9t\u00e9orologiques des journ\u00e9es qui suivent vont s&rsquo;am\u00e9liorer. Le temps sera ensoleill\u00e9 avec des temp\u00e9ratures autour de 31\u00b0C.<\/p>\n<p>Demain, c&rsquo;est le jour de la f\u00eate nationale, pas de temps \u00e0 perdre ! Consultez les divers \u00e9v\u00e9nements organis\u00e9s \u00e0 proximit\u00e9 de chez vous et faites de cette c\u00e9l\u00e9bration une journ\u00e9e dont vous vous souviendrez !<\/p>\n","protected":false},"excerpt":{"rendered":"Cette journ\u00e9e rimera avec beau soleil pour Bordeaux. Les temp\u00e9ratures s&rsquo;\u00e9chelonneront entre 18\u00b0C et 30\u00b0C. Les valeurs tourneront&hellip;\n","protected":false},"author":2,"featured_media":245928,"comment_status":"","ping_status":"","sticky":false,"template":"","format":"standard","meta":{"footnotes":""},"categories":[2817],"tags":[1111,11,3177,1997,1777,674,1011,27,2905,12,2219,2119,25],"class_list":{"0":"post-245927","1":"post","2":"type-post","3":"status-publish","4":"format-standard","5":"has-post-thumbnail","7":"category-bordeaux","8":"tag-actu","9":"tag-actualites","10":"tag-aquitaine","11":"tag-bordeaux","12":"tag-eu","13":"tag-europe","14":"tag-fr","15":"tag-france","16":"tag-gironde","17":"tag-news","18":"tag-nouvelle-aquitaine","19":"tag-previsions-meteo","20":"tag-republique-francaise"},"share_on_mastodon":{"url":"https:\/\/pubeurope.com\/@fr\/114842775301505139","error":""},"_links":{"self":[{"href":"https:\/\/www.europesays.com\/fr\/wp-json\/wp\/v2\/posts\/245927","targetHints":{"allow":["GET"]}}],"collection":[{"href":"https:\/\/www.europesays.com\/fr\/wp-json\/wp\/v2\/posts"}],"about":[{"href":"https:\/\/www.europesays.com\/fr\/wp-json\/wp\/v2\/types\/post"}],"author":[{"embeddable":true,"href":"https:\/\/www.europesays.com\/fr\/wp-json\/wp\/v2\/users\/2"}],"replies":[{"embeddable":true,"href":"https:\/\/www.europesays.com\/fr\/wp-json\/wp\/v2\/comments?post=245927"}],"version-history":[{"count":0,"href":"https:\/\/www.europesays.com\/fr\/wp-json\/wp\/v2\/posts\/245927\/revisions"}],"wp:featuredmedia":[{"embeddable":true,"href":"https:\/\/www.europesays.com\/fr\/wp-json\/wp\/v2\/media\/245928"}],"wp:attachment":[{"href":"https:\/\/www.europesays.com\/fr\/wp-json\/wp\/v2\/media?parent=245927"}],"wp:term":[{"taxonomy":"category","embeddable":true,"href":"https:\/\/www.europesays.com\/fr\/wp-json\/wp\/v2\/categories?post=245927"},{"taxonomy":"post_tag","embeddable":true,"href":"https:\/\/www.europesays.com\/fr\/wp-json\/wp\/v2\/tags?post=245927"}],"curies":[{"name":"wp","href":"https:\/\/api.w.org\/{rel}","templated":true}]}}