{"id":245929,"date":"2025-07-12T23:07:33","date_gmt":"2025-07-12T23:07:33","guid":{"rendered":"https:\/\/www.europesays.com\/fr\/245929\/"},"modified":"2025-07-12T23:07:33","modified_gmt":"2025-07-12T23:07:33","slug":"pres-de-bordeaux-un-homme-retranche-chez-lui-tire-sur-les-gendarmes-avant-detre-interpelle","status":"publish","type":"post","link":"https:\/\/www.europesays.com\/fr\/245929\/","title":{"rendered":"Pr\u00e8s de Bordeaux, un homme retranch\u00e9 chez lui tire sur les gendarmes avant d&rsquo;\u00eatre interpell\u00e9"},"content":{"rendered":"<p>            Par<br \/>\n        <strong><br \/>\n            <a href=\"https:\/\/actu.fr\/auteur\/redaction-bordeaux\" title=\"Consulter tous les articles de R\u00e9daction Bordeaux\" rel=\"nofollow noopener\" target=\"_blank\">R\u00e9daction Bordeaux<\/a><br \/>\n        <\/strong><\/p>\n<p>        Publi\u00e9 le<\/p>\n<p>            11 juil. 2025 \u00e0 10h31<br \/>\n        ; mis \u00e0 jour le 11 juil. 2025 \u00e0 11h43    <\/p>\n<p><a href=\"https:\/\/www.sudouest.fr\/faits-divers\/info-sud-ouest-saint-jean-d-illac-un-forcene-tire-sur-les-gendarmes-et-est-interpelle-25201448.php?fbclid=IwY2xjawLdnq9leHRuA2FlbQIxMAABHtszUWizdaCA0UXiKXi6iLzexntN4VxAmE7YR1xWNG0E3e_yOSLSmeDenZ86_aem_zo7Pwq_6qMegGchGKriW1Q\" rel=\"nofollow noopener\" target=\"_blank\">Sud Ouest<\/a> rapporte qu\u2019un p\u00e9rim\u00e8tre de s\u00e9curit\u00e9 a \u00e9t\u00e9 mis en place autour des all\u00e9es Fernand-Buisson et L\u00e9on-Bourgeois, \u00e0 Saint-Jean-d\u2019Illac, en Gironde, durant toute la matin\u00e9e du jeudi 10\u00a0juillet, en raison de la pr\u00e9sence d\u2019<strong>un homme de 44\u00a0ans, arm\u00e9<\/strong>, et <a href=\"https:\/\/actu.fr\/nouvelle-aquitaine\/saint-pee-sur-nivelle_64495\/pays-basque-un-homme-arme-retranche-a-son-domicile-a-saint-pee-sur-nivelle_62411121.html\" rel=\"nofollow noopener\" target=\"_blank\">retranch\u00e9 \u00e0 son domicile<\/a>.<\/p>\n<p class=\" wall-content\">L\u2019information a \u00e9t\u00e9 confirm\u00e9e par la gendarmerie \u00e0 <a href=\"https:\/\/actu.fr\/bordeaux\/\" rel=\"nofollow noopener\" target=\"_blank\">actu Bordeaux<\/a>.\u00a0<\/p>\n<p class=\" wall-content\">Nos confr\u00e8res rapportent que le forcen\u00e9 a tir\u00e9 en direction des gendarmes qui sont arriv\u00e9s peu apr\u00e8s 9\u00a0heures. Malgr\u00e9 les ripostes, il n\u2019y a eu <strong>aucun bless\u00e9<\/strong> et le quadrag\u00e9naire a pu \u00eatre interpell\u00e9 en fin de matin\u00e9e.<\/p>\n<p>Deux enqu\u00eates en cours<\/p>\n<p class=\" wall-content\">Deux enqu\u00eates ont \u00e9t\u00e9 ouvertes\u2009: une a \u00e9t\u00e9 confi\u00e9e \u00e0 la brigade des recherches pour les tirs en direction des gendarmes, tandis que la Section de recherches a \u00e9t\u00e9 charg\u00e9e d\u2019<strong>examiner les circonstances<\/strong> dans lesquelles les militaires du Psig de M\u00e9rignac ont fait usage de leurs armes.<\/p>\n<p class=\" wall-content\">Suivez toute l\u2019actualit\u00e9 de vos villes et m\u00e9dias favoris en vous inscrivant \u00e0 <a href=\"https:\/\/moncompte.actu.fr\" title=\"D\u00e9couvez Mon Actu\" rel=\"nofollow noopener\" data-trk=\"{&quot;cta&quot;:{&quot;action&quot;:&quot;https:\\\/\\\/moncompte.actu.fr&quot;,&quot;category&quot;:&quot;mon compte&quot;,&quot;from&quot;:&quot;article footer&quot;,&quot;name&quot;:&quot;Mon actu&quot;,&quot;type&quot;:&quot;cta&quot;}}\" target=\"_blank\">Mon Actu<\/a>.<\/p>\n","protected":false},"excerpt":{"rendered":"Par R\u00e9daction Bordeaux Publi\u00e9 le 11 juil. 2025 \u00e0 10h31 ; mis \u00e0 jour le 11 juil. 2025&hellip;\n","protected":false},"author":2,"featured_media":245930,"comment_status":"","ping_status":"","sticky":false,"template":"","format":"standard","meta":{"footnotes":""},"categories":[2817],"tags":[1111,11,1997,1777,674,118,1011,27,3381,12,2219,25],"class_list":{"0":"post-245929","1":"post","2":"type-post","3":"status-publish","4":"format-standard","5":"has-post-thumbnail","7":"category-bordeaux","8":"tag-actu","9":"tag-actualites","10":"tag-bordeaux","11":"tag-eu","12":"tag-europe","13":"tag-faits-divers","14":"tag-fr","15":"tag-france","16":"tag-gendarmerie","17":"tag-news","18":"tag-nouvelle-aquitaine","19":"tag-republique-francaise"},"share_on_mastodon":{"url":"https:\/\/pubeurope.com\/@fr\/114842779160675273","error":""},"_links":{"self":[{"href":"https:\/\/www.europesays.com\/fr\/wp-json\/wp\/v2\/posts\/245929","targetHints":{"allow":["GET"]}}],"collection":[{"href":"https:\/\/www.europesays.com\/fr\/wp-json\/wp\/v2\/posts"}],"about":[{"href":"https:\/\/www.europesays.com\/fr\/wp-json\/wp\/v2\/types\/post"}],"author":[{"embeddable":true,"href":"https:\/\/www.europesays.com\/fr\/wp-json\/wp\/v2\/users\/2"}],"replies":[{"embeddable":true,"href":"https:\/\/www.europesays.com\/fr\/wp-json\/wp\/v2\/comments?post=245929"}],"version-history":[{"count":0,"href":"https:\/\/www.europesays.com\/fr\/wp-json\/wp\/v2\/posts\/245929\/revisions"}],"wp:featuredmedia":[{"embeddable":true,"href":"https:\/\/www.europesays.com\/fr\/wp-json\/wp\/v2\/media\/245930"}],"wp:attachment":[{"href":"https:\/\/www.europesays.com\/fr\/wp-json\/wp\/v2\/media?parent=245929"}],"wp:term":[{"taxonomy":"category","embeddable":true,"href":"https:\/\/www.europesays.com\/fr\/wp-json\/wp\/v2\/categories?post=245929"},{"taxonomy":"post_tag","embeddable":true,"href":"https:\/\/www.europesays.com\/fr\/wp-json\/wp\/v2\/tags?post=245929"}],"curies":[{"name":"wp","href":"https:\/\/api.w.org\/{rel}","templated":true}]}}