{"id":245935,"date":"2025-07-12T23:10:11","date_gmt":"2025-07-12T23:10:11","guid":{"rendered":"https:\/\/www.europesays.com\/fr\/245935\/"},"modified":"2025-07-12T23:10:11","modified_gmt":"2025-07-12T23:10:11","slug":"previsions-du-dimanche-13-juillet-2025-3","status":"publish","type":"post","link":"https:\/\/www.europesays.com\/fr\/245935\/","title":{"rendered":"pr\u00e9visions du dimanche 13 juillet 2025"},"content":{"rendered":"<p>Aujourd&rsquo;hui, Lille se retrouvera sous des temp\u00e9ratures d&rsquo;environ 20\u00b0C. Une modeste brise de nord sera ressentie par les habitants. Le soleil sera dominant, la garantie d&rsquo;une magnifique matin\u00e9e ! Le ciel va l\u00e9g\u00e8rement se d\u00e9gager dans l&rsquo;apr\u00e8s-midi avec des \u00e9claircies. Les temp\u00e9ratures vont monter de quelques degr\u00e9s. Les valeurs s&rsquo;\u00e9chelonneront de 25 \u00e0 26\u00b0C. Le soir, on anticipe des temp\u00e9ratures avoisinant 23\u00b0C. On pr\u00e9voit une nuit claire entre dimanche et lundi.<\/p>\n<p>Demain, c&rsquo;est une hausse de quelques degr\u00e9s que vont enregistrer les temp\u00e9ratures dans la ville de Lille. Il fera 22\u00b0C en moyenne. Un vent de sud-ouest rafra\u00eechira sensiblement l&rsquo;atmosph\u00e8re. Le soleil sera au rendez-vous : une belle matin\u00e9e se pr\u00e9sente ! Demain apr\u00e8s-midi, l&rsquo;apparition du soleil sera retard\u00e9e par quelques nuages. Le temps sera marqu\u00e9 par des pluies \u00e9parses. Les valeurs seront comprises entre 24\u00b0C et 25\u00b0C. Des \u00e9claircies appara\u00eetront dans la soir\u00e9e.<\/p>\n<p>La m\u00e9t\u00e9o restera stable les jours \u00e0 venir. Un ciel ensoleill\u00e9, pour des temp\u00e9ratures de 24\u00b0C en moyenne, est attendu.<\/p>\n<p>Il y a 230 ans avait lieu la Prise de la Bastille puis, un an plus tard, la F\u00eate de la F\u00e9d\u00e9ration. Demain, c\u00e9l\u00e9brons ces \u00e9v\u00e9nements historiques en ce jour de f\u00eate nationale !<\/p>\n","protected":false},"excerpt":{"rendered":"Aujourd&rsquo;hui, Lille se retrouvera sous des temp\u00e9ratures d&rsquo;environ 20\u00b0C. Une modeste brise de nord sera ressentie par les&hellip;\n","protected":false},"author":2,"featured_media":245936,"comment_status":"","ping_status":"","sticky":false,"template":"","format":"standard","meta":{"footnotes":""},"categories":[2815],"tags":[1111,11,1777,674,1011,27,811,1307,12,1308,1309,2119,25],"class_list":{"0":"post-245935","1":"post","2":"type-post","3":"status-publish","4":"format-standard","5":"has-post-thumbnail","7":"category-lille","8":"tag-actu","9":"tag-actualites","10":"tag-eu","11":"tag-europe","12":"tag-fr","13":"tag-france","14":"tag-hauts-de-france","15":"tag-lille","16":"tag-news","17":"tag-nord","18":"tag-nord-pas-de-calais","19":"tag-previsions-meteo","20":"tag-republique-francaise"},"share_on_mastodon":{"url":"https:\/\/pubeurope.com\/@fr\/114842790956353149","error":""},"_links":{"self":[{"href":"https:\/\/www.europesays.com\/fr\/wp-json\/wp\/v2\/posts\/245935","targetHints":{"allow":["GET"]}}],"collection":[{"href":"https:\/\/www.europesays.com\/fr\/wp-json\/wp\/v2\/posts"}],"about":[{"href":"https:\/\/www.europesays.com\/fr\/wp-json\/wp\/v2\/types\/post"}],"author":[{"embeddable":true,"href":"https:\/\/www.europesays.com\/fr\/wp-json\/wp\/v2\/users\/2"}],"replies":[{"embeddable":true,"href":"https:\/\/www.europesays.com\/fr\/wp-json\/wp\/v2\/comments?post=245935"}],"version-history":[{"count":0,"href":"https:\/\/www.europesays.com\/fr\/wp-json\/wp\/v2\/posts\/245935\/revisions"}],"wp:featuredmedia":[{"embeddable":true,"href":"https:\/\/www.europesays.com\/fr\/wp-json\/wp\/v2\/media\/245936"}],"wp:attachment":[{"href":"https:\/\/www.europesays.com\/fr\/wp-json\/wp\/v2\/media?parent=245935"}],"wp:term":[{"taxonomy":"category","embeddable":true,"href":"https:\/\/www.europesays.com\/fr\/wp-json\/wp\/v2\/categories?post=245935"},{"taxonomy":"post_tag","embeddable":true,"href":"https:\/\/www.europesays.com\/fr\/wp-json\/wp\/v2\/tags?post=245935"}],"curies":[{"name":"wp","href":"https:\/\/api.w.org\/{rel}","templated":true}]}}